{"id":120014,"date":"2024-09-12T12:36:50","date_gmt":"2024-09-12T15:36:50","guid":{"rendered":"https:\/\/www.actualidadadiario.com\/?p=120014"},"modified":"2024-09-12T12:37:02","modified_gmt":"2024-09-12T15:37:02","slug":"la-imagen-positiva-de-milei-cayo-mas-de-10-puntos-desde-marzo","status":"publish","type":"post","link":"https:\/\/www.actualidadadiario.com\/index.php\/2024\/09\/12\/la-imagen-positiva-de-milei-cayo-mas-de-10-puntos-desde-marzo\/","title":{"rendered":"La imagen positiva de Milei cay\u00f3 m\u00e1s de 10 puntos desde marzo"},"content":{"rendered":"<p style=\"text-align: center;\"><em><strong>Tambi\u00e9n se desplom\u00f3 la confianza en que el libertario pueda liderar esta etapa pol\u00edtica. Pas\u00f3 de 45,7% en marzo a 28,9% en septiembre seg\u00fan la consultora Circuitos<\/strong><\/em><\/p>\n<p>&nbsp;<\/p>\n<p>&nbsp;<\/p>\n<p>Un trabajo de la consultora Circuitos da cuenta que la imagen positiva de Javier Milei sigue en baja desde marzo. Ese mes registr\u00f3 su nivel de popularidad m\u00e1s alto, con 50,7%, pero desde entonces su imagen no para de caer llegando a septiembre con 40,5%.<\/p>\n<p>Circuitos, la consultora de Pablo Rom\u00e1, difundi\u00f3 este mi\u00e9rcoles dos trabajos. Uno realizado a nivel nacional y otro focalizado en la Ciudad de Buenos Aires y 24 distritos del conurbano bonaerense.<\/p>\n<p>En el desagregado, un 31,2% tiene una imagen muy mala de Milei, un 15,1% tiene una imagen mala y un 12,7 dice tener una imagen regular. Por la positiva, el 24,9% de los encuestados tienen una imagen buena del Presidente, mientras que el 15,6% tiene una imagen muy buena.<\/p>\n<p>Tambi\u00e9n se desplom\u00f3 la confianza de la poblaci\u00f3n en que Milei pueda liderar esta nueva etapa pol\u00edtica. En marzo el 45,7% de los encuestados aseguraban tener mucha confianza. Ese porcentaje cay\u00f3 al 28,9% en septiembre.<\/p>\n<p>&#8220;Lo que se puede ver es una p\u00e9rdida de entusiasmo. Un desplazamiento de la opini\u00f3n p\u00fablica hacia posiciones un poco m\u00e1s expectantes, tomando mayor distancia del gobierno&#8221;, dijo Pablo Rom\u00e1, director de Circuitos.<\/p>\n<p>Para Rom\u00e1 el n\u00facleo opositor se mantiene consolidado, pero baja el segmento m\u00e1s ligado al oficialismo y crece el sector moderado. Adem\u00e1s, detalla que esto se puede ver en el segmento de los j\u00f3venes.<\/p>\n<p>Respecto de la econom\u00eda, m\u00e1s del 50% de los encuestados tiene una visi\u00f3n pesimista sobre la situaci\u00f3n actual del pa\u00eds. Un 26,5% considera que la situaci\u00f3n es regular y el 22,2% tiene una visi\u00f3n positiva. En tanto, el 43,9% cree que la situaci\u00f3n econ\u00f3mica va a empeorar en los pr\u00f3ximos meses, mientras que apenas un 32,2% cree que puede mejorar.<\/p>\n<p>Respecto de qui\u00e9nes son los principales afectados por las medidas econ\u00f3micas del gobierno, el 57,2% dice que son los trabajadores. El 17,2% dice que la m\u00e1s afectada es la casta pol\u00edtica, el 6,7% dice que son los grandes empresarios y el 10,6% las peque\u00f1as empresas y comerciantes.<\/p>\n<p>El 29,3% de los encuestados dice haber votado a Milei en las elecciones de octubre. De ese porcentaje, el 59,2% dice que lo volver\u00eda a votar, mientras que el 8,9% dice que no lo volver\u00eda a votar. En tanto, el 31,9% restante dice no saber si lo volver\u00eda a votar o no.<\/p>\n<p>El trabajo realizado sobre el AMBA consulta a los encuestados sobre quien puede ser el referente de la oposici\u00f3n. El 32,1% se inclina por Cristina Kirchner, el 23,2% por Sergio Massa y el 20,1% por Axel Kicillof. Le siguen Guillermo Moreno (16,3), Mirian Bregman (4,6) y Mart\u00edn Losuteau (1,6).<\/p>\n<p>Un dato curioso es que si tienen que elegir una figura dentro del gobierno, el 28,6% de los encuestados dice identificarse con Victoria Villarruel. Le siguen Patricia Bullrich (19,4), Karina Milei (9,5), Manuel Adorni (8,8), Santiago Caputo (7,1), Jos\u00e9 Luis Espert (5,9) y Luis Caputo (2,1). Muchos encuestados esquivaron responder a la pregunta, por lo que la respuesta \u2018A\u00fan no lo sabe&#8217; alcanz\u00f3 17,9%.<\/p>\n","protected":false},"excerpt":{"rendered":"<p>Tambi\u00e9n se desplom\u00f3 la confianza en que el libertario pueda liderar esta etapa pol\u00edtica. Pas\u00f3 de 45,7% en marzo a 28,9% en septiembre seg\u00fan la consultora Circuitos &nbsp; &nbsp; Un trabajo de la consultora Circuitos da cuenta que la imagen positiva de Javier Milei sigue en baja desde marzo. Ese mes registr\u00f3 su nivel de popularidad m\u00e1s alto, con 50,7%, pero desde entonces su imagen no para de caer llegando a septiembre con 40,5%. Circuitos, la consultora de Pablo Rom\u00e1, difundi\u00f3 este mi\u00e9rcoles dos trabajos. Uno realizado a nivel nacional&#8230;<\/p>\n","protected":false},"author":3,"featured_media":115254,"comment_status":"closed","ping_status":"closed","sticky":false,"template":"","format":"standard","meta":[],"categories":[9],"tags":[],"_links":{"self":[{"href":"https:\/\/www.actualidadadiario.com\/index.php\/wp-json\/wp\/v2\/posts\/120014"}],"collection":[{"href":"https:\/\/www.actualidadadiario.com\/index.php\/wp-json\/wp\/v2\/posts"}],"about":[{"href":"https:\/\/www.actualidadadiario.com\/index.php\/wp-json\/wp\/v2\/types\/post"}],"author":[{"embeddable":true,"href":"https:\/\/www.actualidadadiario.com\/index.php\/wp-json\/wp\/v2\/users\/3"}],"replies":[{"embeddable":true,"href":"https:\/\/www.actualidadadiario.com\/index.php\/wp-json\/wp\/v2\/comments?post=120014"}],"version-history":[{"count":2,"href":"https:\/\/www.actualidadadiario.com\/index.php\/wp-json\/wp\/v2\/posts\/120014\/revisions"}],"predecessor-version":[{"id":120016,"href":"https:\/\/www.actualidadadiario.com\/index.php\/wp-json\/wp\/v2\/posts\/120014\/revisions\/120016"}],"wp:featuredmedia":[{"embeddable":true,"href":"https:\/\/www.actualidadadiario.com\/index.php\/wp-json\/wp\/v2\/media\/115254"}],"wp:attachment":[{"href":"https:\/\/www.actualidadadiario.com\/index.php\/wp-json\/wp\/v2\/media?parent=120014"}],"wp:term":[{"taxonomy":"category","embeddable":true,"href":"https:\/\/www.actualidadadiario.com\/index.php\/wp-json\/wp\/v2\/categories?post=120014"},{"taxonomy":"post_tag","embeddable":true,"href":"https:\/\/www.actualidadadiario.com\/index.php\/wp-json\/wp\/v2\/tags?post=120014"}],"curies":[{"name":"wp","href":"https:\/\/api.w.org\/{rel}","templated":true}]}}