{"id":12001,"date":"2017-05-23T09:56:17","date_gmt":"2017-05-23T12:56:17","guid":{"rendered":"http:\/\/actualidadadiario.com\/site\/?p=12001"},"modified":"2017-05-23T09:56:17","modified_gmt":"2017-05-23T12:56:17","slug":"presentan-en-el-congreso-proyecto-para-poner-tope-al-precio-de-la-leche","status":"publish","type":"post","link":"https:\/\/www.actualidadadiario.com\/index.php\/2017\/05\/23\/presentan-en-el-congreso-proyecto-para-poner-tope-al-precio-de-la-leche\/","title":{"rendered":"Presentan en el Congreso proyecto para poner tope al precio de la leche"},"content":{"rendered":"<p><em><strong>El movimiento Barrios de Pie y organizaciones de defensa al consumidor presentar\u00e1n ma\u00f1ana en la C\u00e1mara de Diputados un proyecto de ley que apunta a fijar un precio m\u00e1ximo a la leche, conforme a la baja en el consumo de ese alimento b\u00e1sico<\/strong><\/em><\/p>\n<p>&nbsp;<\/p>\n<p>&nbsp;<\/p>\n<p>&nbsp;<\/p>\n<p>La cita ser\u00e1 a las 16.30 en la sala 7 del anexo de la C\u00e1mara baja y contar\u00e1 con la presencia del autor del proyecto, el diputado de Libres del Sur Federico Masso, el coordinador nacional de Barrios de Pie, Daniel Men\u00e9ndez, el referente de la ONG Consumidores Libres, H\u00e9ctor Polino, la presidenta de ADECUA, Sandra Gonz\u00e1lez, y el director del ISEPCi, Isaac Rudnik.<\/p>\n<p>&nbsp;<\/p>\n<p>El art\u00edculo 1 del proyecto establece que el precio de la leche &#8220;no podr\u00e1 exceder el 0.13% del Salario M\u00ednimo Vital y M\u00f3vil&#8221;, esto es unos diez pesos el litro, cerca de la mitad de lo que en promedio cuesta el producto en las g\u00f3ndolas.<\/p>\n<p>&nbsp;<\/p>\n<p>Adem\u00e1s, precisa que &#8220;la leche fluida entera o descremada deber\u00e1 contener menos de 50.000 bacterias\/ml y ser ultra pasteurizada y homogeneizada&#8221;.<\/p>\n<p>&nbsp;<\/p>\n<p>En el art\u00edculo 3, el texto advierte que en caso de incumplimiento, al infractor ser\u00e1 pasible de la aplicaci\u00f3n de las sanciones previstas en la Ley 20.680 de Abastecimiento.<\/p>\n<p>&nbsp;<\/p>\n<p>Barrios de Pie, que la semana pasada llev\u00f3 a cabo una serie de cortes para visibilizar el reclamo por una ley de Emergencia Alimentaria m\u00e1s abarcativa, viene alertando hace tiempo de la baja en el consumo de leche, que de acuerdo a datos oficiales de la Subsecretar\u00eda de Lecher\u00eda del Ministerio de Agroindustria de la Naci\u00f3n cay\u00f3 un nueve por ciento en 2016 respecto del 2015.<\/p>\n<p>&nbsp;<\/p>\n<p>&#8220;Entre otras problem\u00e1ticas sociales, podemos afirmar que el consumo de leche est\u00e1 en los niveles m\u00e1s bajos desde la crisis del 2001, y esto repercute en los niveles nutricionales, perjudicando especialmente a los sectores m\u00e1s humildes&#8221;, recalc\u00f3 Men\u00e9ndez en un comunicado.<\/p>\n<p>&nbsp;<\/p>\n<p>En este sentido, exhort\u00f3 a la dirigencia pol\u00edtica a comprometerse en la aprobaci\u00f3n de &#8220;medidas que resguarden el bolsillo de los que menos tienen, para que toda la sociedad pueda acceder a alimentos nutritivos&#8221;.<\/p>\n<p>&nbsp;<\/p>\n<p>El mi\u00e9rcoles pasado, militantes de Barrios de Pie desarrollaron una jornada de protesta con ollas populares y cortes en distintos puntos de ingreso a la Ciudad de Buenos Aires, con el prop\u00f3sito de denunciar la &#8220;malnutrici\u00f3n de ni\u00f1os&#8221; que asisten a comedores infantiles y para que se declare por ley la &#8220;emergencia alimentaria&#8221; en el pa\u00eds.<\/p>\n<p>&nbsp;<\/p>\n<p>La organizaci\u00f3n reclama que el Congreso avance con el tratamiento de un proyecto que ya tiene un borrador en el que trabaj\u00f3 el propio Masso y que plantea, entre otras cosas, la creaci\u00f3n de un Consejo Nacional que haga un estudio permanente de la situaci\u00f3n nutricional de los ni\u00f1os en las diferentes partes de la Argentina, y que tambi\u00e9n se cree un esquema de tutores que acompa\u00f1en a las familias donde se encuentren casos de malnutrici\u00f3n. .<\/p>\n<p>&nbsp;<\/p>\n<p>Adem\u00e1s, el escrito propone facultar al Ministerio de Desarrollo Social y al de Salud para que garanticen la alimentaci\u00f3n b\u00e1sica de los menores de hasta 14 a\u00f1os que se encuentren en situaci\u00f3n de vulnerabilidad o que sufran de malnutrici\u00f3n.<\/p>\n<p>&nbsp;<\/p>\n<p>Bajo estas coordenadas, dirigentes de Barrios de Pie y de Libres del Sur iniciaron una ronda de reuniones con diputados y senadores oficialistas y opositores para avanzar en una propuesta de consenso con posibilidades de llegar a buen puerto.<\/p>\n","protected":false},"excerpt":{"rendered":"<p>El movimiento Barrios de Pie y organizaciones de defensa al consumidor presentar\u00e1n ma\u00f1ana en la C\u00e1mara de Diputados un proyecto de ley que apunta a fijar un precio m\u00e1ximo a la leche, conforme a la baja en el consumo de ese alimento b\u00e1sico &nbsp; &nbsp; &nbsp; La cita ser\u00e1 a las 16.30 en la sala 7 del anexo de la C\u00e1mara baja y contar\u00e1 con la presencia del autor del proyecto, el diputado de Libres del Sur Federico Masso, el coordinador nacional de Barrios de Pie, Daniel Men\u00e9ndez, el referente&#8230;<\/p>\n","protected":false},"author":3,"featured_media":12002,"comment_status":"closed","ping_status":"closed","sticky":false,"template":"","format":"standard","meta":[],"categories":[18],"tags":[],"_links":{"self":[{"href":"https:\/\/www.actualidadadiario.com\/index.php\/wp-json\/wp\/v2\/posts\/12001"}],"collection":[{"href":"https:\/\/www.actualidadadiario.com\/index.php\/wp-json\/wp\/v2\/posts"}],"about":[{"href":"https:\/\/www.actualidadadiario.com\/index.php\/wp-json\/wp\/v2\/types\/post"}],"author":[{"embeddable":true,"href":"https:\/\/www.actualidadadiario.com\/index.php\/wp-json\/wp\/v2\/users\/3"}],"replies":[{"embeddable":true,"href":"https:\/\/www.actualidadadiario.com\/index.php\/wp-json\/wp\/v2\/comments?post=12001"}],"version-history":[{"count":1,"href":"https:\/\/www.actualidadadiario.com\/index.php\/wp-json\/wp\/v2\/posts\/12001\/revisions"}],"predecessor-version":[{"id":12003,"href":"https:\/\/www.actualidadadiario.com\/index.php\/wp-json\/wp\/v2\/posts\/12001\/revisions\/12003"}],"wp:featuredmedia":[{"embeddable":true,"href":"https:\/\/www.actualidadadiario.com\/index.php\/wp-json\/wp\/v2\/media\/12002"}],"wp:attachment":[{"href":"https:\/\/www.actualidadadiario.com\/index.php\/wp-json\/wp\/v2\/media?parent=12001"}],"wp:term":[{"taxonomy":"category","embeddable":true,"href":"https:\/\/www.actualidadadiario.com\/index.php\/wp-json\/wp\/v2\/categories?post=12001"},{"taxonomy":"post_tag","embeddable":true,"href":"https:\/\/www.actualidadadiario.com\/index.php\/wp-json\/wp\/v2\/tags?post=12001"}],"curies":[{"name":"wp","href":"https:\/\/api.w.org\/{rel}","templated":true}]}}