{"id":120003,"date":"2024-09-12T11:38:08","date_gmt":"2024-09-12T14:38:08","guid":{"rendered":"https:\/\/www.actualidadadiario.com\/?p=120003"},"modified":"2024-09-12T11:38:08","modified_gmt":"2024-09-12T14:38:08","slug":"pymes-industriales-alertaron-por-nueva-caida-de-la-produccion-en-agosto","status":"publish","type":"post","link":"https:\/\/www.actualidadadiario.com\/index.php\/2024\/09\/12\/pymes-industriales-alertaron-por-nueva-caida-de-la-produccion-en-agosto\/","title":{"rendered":"Pymes industriales alertaron por nueva ca\u00edda de la producci\u00f3n en agosto"},"content":{"rendered":"<p style=\"text-align: center;\"><em><strong>Industriales Pymes Argentinas (IPA) se\u00f1al\u00f3 que la producci\u00f3n en las f\u00e1bricas cay\u00f3 en agosto y parte de septiembre debido a la ca\u00edda sostenida en el consumo masivo<\/strong><\/em><\/p>\n<p>&nbsp;<\/p>\n<p>&nbsp;<\/p>\n<p>Industriales Pymes Argentinos (IPA) alert\u00f3 que durante los meses de agosto y septiembre la producci\u00f3n fabril volvi\u00f3 a mostrar signos de ca\u00edda, ante un nuevo declive en las ventas en el rubro consumo masivo, principalmente, lo que provoc\u00f3 \u201cm\u00e1s incertidumbre\u201d en las pymes.<\/p>\n<p>El \u00faltimo informe del Observatorio IPA se\u00f1al\u00f3 que en junio se registr\u00f3 un piso de la actividad, con un rebote en julio, aunque con la \u201cpeligrosidad\u201d de la instalaci\u00f3n de un \u201camesetamiento\u201d para el segundo semestre.<\/p>\n<p>\u201cEl mercado est\u00e1 planchado. Durante la primera semana de agosto comenz\u00f3 a caer nuevamente la demanda y eso lo estamos registrando en los pedidos y la falta de producci\u00f3n en las f\u00e1bricas. No estamos viendo un repunte sostenido en el consumo masivo, por lo que podr\u00edamos estar frente a un pronunciado amesetamiento de la actividad\u201d, afirm\u00f3 Daniel Rosato, titular de IPA.<\/p>\n<p>El presidente de IPA descart\u00f3 una \u201creactivaci\u00f3n\u201d. Y explic\u00f3: \u201cLa nueva ca\u00edda se debe a los \u00faltimos aumentos de energ\u00eda, con un mercado que da se\u00f1ales negativas, sin reactivaci\u00f3n, y que muestra un nuevo descenso, aunque sea leve. Durante julio hubo una expectativa positiva, por efecto en el consumo del aguinaldo de medio a\u00f1o, pero ya en agosto y en lo que va de septiembre, las ventas volvieron a mostrar retracci\u00f3n\u201d.<\/p>\n<p>Rosato explic\u00f3 que \u201cla suba de los precios de energ\u00eda, tanto en gas, como en electricidad, golpe\u00f3 al poder adquisitivo de los trabajadores, lo que provoc\u00f3 un aumento en la inflaci\u00f3n que debieron afrontar los hogares\u201d. \u201cPor otro lado, las empresas vieron aumentados sus costos, lo que se tradujo en aumentos en los precios, en el menor de los casos, y p\u00e9rdida de rentabilidad\u201d, se\u00f1al\u00f3.<\/p>\n<p>El informe del Observatorio IPA, realizado por Pablo Bercovich y Mart\u00edn Kalos, destac\u00f3 que \u201cjunio parecer\u00eda haber marcado un piso para la actividad econ\u00f3mica\u201d. &#8220;En junio, la construcci\u00f3n comenz\u00f3 a rebotar; mientras que industria, comercio, intermediaci\u00f3n financiera y varios otros sectores desaceleraron su depresi\u00f3n. Es probable que en julio comience, ahora s\u00ed, un amesetamiento generalizado; con algunos rebotes que se sumen a los tres sectores en verde (agro, Oil&amp;Gas, miner\u00eda) para que el EMAE en promedio marque una suba\u201d.<\/p>\n<p>&nbsp;<\/p>\n<p><strong>Industria pyme: los \u00faltimos datos de CAME<\/strong><\/p>\n<p>La actividad manufacturera de las pymes cay\u00f3 17,8% anual en julio y acumula una retracci\u00f3n de 18,6% en los siete meses del a\u00f1o frente al mismo per\u00edodo de 2023. En la comparaci\u00f3n mensual desestacionalizada la producci\u00f3n baj\u00f3 1,8%. Las pymes trabajaron en julio con el 60,6% de su capacidad instalada (en junio hab\u00eda sido el 60,1%). Seg\u00fan la Confederaci\u00f3n Argentina de la Mediana Empresa (CAME), el 19,3% de las peque\u00f1as y medianas empresas tuvo dificultades para pagar salarios.<\/p>\n<p>Es el octavo mes consecutivo en ca\u00edda (contando diciembre), en un mercado donde los precios se han estabilizado pero la p\u00e9rdida de poder adquisitivo contin\u00faa afectando la demanda interna. Este escenario se agrava por las dificultades en el acceso al financiamiento y los altos costos operativos, lo que coloca a muchas pymes en una situaci\u00f3n dif\u00edcil y con m\u00e1rgenes de rentabilidad estrechos.<\/p>\n","protected":false},"excerpt":{"rendered":"<p>Industriales Pymes Argentinas (IPA) se\u00f1al\u00f3 que la producci\u00f3n en las f\u00e1bricas cay\u00f3 en agosto y parte de septiembre debido a la ca\u00edda sostenida en el consumo masivo &nbsp; &nbsp; Industriales Pymes Argentinos (IPA) alert\u00f3 que durante los meses de agosto y septiembre la producci\u00f3n fabril volvi\u00f3 a mostrar signos de ca\u00edda, ante un nuevo declive en las ventas en el rubro consumo masivo, principalmente, lo que provoc\u00f3 \u201cm\u00e1s incertidumbre\u201d en las pymes. El \u00faltimo informe del Observatorio IPA se\u00f1al\u00f3 que en junio se registr\u00f3 un piso de la actividad, con&#8230;<\/p>\n","protected":false},"author":3,"featured_media":105886,"comment_status":"closed","ping_status":"closed","sticky":false,"template":"","format":"standard","meta":[],"categories":[2],"tags":[],"_links":{"self":[{"href":"https:\/\/www.actualidadadiario.com\/index.php\/wp-json\/wp\/v2\/posts\/120003"}],"collection":[{"href":"https:\/\/www.actualidadadiario.com\/index.php\/wp-json\/wp\/v2\/posts"}],"about":[{"href":"https:\/\/www.actualidadadiario.com\/index.php\/wp-json\/wp\/v2\/types\/post"}],"author":[{"embeddable":true,"href":"https:\/\/www.actualidadadiario.com\/index.php\/wp-json\/wp\/v2\/users\/3"}],"replies":[{"embeddable":true,"href":"https:\/\/www.actualidadadiario.com\/index.php\/wp-json\/wp\/v2\/comments?post=120003"}],"version-history":[{"count":1,"href":"https:\/\/www.actualidadadiario.com\/index.php\/wp-json\/wp\/v2\/posts\/120003\/revisions"}],"predecessor-version":[{"id":120004,"href":"https:\/\/www.actualidadadiario.com\/index.php\/wp-json\/wp\/v2\/posts\/120003\/revisions\/120004"}],"wp:featuredmedia":[{"embeddable":true,"href":"https:\/\/www.actualidadadiario.com\/index.php\/wp-json\/wp\/v2\/media\/105886"}],"wp:attachment":[{"href":"https:\/\/www.actualidadadiario.com\/index.php\/wp-json\/wp\/v2\/media?parent=120003"}],"wp:term":[{"taxonomy":"category","embeddable":true,"href":"https:\/\/www.actualidadadiario.com\/index.php\/wp-json\/wp\/v2\/categories?post=120003"},{"taxonomy":"post_tag","embeddable":true,"href":"https:\/\/www.actualidadadiario.com\/index.php\/wp-json\/wp\/v2\/tags?post=120003"}],"curies":[{"name":"wp","href":"https:\/\/api.w.org\/{rel}","templated":true}]}}