{"id":120001,"date":"2024-09-12T11:37:31","date_gmt":"2024-09-12T14:37:31","guid":{"rendered":"https:\/\/www.actualidadadiario.com\/?p=120001"},"modified":"2024-09-12T11:37:31","modified_gmt":"2024-09-12T14:37:31","slug":"cambios-en-la-tarjeta-alimentar-se-amplia-a-mas-beneficiarios-y-aumentan-el-monto","status":"publish","type":"post","link":"https:\/\/www.actualidadadiario.com\/index.php\/2024\/09\/12\/cambios-en-la-tarjeta-alimentar-se-amplia-a-mas-beneficiarios-y-aumentan-el-monto\/","title":{"rendered":"Cambios en la Tarjeta Alimentar: se ampl\u00eda a m\u00e1s beneficiarios y aumentan el monto"},"content":{"rendered":"<p style=\"text-align: center;\"><em><strong>El Gobierno dispuso ampliar el rango etario de los beneficiarios que pueden acceder a la prestaci\u00f3n, elevando el l\u00edmite de 14 a 17 a\u00f1os. \u00bfCu\u00e1nto cobrar\u00e1n los beneficiarios desde octubre?<\/strong><\/em><\/p>\n<p>&nbsp;<\/p>\n<p>&nbsp;<\/p>\n<p>El Gobierno confirm\u00f3 el aumento en los montos de la Tarjeta Alimentar para octubre y dispuso ampliar el rango etario de los beneficiarios que pueden acceder a la prestaci\u00f3n, elevando el l\u00edmite de 14 a 17 a\u00f1os.<\/p>\n<p>La modificaci\u00f3n del requisito etario para recibir el beneficio y el incremento en los valores se comunic\u00f3 este mi\u00e9rcoles mediante la Resoluci\u00f3n 636\/2024 del Ministerio de Capital Humano, publicada en el Bolet\u00edn Oficial.<\/p>\n<p>Con respecto a la ampliaci\u00f3n del grupo que podr\u00e1n calificar para obtener la asistencia, el Ejecutivo consider\u00f3 en el texto oficial que &#8220;resulta imprescindible ampliar el rango etario de los destinatarios hasta la edad de 17 a\u00f1os, a fin de poder brindar la mencionada prestaci\u00f3n social a un mayor n\u00famero de familias en situaci\u00f3n de vulnerabilidad social, en pos de contribuir a su seguridad alimentaria en el marco de la emergencia alimentaria y nutricional por la que viene atravesando nuestro pa\u00eds&#8221;.<\/p>\n<p>En este sentido dispuso que &#8220;corresponde arbitrar los mecanismos conducentes para adecuar la normativa vigente con la finalidad de lograr ampliar el universo de beneficiarios&#8221;, modificando el segundo p\u00e1rrafo del apartado 2) de los Lineamientos Operativos del Plan Nacional &#8220;Argentina contra el Hambre&#8221;, en el que se enmarca la Tarjeta Alimentar.<\/p>\n<p>De esta manera, el texto modificado precisa que &#8220;se priorizar\u00e1n aquellos hogares con ni\u00f1os, ni\u00f1as y adolescentes hasta 17 a\u00f1os inclusive, mujeres embarazadas, madres y padres de hijos con discapacidad, estos sin l\u00edmite de edad, y madres con siete o m\u00e1s hijos; y que perciban respectivamente a trav\u00e9s de la Administraci\u00f3n Nacional de la Seguridad Social (ANSES) las siguientes asignaciones no contributivas: Asignaci\u00f3n Universal por Hijo, Asignaci\u00f3n Universal por Embarazo para Protecci\u00f3n Social, Asignaci\u00f3n por Hijo con Discapacidad, Pensi\u00f3n no contributiva para Madre de siete o m\u00e1s hijos&#8221;<\/p>\n<p>Al mismo tiempo, la norma oficializ\u00f3 los aumentos en los valores de la prestaci\u00f3n anunciados por la cartera que conduce Sandra Pettovello a principios de mes, a trav\u00e9s de un comunicado en el que se destac\u00f3 que &#8220;el Programa Alimentar aument\u00f3 un 138% desde el comienzo de la gesti\u00f3n&#8221;.<\/p>\n<p>De esta manera, los nuevos montos a percibir en octubre por los hogares inscriptos con un hijo\/a de 0 a 17 a\u00f1os pasar\u00e1 a ser de $52.250; en aquellas familias que tengan dos hijos\/as de 0 a 17 a\u00f1os el beneficio alcanzar\u00e1 los $81.936; y para las casas en donde hubiera tres o m\u00e1s hijos\/as de 0 a 17 a\u00f1os, la prestaci\u00f3n otorgar\u00e1 un total de $108.062 mensuales.<\/p>\n<p>En cuanto a la Asignaci\u00f3n Universal por Hijo (AUH) y la asignaci\u00f3n por embarazo para protecci\u00f3n social (AxE), desde Capital Humano remarcan que &#8220;aumentaron un 308% entre diciembre de 2023 y septiembre de 2024, pasando de un importe de $20.661 en diciembre de 2023 a $84.275 en septiembre de 2024&#8221;.<\/p>\n<p>Asimismo, sostuvieron que &#8220;en noviembre de 2023, con una inflaci\u00f3n del 13% mensual, la suma de la AUH y la Tarjeta Alimentar cubr\u00eda el 65% de la canasta b\u00e1sica. Hoy ambas prestaciones cubren el 99% de la canasta b\u00e1sica alimentaria (seg\u00fan datos del IPC. INDEC- \u00faltimo dato disponible Julio 2024)&#8221;.<\/p>\n","protected":false},"excerpt":{"rendered":"<p>El Gobierno dispuso ampliar el rango etario de los beneficiarios que pueden acceder a la prestaci\u00f3n, elevando el l\u00edmite de 14 a 17 a\u00f1os. \u00bfCu\u00e1nto cobrar\u00e1n los beneficiarios desde octubre? &nbsp; &nbsp; El Gobierno confirm\u00f3 el aumento en los montos de la Tarjeta Alimentar para octubre y dispuso ampliar el rango etario de los beneficiarios que pueden acceder a la prestaci\u00f3n, elevando el l\u00edmite de 14 a 17 a\u00f1os. La modificaci\u00f3n del requisito etario para recibir el beneficio y el incremento en los valores se comunic\u00f3 este mi\u00e9rcoles mediante la&#8230;<\/p>\n","protected":false},"author":3,"featured_media":100177,"comment_status":"closed","ping_status":"closed","sticky":false,"template":"","format":"standard","meta":[],"categories":[2],"tags":[],"_links":{"self":[{"href":"https:\/\/www.actualidadadiario.com\/index.php\/wp-json\/wp\/v2\/posts\/120001"}],"collection":[{"href":"https:\/\/www.actualidadadiario.com\/index.php\/wp-json\/wp\/v2\/posts"}],"about":[{"href":"https:\/\/www.actualidadadiario.com\/index.php\/wp-json\/wp\/v2\/types\/post"}],"author":[{"embeddable":true,"href":"https:\/\/www.actualidadadiario.com\/index.php\/wp-json\/wp\/v2\/users\/3"}],"replies":[{"embeddable":true,"href":"https:\/\/www.actualidadadiario.com\/index.php\/wp-json\/wp\/v2\/comments?post=120001"}],"version-history":[{"count":1,"href":"https:\/\/www.actualidadadiario.com\/index.php\/wp-json\/wp\/v2\/posts\/120001\/revisions"}],"predecessor-version":[{"id":120002,"href":"https:\/\/www.actualidadadiario.com\/index.php\/wp-json\/wp\/v2\/posts\/120001\/revisions\/120002"}],"wp:featuredmedia":[{"embeddable":true,"href":"https:\/\/www.actualidadadiario.com\/index.php\/wp-json\/wp\/v2\/media\/100177"}],"wp:attachment":[{"href":"https:\/\/www.actualidadadiario.com\/index.php\/wp-json\/wp\/v2\/media?parent=120001"}],"wp:term":[{"taxonomy":"category","embeddable":true,"href":"https:\/\/www.actualidadadiario.com\/index.php\/wp-json\/wp\/v2\/categories?post=120001"},{"taxonomy":"post_tag","embeddable":true,"href":"https:\/\/www.actualidadadiario.com\/index.php\/wp-json\/wp\/v2\/tags?post=120001"}],"curies":[{"name":"wp","href":"https:\/\/api.w.org\/{rel}","templated":true}]}}