{"id":119997,"date":"2024-09-12T11:35:11","date_gmt":"2024-09-12T14:35:11","guid":{"rendered":"https:\/\/www.actualidadadiario.com\/?p=119997"},"modified":"2024-09-12T11:36:52","modified_gmt":"2024-09-12T14:36:52","slug":"inflacion-se-acelero-al-42-en-agosto-se-acerca-al-100-en-lo-que-va-del-ano","status":"publish","type":"post","link":"https:\/\/www.actualidadadiario.com\/index.php\/2024\/09\/12\/inflacion-se-acelero-al-42-en-agosto-se-acerca-al-100-en-lo-que-va-del-ano\/","title":{"rendered":"Inflaci\u00f3n: se aceler\u00f3 al 4,2% en agosto, se acerca al 100% en lo que va del a\u00f1o"},"content":{"rendered":"<p style=\"text-align: center;\"><em><strong>La inflaci\u00f3n de agosto subi\u00f3 con respecto a julio y no perfor\u00f3 el 4%, como vend\u00eda &#8220;Toto&#8221; Caputo. Se ubic\u00f3 en el 4,2% y en el acumulado del mandato de Milei menos diciembre roz\u00f3 el 95%, seg\u00fan el INDEC. Vivienda, agua, electricidad y combustibles, lo que m\u00e1s aument\u00f3<\/strong><\/em><\/p>\n<p>&nbsp;<\/p>\n<p>&nbsp;<\/p>\n<p>La inflaci\u00f3n de agosto se aceler\u00f3 al 4,2% con respecto al mes previo y no logr\u00f3 perforar el tan ansiado 4%, como vend\u00eda Luis &#8220;Toto&#8221; Caputo.\u00a0 De hecho, se ubic\u00f3 por encima del Relevamiento de Expectativas del Mercado (REM) que publica el Banco Central. En el acumulado del a\u00f1o roz\u00f3 el 95%.<\/p>\n<p>Vivienda, agua, electricidad y combustibles avanz\u00f3 7% en agosto y encabez\u00f3 las alzas de los segmentos. Seg\u00fan el Instituto Nacional de Estad\u00edstica y Censos de la Rep\u00fablica Argentina (INDEC), se debi\u00f3 a las subas en los costos de alquiler, agua, electricidad, gas y combustibles. Le sigui\u00f3 educaci\u00f3n que avanz\u00f3 6,6% por el alza en los distintos niveles y tipos de ense\u00f1anza; y transporte con el 5,1% por la suba en las tarifas en el transporte p\u00fablico.<\/p>\n<p>La divisi\u00f3n con mayor incidencia en todas las regiones \u2013excepto en la regi\u00f3n GBA\u2013 fue Alimentos y bebidas no alcoh\u00f3licas (3,6%), donde se destacaron en algunas regiones los aumentos de Carnes y derivados y, en otras, las subas en Verduras, tub\u00e9rculos y legumbres. En la regi\u00f3n GBA, la mayor incidencia la tuvo Transporte (5,1%) por los incrementos en el transporte p\u00fablico.<\/p>\n<p>Las dos divisiones que registraron las menores variaciones en agosto fueron Prendas de vestir y calzado (2,1%) y Bienes y servicios varios (2,3%).<\/p>\n<p>A nivel de las categor\u00edas, Regulados (5,9%) lider\u00f3 el incremento \u2013por las subas en las tarifas de servicios p\u00fablicos\u2013, seguida el IPC n\u00facleo (4,1%), mientras que los Estacionales aumentaron un 1,5%.<\/p>\n","protected":false},"excerpt":{"rendered":"<p>La inflaci\u00f3n de agosto subi\u00f3 con respecto a julio y no perfor\u00f3 el 4%, como vend\u00eda &#8220;Toto&#8221; Caputo. Se ubic\u00f3 en el 4,2% y en el acumulado del mandato de Milei menos diciembre roz\u00f3 el 95%, seg\u00fan el INDEC. Vivienda, agua, electricidad y combustibles, lo que m\u00e1s aument\u00f3 &nbsp; &nbsp; La inflaci\u00f3n de agosto se aceler\u00f3 al 4,2% con respecto al mes previo y no logr\u00f3 perforar el tan ansiado 4%, como vend\u00eda Luis &#8220;Toto&#8221; Caputo.\u00a0 De hecho, se ubic\u00f3 por encima del Relevamiento de Expectativas del Mercado (REM) que&#8230;<\/p>\n","protected":false},"author":3,"featured_media":115023,"comment_status":"closed","ping_status":"closed","sticky":false,"template":"","format":"standard","meta":[],"categories":[9],"tags":[],"_links":{"self":[{"href":"https:\/\/www.actualidadadiario.com\/index.php\/wp-json\/wp\/v2\/posts\/119997"}],"collection":[{"href":"https:\/\/www.actualidadadiario.com\/index.php\/wp-json\/wp\/v2\/posts"}],"about":[{"href":"https:\/\/www.actualidadadiario.com\/index.php\/wp-json\/wp\/v2\/types\/post"}],"author":[{"embeddable":true,"href":"https:\/\/www.actualidadadiario.com\/index.php\/wp-json\/wp\/v2\/users\/3"}],"replies":[{"embeddable":true,"href":"https:\/\/www.actualidadadiario.com\/index.php\/wp-json\/wp\/v2\/comments?post=119997"}],"version-history":[{"count":1,"href":"https:\/\/www.actualidadadiario.com\/index.php\/wp-json\/wp\/v2\/posts\/119997\/revisions"}],"predecessor-version":[{"id":119998,"href":"https:\/\/www.actualidadadiario.com\/index.php\/wp-json\/wp\/v2\/posts\/119997\/revisions\/119998"}],"wp:featuredmedia":[{"embeddable":true,"href":"https:\/\/www.actualidadadiario.com\/index.php\/wp-json\/wp\/v2\/media\/115023"}],"wp:attachment":[{"href":"https:\/\/www.actualidadadiario.com\/index.php\/wp-json\/wp\/v2\/media?parent=119997"}],"wp:term":[{"taxonomy":"category","embeddable":true,"href":"https:\/\/www.actualidadadiario.com\/index.php\/wp-json\/wp\/v2\/categories?post=119997"},{"taxonomy":"post_tag","embeddable":true,"href":"https:\/\/www.actualidadadiario.com\/index.php\/wp-json\/wp\/v2\/tags?post=119997"}],"curies":[{"name":"wp","href":"https:\/\/api.w.org\/{rel}","templated":true}]}}