{"id":119993,"date":"2024-09-12T10:49:52","date_gmt":"2024-09-12T13:49:52","guid":{"rendered":"https:\/\/www.actualidadadiario.com\/?p=119993"},"modified":"2024-09-12T10:49:52","modified_gmt":"2024-09-12T13:49:52","slug":"desde-iosper-manifestaron-preocupacion-por-la-mayor-tasa-de-uso-de-medicamentos","status":"publish","type":"post","link":"https:\/\/www.actualidadadiario.com\/index.php\/2024\/09\/12\/desde-iosper-manifestaron-preocupacion-por-la-mayor-tasa-de-uso-de-medicamentos\/","title":{"rendered":"Desde IOSPER manifestaron preocupaci\u00f3n por la mayor tasa de uso de medicamentos"},"content":{"rendered":"<p style=\"text-align: center;\"><em><strong>El director de la obra social dijo que se registra \u201cuna mayor demanda de medicamentos\u00a0 por parte de los afiliados. La cantidad de recetas es desmesurada y por eso, la situaci\u00f3n es realmente preocupante\u201d<\/strong><\/em><\/p>\n<p>&nbsp;<\/p>\n<p>&nbsp;<\/p>\n<p>El presupuesto asignado para este a\u00f1o en el Instituto de Obra Social de la Provincia de Entre R\u00edos (IOSPER), se vio afectado por salto del 118,88% del d\u00f3lar oficial en diciembre de 2023 y el crecimiento en el costo de medicamentos, adem\u00e1s de observarse un aumento en el consumo.<\/p>\n<p>En este aspecto, desde la obra social, se mostraron preocupados: \u201cObservamos una mayor demanda de medicamentos por parte de los afiliados. La cantidad de recetas es desmesurada y por eso, la situaci\u00f3n es realmente preocupante\u201d, dijo el presidente del Directorio Obrero, Fernando Ca\u00f1ete.<\/p>\n<p>Seg\u00fan explic\u00f3, alarma la mayor tasa de uso de medicamentos. \u201cSi hay tanta demanda es porque IOSPER, o tiene mayor cantidad de afiliados enfermos o se debe a la evoluci\u00f3n constante y permanente de algunos prescriptores que, sin importarles el costo de los medicamentos, siguen prescribiendo por marca y no por la droga gen\u00e9rica\u201d.<\/p>\n<p>Ca\u00f1ete marc\u00f3 que la devaluaci\u00f3n del 120% en diciembre de 2023, afect\u00f3 directamente a la Obra Social, lo que influy\u00f3 directamente sobre el costo de los medicamentos.<\/p>\n<p>\u201cSi se analiza la variaci\u00f3n interanual de los medicamentos (agosto-23 a agosto-24) fue del 292,29 por ciento, mientras que el incremento en la totalidad de los recursos de la Obra Social en el mismo per\u00edodo fue del 158,65 por ciento\u201d, a lo que se suma que en la actualidad, \u201chay una mayor demanda de medicamentos por parte de los afiliados, lo que se refleja en la cantidad de recetas que ingresan diariamente. Basta mencionar que, en agosto-24 hay 19.365 recetas m\u00e1s que en agosto-23, es decir, en cantidad de recetas hubo un incremento del 15 por ciento en igual mes de 2024 con respecto a 2023\u201d.<\/p>\n<p>Igualmente advirti\u00f3 sobre la irracionalidad en el aumento del costo de los medicamentos. \u201cDesde diciembre de 2023 tuvo que reasignar partidas para cubrir medicamentos de alt\u00edsimo costo para un grupo muy reducido de afiliados, y otros insumos como implantes cocleares, bombas de insulina y procesadores de habla. Eso altera cualquier presupuesto\u201d.<\/p>\n<p>Por \u00faltimo, explic\u00f3 que a partir de la nueva realidad en la Argentina que rige desde diciembre de 2023, \u201cocurrieron muchas cosas con los ciudadanos. Por ejemplo, quienes antes pod\u00edan pagar una prepaga y tener a IOSPER como segunda opci\u00f3n, perdieron capacidad financiera. Ahora ya no tienen la prepaga, y s\u00f3lo IOSPER los contiene\u201d.<\/p>\n","protected":false},"excerpt":{"rendered":"<p>El director de la obra social dijo que se registra \u201cuna mayor demanda de medicamentos\u00a0 por parte de los afiliados. La cantidad de recetas es desmesurada y por eso, la situaci\u00f3n es realmente preocupante\u201d &nbsp; &nbsp; El presupuesto asignado para este a\u00f1o en el Instituto de Obra Social de la Provincia de Entre R\u00edos (IOSPER), se vio afectado por salto del 118,88% del d\u00f3lar oficial en diciembre de 2023 y el crecimiento en el costo de medicamentos, adem\u00e1s de observarse un aumento en el consumo. En este aspecto, desde la&#8230;<\/p>\n","protected":false},"author":3,"featured_media":89526,"comment_status":"closed","ping_status":"closed","sticky":false,"template":"","format":"standard","meta":[],"categories":[15],"tags":[],"_links":{"self":[{"href":"https:\/\/www.actualidadadiario.com\/index.php\/wp-json\/wp\/v2\/posts\/119993"}],"collection":[{"href":"https:\/\/www.actualidadadiario.com\/index.php\/wp-json\/wp\/v2\/posts"}],"about":[{"href":"https:\/\/www.actualidadadiario.com\/index.php\/wp-json\/wp\/v2\/types\/post"}],"author":[{"embeddable":true,"href":"https:\/\/www.actualidadadiario.com\/index.php\/wp-json\/wp\/v2\/users\/3"}],"replies":[{"embeddable":true,"href":"https:\/\/www.actualidadadiario.com\/index.php\/wp-json\/wp\/v2\/comments?post=119993"}],"version-history":[{"count":1,"href":"https:\/\/www.actualidadadiario.com\/index.php\/wp-json\/wp\/v2\/posts\/119993\/revisions"}],"predecessor-version":[{"id":119994,"href":"https:\/\/www.actualidadadiario.com\/index.php\/wp-json\/wp\/v2\/posts\/119993\/revisions\/119994"}],"wp:featuredmedia":[{"embeddable":true,"href":"https:\/\/www.actualidadadiario.com\/index.php\/wp-json\/wp\/v2\/media\/89526"}],"wp:attachment":[{"href":"https:\/\/www.actualidadadiario.com\/index.php\/wp-json\/wp\/v2\/media?parent=119993"}],"wp:term":[{"taxonomy":"category","embeddable":true,"href":"https:\/\/www.actualidadadiario.com\/index.php\/wp-json\/wp\/v2\/categories?post=119993"},{"taxonomy":"post_tag","embeddable":true,"href":"https:\/\/www.actualidadadiario.com\/index.php\/wp-json\/wp\/v2\/tags?post=119993"}],"curies":[{"name":"wp","href":"https:\/\/api.w.org\/{rel}","templated":true}]}}