{"id":119987,"date":"2024-09-12T10:45:54","date_gmt":"2024-09-12T13:45:54","guid":{"rendered":"https:\/\/www.actualidadadiario.com\/?p=119987"},"modified":"2024-09-12T10:45:54","modified_gmt":"2024-09-12T13:45:54","slug":"el-consejo-empresario-apoyo-el-rini-y-considero-que-va-a-potenciar-la-inversion-en-entre-rios","status":"publish","type":"post","link":"https:\/\/www.actualidadadiario.com\/index.php\/2024\/09\/12\/el-consejo-empresario-apoyo-el-rini-y-considero-que-va-a-potenciar-la-inversion-en-entre-rios\/","title":{"rendered":"El Consejo Empresario apoy\u00f3 el RINI y consider\u00f3 que va a potenciar la inversi\u00f3n en Entre R\u00edos"},"content":{"rendered":"<p style=\"text-align: center;\"><em><strong>En una nota dirigida al gobernador Rogelio Frigerio, desde el Consejo Empresario de Entre R\u00edos se expres\u00f3 el &#8220;firme respaldo&#8221; al R\u00e9gimen de Incentivo a las Nuevas Inversiones provincial (RINI) y al R\u00e9gimen de Incentivo a las Grandes Inversiones nacional (RINI)<\/strong><\/em><\/p>\n<p>&nbsp;<\/p>\n<p>&nbsp;<\/p>\n<p>&#8220;Creemos que estos reg\u00edmenes representan una significativa apuesta por el crecimiento y la modernizaci\u00f3n de nuestra econom\u00eda, brindando herramientas y beneficios que potenciar\u00e1n la inversi\u00f3n en nuestra provincia, fortalecer\u00e1n el tejido productivo y mejorar\u00e1n la competitividad de las empresas locales&#8221;, se analiz\u00f3 desde la entidad.<\/p>\n<p>&#8220;Consideramos que el RINI facilitar\u00e1 la entrada de nuevas inversiones, promoviendo un entorno favorable para el establecimiento de proyectos que generen empleo y dinamismo econ\u00f3mico&#8221;, a\u00f1adieron, acerca del r\u00e9gimen de inversiones que impulsa el Poder Ejecutivo a trav\u00e9s de un proyecto de ley que ya cuenta con media sanci\u00f3n de la C\u00e1mara de Diputados.<\/p>\n<p>En cuanto al RIGI, r\u00e9gimen nacional al cual el gobierno provincial apunta a adherir, desde el Consejo Empresario valoraron que &#8220;permitir\u00e1 que Entre R\u00edos entre en consideraci\u00f3n para la radicaci\u00f3n de grandes inversiones que puedan llevarse a cabo en el pa\u00eds&#8221;.<\/p>\n<p>&#8220;Estos reg\u00edmenes ofrecen un marco de previsibilidad, crucial para el crecimiento continuo del sector empresarial, el cual es fundamental para la creaci\u00f3n de empleo privado y el desarrollo de la sociedad&#8221;, apuntaron.<\/p>\n<p>Por \u00faltimo, desde el Consejo Empresario, ratificaron: &#8220;Apoyamos el impulso de estos proyectos del gobierno provincial y reiteramos nuestro apoyo a su implementaci\u00f3n&#8221;.<\/p>\n","protected":false},"excerpt":{"rendered":"<p>En una nota dirigida al gobernador Rogelio Frigerio, desde el Consejo Empresario de Entre R\u00edos se expres\u00f3 el &#8220;firme respaldo&#8221; al R\u00e9gimen de Incentivo a las Nuevas Inversiones provincial (RINI) y al R\u00e9gimen de Incentivo a las Grandes Inversiones nacional (RINI) &nbsp; &nbsp; &#8220;Creemos que estos reg\u00edmenes representan una significativa apuesta por el crecimiento y la modernizaci\u00f3n de nuestra econom\u00eda, brindando herramientas y beneficios que potenciar\u00e1n la inversi\u00f3n en nuestra provincia, fortalecer\u00e1n el tejido productivo y mejorar\u00e1n la competitividad de las empresas locales&#8221;, se analiz\u00f3 desde la entidad. &#8220;Consideramos que&#8230;<\/p>\n","protected":false},"author":3,"featured_media":119988,"comment_status":"closed","ping_status":"closed","sticky":false,"template":"","format":"standard","meta":[],"categories":[15],"tags":[],"_links":{"self":[{"href":"https:\/\/www.actualidadadiario.com\/index.php\/wp-json\/wp\/v2\/posts\/119987"}],"collection":[{"href":"https:\/\/www.actualidadadiario.com\/index.php\/wp-json\/wp\/v2\/posts"}],"about":[{"href":"https:\/\/www.actualidadadiario.com\/index.php\/wp-json\/wp\/v2\/types\/post"}],"author":[{"embeddable":true,"href":"https:\/\/www.actualidadadiario.com\/index.php\/wp-json\/wp\/v2\/users\/3"}],"replies":[{"embeddable":true,"href":"https:\/\/www.actualidadadiario.com\/index.php\/wp-json\/wp\/v2\/comments?post=119987"}],"version-history":[{"count":1,"href":"https:\/\/www.actualidadadiario.com\/index.php\/wp-json\/wp\/v2\/posts\/119987\/revisions"}],"predecessor-version":[{"id":119989,"href":"https:\/\/www.actualidadadiario.com\/index.php\/wp-json\/wp\/v2\/posts\/119987\/revisions\/119989"}],"wp:featuredmedia":[{"embeddable":true,"href":"https:\/\/www.actualidadadiario.com\/index.php\/wp-json\/wp\/v2\/media\/119988"}],"wp:attachment":[{"href":"https:\/\/www.actualidadadiario.com\/index.php\/wp-json\/wp\/v2\/media?parent=119987"}],"wp:term":[{"taxonomy":"category","embeddable":true,"href":"https:\/\/www.actualidadadiario.com\/index.php\/wp-json\/wp\/v2\/categories?post=119987"},{"taxonomy":"post_tag","embeddable":true,"href":"https:\/\/www.actualidadadiario.com\/index.php\/wp-json\/wp\/v2\/tags?post=119987"}],"curies":[{"name":"wp","href":"https:\/\/api.w.org\/{rel}","templated":true}]}}