{"id":119984,"date":"2024-09-12T10:44:47","date_gmt":"2024-09-12T13:44:47","guid":{"rendered":"https:\/\/www.actualidadadiario.com\/?p=119984"},"modified":"2024-09-12T10:44:47","modified_gmt":"2024-09-12T13:44:47","slug":"la-camara-de-diputados-comenzo-a-debatir-la-reforma-electoral","status":"publish","type":"post","link":"https:\/\/www.actualidadadiario.com\/index.php\/2024\/09\/12\/la-camara-de-diputados-comenzo-a-debatir-la-reforma-electoral\/","title":{"rendered":"La C\u00e1mara de Diputados comenz\u00f3 a debatir la reforma electoral"},"content":{"rendered":"<p style=\"text-align: center;\"><em><strong>Los legisladores llevaron adelante la primera reuni\u00f3n de comisiones con la participaci\u00f3n de funcionarios del Ejecutivo y representantes de partidos pol\u00edticos. \u201cTambi\u00e9n se define un sistema de financiamiento, se regula la publicidad de las campa\u00f1as electorales, se da una fecha cierta de elecciones para que no pase lo que nos ven\u00eda pasando, que no sab\u00edamos cu\u00e1ndo \u00edbamos a votar en la provincia, y se crea un propio organismo electoral\u201d, indic\u00f3 Lena que presidi\u00f3 el encuentro<\/strong><\/em><\/p>\n<p>&nbsp;<\/p>\n<p>&nbsp;<\/p>\n<p>Las comisiones de Legislaci\u00f3n General y de Asuntos Constitucionales, Juicio Pol\u00edtico y Peticiones, Poderes y Reglamento, que presiden Marcelo L\u00f3pez y Gabriela Lena, respectivamente, se reunieron este mi\u00e9rcoles para inaugurar el debate de la reforma electoral presentada por el Poder Ejecutivo. Participaron el presidente de la C\u00e1mara de Diputados, Gustavo Hein; el ministro de Gobierno y Trabajo, Manuel Troncoso, y otras autoridades de la cartera, representantes de partidos pol\u00edticos y de universidades.<\/p>\n<p>\u201cHoy empezamos a tratar de manera formal este proyecto de ley. Los representantes de todos los partidos pol\u00edticos que tienen representaci\u00f3n en Entre R\u00edos fueron invitados a brindar su opini\u00f3n para que nosotros, los legisladores, los escuchemos y tomemos nota de sus sugerencias\u201d, se\u00f1al\u00f3 el diputado L\u00f3pez, quien mencion\u00f3 que ya se recibieron aportes en los distintos foros de debate y es posible que se hagan otras en el marco de las comisiones.<\/p>\n<p>Acerca de los principales puntos de la reforma, la diputada Lena indic\u00f3: \u201cSe implementa la Boleta \u00danica de Papel, pero no es solamente esto. Tambi\u00e9n se define un sistema de financiamiento, se regula la publicidad de las campa\u00f1as electorales, se da una fecha cierta de elecciones para que no pase lo que nos ven\u00eda pasando, que no sab\u00edamos cu\u00e1ndo \u00edbamos a votar en la provincia, y se crea un propio organismo electoral\u201d.<\/p>\n<p>Los presidentes de las comisiones informaron que se realizar\u00e1n varias reuniones, incluso fuera de la ciudad de Paran\u00e1, de manera tal que los ciudadanos de distintos puntos geogr\u00e1ficos de la provincia puedan participar del debate sin necesidad de trasladarse. Est\u00e1 previsto que estas instancias se desarrollen en Concordia y en Gualeguaych\u00fa. Luego continuar\u00e1 el trabajo en la capital entrerriana, con el objetivo de llegar a dar tratamiento al proyecto en sesi\u00f3n durante octubre, seg\u00fan estimaron los legisladores.<\/p>\n<p>Durante la reuni\u00f3n, el ministro Troncoso fue el encargado de presentar el proyecto del Ejecutivo. Luego, Juli\u00e1n Maneiro, secretario de Asuntos Pol\u00edticos, expuso sobre las modificaciones previstas en la ley y las caracter\u00edsticas de la Boleta \u00danica de Papel propuesta.<\/p>\n<p>Participaron tambi\u00e9n Fanny Maidana, directora de Reforma Pol\u00edtica, y Abelardo del Prado, coordinador general del Ministerio de Gobierno y Trabajo. Adem\u00e1s, autoridades de partidos pol\u00edticos y representantes de la Universidad Nacional de Entre R\u00edos (UNER) y la Universidad Cat\u00f3lica Argentina (UCA).<\/p>\n","protected":false},"excerpt":{"rendered":"<p>Los legisladores llevaron adelante la primera reuni\u00f3n de comisiones con la participaci\u00f3n de funcionarios del Ejecutivo y representantes de partidos pol\u00edticos. \u201cTambi\u00e9n se define un sistema de financiamiento, se regula la publicidad de las campa\u00f1as electorales, se da una fecha cierta de elecciones para que no pase lo que nos ven\u00eda pasando, que no sab\u00edamos cu\u00e1ndo \u00edbamos a votar en la provincia, y se crea un propio organismo electoral\u201d, indic\u00f3 Lena que presidi\u00f3 el encuentro &nbsp; &nbsp; Las comisiones de Legislaci\u00f3n General y de Asuntos Constitucionales, Juicio Pol\u00edtico y Peticiones,&#8230;<\/p>\n","protected":false},"author":3,"featured_media":119985,"comment_status":"closed","ping_status":"closed","sticky":false,"template":"","format":"standard","meta":[],"categories":[15],"tags":[],"_links":{"self":[{"href":"https:\/\/www.actualidadadiario.com\/index.php\/wp-json\/wp\/v2\/posts\/119984"}],"collection":[{"href":"https:\/\/www.actualidadadiario.com\/index.php\/wp-json\/wp\/v2\/posts"}],"about":[{"href":"https:\/\/www.actualidadadiario.com\/index.php\/wp-json\/wp\/v2\/types\/post"}],"author":[{"embeddable":true,"href":"https:\/\/www.actualidadadiario.com\/index.php\/wp-json\/wp\/v2\/users\/3"}],"replies":[{"embeddable":true,"href":"https:\/\/www.actualidadadiario.com\/index.php\/wp-json\/wp\/v2\/comments?post=119984"}],"version-history":[{"count":1,"href":"https:\/\/www.actualidadadiario.com\/index.php\/wp-json\/wp\/v2\/posts\/119984\/revisions"}],"predecessor-version":[{"id":119986,"href":"https:\/\/www.actualidadadiario.com\/index.php\/wp-json\/wp\/v2\/posts\/119984\/revisions\/119986"}],"wp:featuredmedia":[{"embeddable":true,"href":"https:\/\/www.actualidadadiario.com\/index.php\/wp-json\/wp\/v2\/media\/119985"}],"wp:attachment":[{"href":"https:\/\/www.actualidadadiario.com\/index.php\/wp-json\/wp\/v2\/media?parent=119984"}],"wp:term":[{"taxonomy":"category","embeddable":true,"href":"https:\/\/www.actualidadadiario.com\/index.php\/wp-json\/wp\/v2\/categories?post=119984"},{"taxonomy":"post_tag","embeddable":true,"href":"https:\/\/www.actualidadadiario.com\/index.php\/wp-json\/wp\/v2\/tags?post=119984"}],"curies":[{"name":"wp","href":"https:\/\/api.w.org\/{rel}","templated":true}]}}