{"id":119978,"date":"2024-09-12T10:42:25","date_gmt":"2024-09-12T13:42:25","guid":{"rendered":"https:\/\/www.actualidadadiario.com\/?p=119978"},"modified":"2024-09-12T10:42:25","modified_gmt":"2024-09-12T13:42:25","slug":"del-cano-bregman-y-santoro-hablan-de-intercambio-detras-de-la-designacion-de-galimberti-en-ctm","status":"publish","type":"post","link":"https:\/\/www.actualidadadiario.com\/index.php\/2024\/09\/12\/del-cano-bregman-y-santoro-hablan-de-intercambio-detras-de-la-designacion-de-galimberti-en-ctm\/","title":{"rendered":"Del Ca\u00f1o, Bregman y Santoro hablan de \u201cintercambio\u201d detr\u00e1s de la designaci\u00f3n de Galimberti en CTM"},"content":{"rendered":"<p style=\"text-align: center;\"><em><strong>Reproches en el recinto y dardos en redes. Hasta denuncias de un \u201ccambio de favores\u201d. Eso recibi\u00f3 por parte de la oposici\u00f3n el diputado radical Pedro Galimberti, quien dej\u00f3 su banca dos d\u00edas antes de la sesi\u00f3n para tratar el veto de Javier Milei a la reforma que aumenta los haberes jubilatorios, iniciativa impulsada por la Uni\u00f3n C\u00edvica Radical (UCR). El ahora funcionario nacional desembarc\u00f3 esta semana en la comisi\u00f3n que administra la represa y percibir\u00e1 un sueldo en d\u00f3lares<\/strong><\/em><\/p>\n<p>&nbsp;<\/p>\n<p>&nbsp;<\/p>\n<p>&nbsp;<\/p>\n<p>El ofrecimiento a Galimberti fue hace m\u00e1s de dos meses. Sin embargo Canciller\u00eda, a cargo de Diana Mondino, oficializ\u00f3 el nombramiento reci\u00e9n esta semana. El cambio fue oportuno para la administraci\u00f3n mile\u00edsta y motivo de queja. Es que el exdiputado es muy cr\u00edtico hacia la gesti\u00f3n. Incluso present\u00f3 una denuncia contra el Presidente por su viaje a Espa\u00f1a por utilizar fondos p\u00fablicos para viajar a la cumbre del partido derechista Vox, liderado por Santiago Abascal.<\/p>\n<p>Frigerio le gan\u00f3 la interna de Juntos por el Cambio a Galimberti para ser candidato a gobernador el 13 de agosto del a\u00f1o pasado. Tras ello, el exdiputado le garantiz\u00f3 su apoyo para la gobernaci\u00f3n. En consecuencia, hace algunos meses ambos sellaron un nuevo acuerdo. Fue en ese marco que el exministro del Interior del expresidente Mauricio Macri le propuso al gobierno libertario el nombre de Galimberti para que vuelva a su provincia y \u201chaga pol\u00edtica\u201d all\u00ed.<\/p>\n<p>Al menos hace dos meses, el radical acept\u00f3 el cargo, pero por circunstancias que no se dieron a conocer Canciller\u00eda se demor\u00f3 en comunicarlo. \u201cDurmi\u00f3 la designaci\u00f3n. Pero ahora la firmaron el lunes, sali\u00f3 en el Bolet\u00edn Oficial el martes y \u00e9l present\u00f3 la renuncia en Diputados porque no pod\u00eda tener los dos cargos\u201d, se limit\u00f3 a decir una fuente a La Naci\u00f3n ante la consulta de si el nombramiento se atras\u00f3 adrede en represalia por las cr\u00edticas a los viajes del libertario y por no acompa\u00f1ar al oficialismo desde su banca.<\/p>\n<p>\u201cDes\u00edgnase en el cargo de integrante de la Delegaci\u00f3n Argentina ante la Comisi\u00f3n T\u00e9cnica Mixta de Salto Grande al doctor Pedro Jorge Galimberti\u201d, dice el Decreto 808\/2024 publicado este martes y firmado por Mondino y Milei. Ahora el antes legislador tendr\u00e1 un puesto en el organismo binacional creado por la Argentina y Uruguay que comanda esa represa y central hidroel\u00e9ctrica.<\/p>\n<p>A Galimberti le reprochan otra cosa. Y es que para reemplazar su puesto deb\u00eda asumir Mauricio Davico, hombre cercano a Frigerio, intendente de Gualeguaych\u00fa y el siguiente var\u00f3n en la lista de Juntos por el Cambio. Sin embargo, Davico rechaz\u00f3 la banca y le toc\u00f3 el turno a Nancy Ballejos, de Pro, que tom\u00f3 juramento este mi\u00e9rcoles antes de la sesi\u00f3n que trata el veto a la reforma jubilatoria. En una pulseada donde el oficialismo intenta blindar el veto del Ejecutivo a la ley de jubilaciones, mientras que la oposici\u00f3n busca los dos tercios para dar otro rev\u00e9s, en Casa Rosada consiguieron otro voto: el de la flamante diputada.<\/p>\n<p>&nbsp;<\/p>\n<p>&nbsp;<\/p>\n<p><strong>Cr\u00edticas<\/strong><\/p>\n<p>Nicol\u00e1s del Ca\u00f1o dijo en un encendido discurso: \u201cNo hubo labor, eso no se pudo discutir. Como hay un manto de sospechas enorme porque hay una renuncia para asumir un cargo en la represa de Salto Grande, que es un cargo que se va a cobrar en d\u00f3lares, de un diputado de una fuerza pol\u00edtica que renuncia para que asuma otra diputada de otra fuerza, que se presume que su voto va a ser a favor del veto del Presidente contra los jubilados, por un aumento de $15.000\u2033.<\/p>\n<p>\u201cEsto deber\u00eda tratarse al final de la sesi\u00f3n, altera el resultado de la votaci\u00f3n\u201d, le recrimin\u00f3 al presidente de la C\u00e1mara, Mart\u00edn Menem. \u201c\u00bfEsto es una bolsa de trabajo? \u00bfVienen, te ofrecen un cargo y entonces dej\u00e1s a otro que vota otra cosa? \u00bfC\u00f3mo es esto?\u201d, se pregunt\u00f3 el izquierdista.<\/p>\n<p>En la misma l\u00ednea se pronunci\u00f3 la exdiputada Myriam Bregman en redes sociales. \u201cEn la sesi\u00f3n de Diputados, le negaron la palabra a mi compa\u00f1ero en el momento en el que se quer\u00eda oponer a que el diputado Galimberti pueda renunciar a su cargo al inicio de la sesi\u00f3n, ya que deber\u00eda hacerlo al final. Esto corrobora que hay un acto de intercambio de favores, en un canje del voto en contra de los jubilados, a favor de un puesto que \u00e9l consigue en la comisi\u00f3n de Salto Grande\u201d, escribi\u00f3.<\/p>\n<p>Quien tambi\u00e9n se sum\u00f3 a las cr\u00edticas fue Leandro Santoro, Diputado nacional de Uni\u00f3n Por la Patria. En su perfil de la red social X (ex Twitter), public\u00f3: \u201cRenuncia un diputado de la UCR de Entre R\u00edos para que asuma otro del PRO&#8230; qui\u00e9n vota con el gobierno y en contra de los jubilados. \u00bfPor qu\u00e9 renuncia? Le dieron un cargo en Salto Grande&#8230; SUELDO 10.000 DOLARES por mes. No es Fake\u201d.<\/p>\n<p>\u201cSe est\u00e1 comiendo reclamos como los cinco radicales [Pablo Cervi (Neuqu\u00e9n), Mart\u00edn Arjol (Misiones), Luis Picat (C\u00f3rdoba), Mariano Campero (Tucum\u00e1n) y Jos\u00e9 Tournier (Corrientes)]que fueron a ver a Milei y que cambiar\u00edan su voto. Pero Galimberti sigue siendo cr\u00edtico de Milei. No le vot\u00f3 casi nada\u201d, agreg\u00f3 una fuente radical. Lejos estuvo el ahora funcionario nacional de acordar con el libertario, sino que fue un pacto con el gobernador entrerriano. Igualmente cerca de Galimberti apuntan a un \u201ctiming pol\u00edtico\u201d para oficializar el nombramiento debido a que Milei necesitaba sumar apoyo para la sesi\u00f3n.<\/p>\n<p>\u201c\u00c9l siempre vot\u00f3 contra Milei. No tiene nada que ver con La Libertad Avanza. Acept\u00f3 el cargo propuesto por la provincia\u201d, justifican. De todas formas, Galimberti no ocult\u00f3 su designaci\u00f3n y le agradeci\u00f3 a Frigerio en sus redes sociales. \u201cSe trata de una decisi\u00f3n meditada y acordada con los dirigentes, con quienes compartimos proyectos en com\u00fan y, en particular, con los de la regi\u00f3n de Santo Grande, donde la construcci\u00f3n de la represa modific\u00f3 sustancialmente la vida de la poblaci\u00f3n\u201d, escribi\u00f3.<\/p>\n","protected":false},"excerpt":{"rendered":"<p>Reproches en el recinto y dardos en redes. Hasta denuncias de un \u201ccambio de favores\u201d. Eso recibi\u00f3 por parte de la oposici\u00f3n el diputado radical Pedro Galimberti, quien dej\u00f3 su banca dos d\u00edas antes de la sesi\u00f3n para tratar el veto de Javier Milei a la reforma que aumenta los haberes jubilatorios, iniciativa impulsada por la Uni\u00f3n C\u00edvica Radical (UCR). El ahora funcionario nacional desembarc\u00f3 esta semana en la comisi\u00f3n que administra la represa y percibir\u00e1 un sueldo en d\u00f3lares &nbsp; &nbsp; &nbsp; El ofrecimiento a Galimberti fue hace m\u00e1s&#8230;<\/p>\n","protected":false},"author":3,"featured_media":119979,"comment_status":"closed","ping_status":"closed","sticky":false,"template":"","format":"standard","meta":[],"categories":[9],"tags":[],"_links":{"self":[{"href":"https:\/\/www.actualidadadiario.com\/index.php\/wp-json\/wp\/v2\/posts\/119978"}],"collection":[{"href":"https:\/\/www.actualidadadiario.com\/index.php\/wp-json\/wp\/v2\/posts"}],"about":[{"href":"https:\/\/www.actualidadadiario.com\/index.php\/wp-json\/wp\/v2\/types\/post"}],"author":[{"embeddable":true,"href":"https:\/\/www.actualidadadiario.com\/index.php\/wp-json\/wp\/v2\/users\/3"}],"replies":[{"embeddable":true,"href":"https:\/\/www.actualidadadiario.com\/index.php\/wp-json\/wp\/v2\/comments?post=119978"}],"version-history":[{"count":1,"href":"https:\/\/www.actualidadadiario.com\/index.php\/wp-json\/wp\/v2\/posts\/119978\/revisions"}],"predecessor-version":[{"id":119980,"href":"https:\/\/www.actualidadadiario.com\/index.php\/wp-json\/wp\/v2\/posts\/119978\/revisions\/119980"}],"wp:featuredmedia":[{"embeddable":true,"href":"https:\/\/www.actualidadadiario.com\/index.php\/wp-json\/wp\/v2\/media\/119979"}],"wp:attachment":[{"href":"https:\/\/www.actualidadadiario.com\/index.php\/wp-json\/wp\/v2\/media?parent=119978"}],"wp:term":[{"taxonomy":"category","embeddable":true,"href":"https:\/\/www.actualidadadiario.com\/index.php\/wp-json\/wp\/v2\/categories?post=119978"},{"taxonomy":"post_tag","embeddable":true,"href":"https:\/\/www.actualidadadiario.com\/index.php\/wp-json\/wp\/v2\/tags?post=119978"}],"curies":[{"name":"wp","href":"https:\/\/api.w.org\/{rel}","templated":true}]}}