{"id":119970,"date":"2024-09-10T15:26:49","date_gmt":"2024-09-10T18:26:49","guid":{"rendered":"https:\/\/www.actualidadadiario.com\/?p=119970"},"modified":"2024-09-10T15:26:49","modified_gmt":"2024-09-10T18:26:49","slug":"el-papa-francisco-dio-una-misa-ante-mas-de-600-000-personas-en-timor-oriental","status":"publish","type":"post","link":"https:\/\/www.actualidadadiario.com\/index.php\/2024\/09\/10\/el-papa-francisco-dio-una-misa-ante-mas-de-600-000-personas-en-timor-oriental\/","title":{"rendered":"El papa Francisco dio una misa ante m\u00e1s de 600.000 personas en Timor Oriental"},"content":{"rendered":"<p style=\"text-align: center;\"><em><strong>El n\u00famero representa casi la mitad de la poblaci\u00f3n del pa\u00eds, que tiene un 98% de personas creyentes del culto cat\u00f3lico. El evento representa un importante desaf\u00edo f\u00edsico para el pont\u00edfice de 87 a\u00f1os<\/strong><\/em><\/p>\n<p>&nbsp;<\/p>\n<p>&nbsp;<\/p>\n<p>Unas 600.000 personas asisten este martes, bajo un calor sofocante, a la misa del papa Francisco en Dili, la capital de Timor Oriental, uno de los momentos culminantes de su marat\u00f3nica gira en Asia-Pac\u00edfico.<\/p>\n<p>La misa, celebrada en una explanada costera, representa un importante desaf\u00edo f\u00edsico para el pont\u00edfice de 87 a\u00f1os, que estar\u00e1 presente durante casi tres horas y dar\u00e1 una vuelta en el papam\u00f3vil entre la multitud, con temperaturas superiores a los 30\u00ba. El pont\u00edfice argentino fue recibido como una estrella de rock el lunes, con decenas de miles de devotos concentrados en las calles de la capital Dili, gritando y ondeando banderas.<\/p>\n<p>En total, unas 600.000 personas est\u00e1n congregadas en la explanada y sus alrededores, el equivalente de casi la mitad de la poblaci\u00f3n del pa\u00eds, indic\u00f3 en un comunicado el Vaticano citando una estimaci\u00f3n de las autoridades locales.<\/p>\n<p>&#8220;Es como si tuvi\u00e9ramos un nuevo impulso para nuestras vidas, para el pueblo de Timor Oriental, para la paz&#8221;, dijo a la AFP Natercia do Menino Jesus Soares, de 33 a\u00f1os, que llevaba una gorra, una camiseta y un pa\u00f1uelo con la imagen del Papa.<\/p>\n<p>&nbsp;<\/p>\n<p><strong>Timor Oriental, el segundo pa\u00eds m\u00e1s cat\u00f3lico del mundo<\/strong><\/p>\n<p>Este peque\u00f1o pa\u00eds con un 98% de poblaci\u00f3n cat\u00f3lica es la tercera parada del pont\u00edfice en su larga gira de 12 d\u00edas que culminar\u00e1 en Singapur despu\u00e9s de visitar Indonesia y Pap\u00faa Nueva Guinea. En su primer d\u00eda en Timor Oriental se dirigi\u00f3 a las autoridades para celebrar el periodo de &#8220;paz y libertad&#8221; en el pa\u00eds tras su independencia en 2002, pero les urgi\u00f3 a prevenir los abusos contra los j\u00f3venes que han causado esc\u00e1ndalos de pederastia en la Iglesia local.<\/p>\n<p>El principal evento de esta visita es la misa en los humedales de Tasitolu, en la capital, que puede ser una de las m\u00e1s multitudinarias de sus 13 a\u00f1os de papado. Decenas de miles llegaron al amanecer, con paraguas con los colores amarillo y blanco del Vaticano para protegerse del inclemente sol, para asistir a la celebraci\u00f3n que arranc\u00f3 a las 16H30 (07H30 GMT).<\/p>\n<p>&#8220;Estoy agradecida de poder participar en esta misa sagrada (&#8230;) No s\u00e9 si podr\u00eda todav\u00eda venir si el papa hubiera venido de visita unos a\u00f1os despu\u00e9s&#8221;, dijo Felicidade do Rosario, una ama de casa de 49 a\u00f1os.<\/p>\n<p>Unas 300.000 personas se han registrado oficialmente para acudir a la ceremonia. En 2023, alrededor de un mill\u00f3n de personas se congregaron en Kinshasa, la capital de Rep\u00fablica Democr\u00e1tica del Congo, para la visita del papa. El r\u00e9cord de su papado fue en la capital de Filipinas, Manila, en 2015, donde se estima que el jesuita argentino reuni\u00f3 a seis millones de personas. En un discurso en la catedral de Dili, Francisco pidi\u00f3 a los creyentes que difundan &#8220;el perfume del Evangelio&#8221; contra el alcoholismo, la violencia y la falta de respeto a las mujeres. El resto de la agenda del papa para el martes incluye reuniones con jesuitas y con ni\u00f1os con discapacidades.<\/p>\n<p>&#8220;Es un orgullo para nosotros. Es una bendici\u00f3n de Dios para nosotros, para la gente de esta tierra&#8221;, dijo Atanasio Sarmento de Sousa, miembro del comit\u00e9 organizador de la visita de Francisco.<\/p>\n<p>&nbsp;<\/p>\n<p><strong>12 millones de d\u00f3lares en gastos de renovaci\u00f3n<\/strong><\/p>\n<p>Miles de personas abarrotaron ya el martes las calles por donde discurri\u00f3 la comitiva papal en su ruta hacia el primer encuentro del martes. Es la segunda vez que un papa acude a este peque\u00f1o pa\u00eds despu\u00e9s de Juan Pablo II. La historia de la naci\u00f3n m\u00e1s joven del sudeste asi\u00e1tico estuvo marcada por siglos de colonizaci\u00f3n portuguesa, casi 25 a\u00f1os de ocupaci\u00f3n indonesia (diciembre 1975-octubre 1999) y un refer\u00e9ndum de independencia respaldado por la ONU.<\/p>\n<p>El pa\u00eds se independiz\u00f3 formalmente en 2002, saliendo de una brutal ocupaci\u00f3n indonesia que dej\u00f3 m\u00e1s de 200.000 muertos. La incipiente democracia es tambi\u00e9n una de las naciones del mundo que, sin embargo, se gast\u00f3 12 millones de d\u00f3lares para renovar su capital antes de la visita de papa, uno de ellos destinado al altar en que se sentar\u00e1 el papa. Este coste ha provocado algunas cr\u00edticas en Timor Oriental, donde grupos de activistas tambi\u00e9n denunciaron que se derrumbaron algunas casas en la zona donde se celebrar\u00e1 la misa. El gobierno rebati\u00f3 que fueron construidas ilegalmente. Las autoridades tambi\u00e9n desalojaron los vendedores ambulantes y a las personas sin hogar de las zonas por las que deb\u00eda pasar Francisco. &#8220;Vinieron a requisar los productos que vendemos e inmediatamente usaron la violencia contra nosotros&#8221;, explic\u00f3 Januario Soares, que vend\u00eda ropa de segunda mano en la calle.<\/p>\n","protected":false},"excerpt":{"rendered":"<p>El n\u00famero representa casi la mitad de la poblaci\u00f3n del pa\u00eds, que tiene un 98% de personas creyentes del culto cat\u00f3lico. El evento representa un importante desaf\u00edo f\u00edsico para el pont\u00edfice de 87 a\u00f1os &nbsp; &nbsp; Unas 600.000 personas asisten este martes, bajo un calor sofocante, a la misa del papa Francisco en Dili, la capital de Timor Oriental, uno de los momentos culminantes de su marat\u00f3nica gira en Asia-Pac\u00edfico. La misa, celebrada en una explanada costera, representa un importante desaf\u00edo f\u00edsico para el pont\u00edfice de 87 a\u00f1os, que estar\u00e1&#8230;<\/p>\n","protected":false},"author":3,"featured_media":119971,"comment_status":"closed","ping_status":"closed","sticky":false,"template":"","format":"standard","meta":[],"categories":[4],"tags":[],"_links":{"self":[{"href":"https:\/\/www.actualidadadiario.com\/index.php\/wp-json\/wp\/v2\/posts\/119970"}],"collection":[{"href":"https:\/\/www.actualidadadiario.com\/index.php\/wp-json\/wp\/v2\/posts"}],"about":[{"href":"https:\/\/www.actualidadadiario.com\/index.php\/wp-json\/wp\/v2\/types\/post"}],"author":[{"embeddable":true,"href":"https:\/\/www.actualidadadiario.com\/index.php\/wp-json\/wp\/v2\/users\/3"}],"replies":[{"embeddable":true,"href":"https:\/\/www.actualidadadiario.com\/index.php\/wp-json\/wp\/v2\/comments?post=119970"}],"version-history":[{"count":1,"href":"https:\/\/www.actualidadadiario.com\/index.php\/wp-json\/wp\/v2\/posts\/119970\/revisions"}],"predecessor-version":[{"id":119972,"href":"https:\/\/www.actualidadadiario.com\/index.php\/wp-json\/wp\/v2\/posts\/119970\/revisions\/119972"}],"wp:featuredmedia":[{"embeddable":true,"href":"https:\/\/www.actualidadadiario.com\/index.php\/wp-json\/wp\/v2\/media\/119971"}],"wp:attachment":[{"href":"https:\/\/www.actualidadadiario.com\/index.php\/wp-json\/wp\/v2\/media?parent=119970"}],"wp:term":[{"taxonomy":"category","embeddable":true,"href":"https:\/\/www.actualidadadiario.com\/index.php\/wp-json\/wp\/v2\/categories?post=119970"},{"taxonomy":"post_tag","embeddable":true,"href":"https:\/\/www.actualidadadiario.com\/index.php\/wp-json\/wp\/v2\/tags?post=119970"}],"curies":[{"name":"wp","href":"https:\/\/api.w.org\/{rel}","templated":true}]}}