{"id":119951,"date":"2024-09-10T14:56:19","date_gmt":"2024-09-10T17:56:19","guid":{"rendered":"https:\/\/www.actualidadadiario.com\/?p=119951"},"modified":"2024-09-10T14:56:19","modified_gmt":"2024-09-10T17:56:19","slug":"se-diluyen-las-chances-de-rechazo-al-veto-para-este-miercoles","status":"publish","type":"post","link":"https:\/\/www.actualidadadiario.com\/index.php\/2024\/09\/10\/se-diluyen-las-chances-de-rechazo-al-veto-para-este-miercoles\/","title":{"rendered":"Se diluyen las chances de rechazo al veto para este mi\u00e9rcoles"},"content":{"rendered":"<p style=\"text-align: center;\"><em><strong>La oposici\u00f3n no contar\u00eda con los votos necesarios para alcanzar el techo de los dos tercios. La alternativa que maneja por si no puede concretar la aspiraci\u00f3n de m\u00e1xima<\/strong><\/em><\/p>\n<p>&nbsp;<\/p>\n<p>&nbsp;<\/p>\n<p>Toda la expectativa en Diputados est\u00e1 puesta en lo que vaya a suceder este mi\u00e9rcoles, cuando la oposici\u00f3n buscar\u00e1 rechazar el veto presidencial a la Ley de Movilidad Previsional. Para ello necesitar\u00e1 contar con 2\/3 de los votos no una, sino dos veces. No parece ser sencillo. Veremos por qu\u00e9.<\/p>\n<p>Si bien a priori la oposici\u00f3n cuenta con un antecedente de peso que es haber alcanzado los 2\/3 cuando el 5 de junio pasado le dio media sanci\u00f3n al proyecto, no necesariamente eso se replicar\u00eda este mi\u00e9rcoles.<\/p>\n<p>En esa oportunidad, la aprobaci\u00f3n se consigui\u00f3 por 160 votos afirmativos, 72 negativos y hubo 8 abstenciones. Con lo justo. Ahora a esta sesi\u00f3n prevista para las 11 de la ma\u00f1ana han convocado diputados de la UCR, Encuentro Federal y la Coalici\u00f3n C\u00edvica. Tres bloques que por s\u00ed solos suman 55 miembros. A los que adem\u00e1s se sumar\u00e1n los diputados de Uni\u00f3n por la Patria (99) y la izquierda (5), que el 5 de junio se abstuvieron y ahora votar\u00e1n contra el veto. Lo que no est\u00e1 garantizado es que, por ejemplo, los radicales voten todos en contra.<\/p>\n<p>Ya de por s\u00ed el bloque que conduce Rodrigo de Loredo tendr\u00e1 bajas. Ya no son 34, pues renunci\u00f3 este lunes el entrerriano Pedro Galimberti, un enconado cr\u00edtico del Gobierno de Javier Milei, y en su lugar asumir\u00e1 una diputada del Pro. No es seguro que Nancy Ballejos -la reemplazante- jure este mi\u00e9rcoles, pero como sea, no ser\u00e1 un voto contra el veto.<\/p>\n<p>Fuentes consultadas dan por seguro que ser\u00e1n varias las ausencias en el bloque radical, y hay quienes anticipan que alguno votar\u00eda incluso a favor de mantener el veto. Como sea, ser\u00e1n varios los diputados radicales alineados con gobernadores con buena relaci\u00f3n con la Rosada que no estar\u00edan presentes este mi\u00e9rcoles. El argumento ser\u00eda que piden insistir solo parcialmente con la ley aprobada, haciendo valer el 8,1% correspondiente a la p\u00e9rdida por la inflaci\u00f3n de enero.<\/p>\n<p>\u201cNo tenemos dos tercios ni de casualidad\u201d, confi\u00f3 a parlamentario.com una fuente legislativa consultada.<\/p>\n<p>A sabiendas de esos datos, el formose\u00f1o Fernando Carbajal, quien encabez\u00f3 el pedido de sesi\u00f3n para este mi\u00e9rcoles, cuestion\u00f3 a sus pares de bancada que se muestran renuentes a insistir en la ley. En declaraciones a A24, el diputado de la UCR se\u00f1al\u00f3: \u201cVi\u00e9ndolo desde el punto de vista pol\u00edtico, \u00bfpor qu\u00e9 un radical que vot\u00f3 esta ley previsional porque entend\u00eda que era necesario dar un 8% por enero y establecer como mecanismo de actualizaci\u00f3n el IPC, m\u00e1s una eventual recomposici\u00f3n puede ahora cambiar de posici\u00f3n? \u00bfSolamente porque Milei decidi\u00f3 convertir esto en una puja pol\u00edtica?\u201d.<\/p>\n<p>\u201cPorque reitero, en realidad, desde el punto de vista fiscal, no hay justificaci\u00f3n para el veto. No entiendo las razones, no entiendo los motivos, pero bueno, yo no voy a hacer de int\u00e9rprete de ellos. Ser\u00e1 la ciudadan\u00eda quien los juzgar\u00e1\u201d, sentenci\u00f3.<\/p>\n<p>Tambi\u00e9n desde la Coalici\u00f3n C\u00edvica tomaron nota de las dificultades para alcanzar el n\u00famero necesario para rechazar el veto. El diputado Maximiliano Ferraro advirti\u00f3 en su cuenta de X que \u201cdarse vuelta, es darles la espalda a los jubilados\u201d. Para el presidente de la CC, \u201cno hay razones objetivas, pol\u00edticas, ni cambios en la realidad de los jubilados que justifiquen que algunos diputados voten lo contrario a lo que apoyaron el 5 de junio. En estos tres meses, el castigo hacia los jubilados no ha cambiado, solo se ha profundizado la injusticia. En lugar de reafirmar su compromiso, algunos optan por abandonarlos\u201d.<\/p>\n<p>Ferraro consider\u00f3 \u201cvergonzoso que el 27% del ajuste p\u00fablico lo paguen lo jubilados y que algunos se den vuelta y miren para otro lado. Es vergonzoso que, si tomamos los primeros 7 meses de 2024 y lo comparamos con igual per\u00edodo de 2023, los jubilados hayan perdido un 19,9% de su poder adquisitivo y que algunos se den vuelta y miren para otro lado\u201d.<\/p>\n<p>\u201c\u00bfQu\u00e9 habr\u00e1 en ese otro lado que les desv\u00eda la mirada?\u201d, se pregunt\u00f3.<\/p>\n<p>&nbsp;<\/p>\n<p><strong>El tratamiento sobre tablas<\/strong><\/p>\n<p>Si est\u00e1 tan definida la situaci\u00f3n para la oposici\u00f3n, \u00bfcu\u00e1l es la alternativa que manejan para este mi\u00e9rcoles? Como dec\u00edamos al principio, quienes quieren voltear el veto necesitan contar con los 2\/3 dos veces. La primera, para habilitar el tratamiento del tema sobre tablas, habida cuenta de que no hay dictamen, pues no se cumpli\u00f3 el tr\u00e1mite de pasar por las comisiones correspondientes. Y si no tienen los 2\/3 para el rechazo, tampoco lo tendr\u00e1n para esa primera instancia de habilitar el tratamiento. As\u00ed las cosas, buscar\u00edan entonces votar un simple emplazamiento a Gabriela Brouwer de Koning y Jos\u00e9 Luis Espert, presidentes de las comisiones de Previsi\u00f3n Social y Presupuesto y Hacienda, para que traten y dictaminen r\u00e1pidamente, con lo cual ganar\u00edan un par de semanas para tratar de revertir lo que a priori se presenta como una misi\u00f3n imposible.<\/p>\n","protected":false},"excerpt":{"rendered":"<p>La oposici\u00f3n no contar\u00eda con los votos necesarios para alcanzar el techo de los dos tercios. La alternativa que maneja por si no puede concretar la aspiraci\u00f3n de m\u00e1xima &nbsp; &nbsp; Toda la expectativa en Diputados est\u00e1 puesta en lo que vaya a suceder este mi\u00e9rcoles, cuando la oposici\u00f3n buscar\u00e1 rechazar el veto presidencial a la Ley de Movilidad Previsional. Para ello necesitar\u00e1 contar con 2\/3 de los votos no una, sino dos veces. No parece ser sencillo. Veremos por qu\u00e9. Si bien a priori la oposici\u00f3n cuenta con un&#8230;<\/p>\n","protected":false},"author":3,"featured_media":113569,"comment_status":"closed","ping_status":"closed","sticky":false,"template":"","format":"standard","meta":[],"categories":[18],"tags":[],"_links":{"self":[{"href":"https:\/\/www.actualidadadiario.com\/index.php\/wp-json\/wp\/v2\/posts\/119951"}],"collection":[{"href":"https:\/\/www.actualidadadiario.com\/index.php\/wp-json\/wp\/v2\/posts"}],"about":[{"href":"https:\/\/www.actualidadadiario.com\/index.php\/wp-json\/wp\/v2\/types\/post"}],"author":[{"embeddable":true,"href":"https:\/\/www.actualidadadiario.com\/index.php\/wp-json\/wp\/v2\/users\/3"}],"replies":[{"embeddable":true,"href":"https:\/\/www.actualidadadiario.com\/index.php\/wp-json\/wp\/v2\/comments?post=119951"}],"version-history":[{"count":1,"href":"https:\/\/www.actualidadadiario.com\/index.php\/wp-json\/wp\/v2\/posts\/119951\/revisions"}],"predecessor-version":[{"id":119952,"href":"https:\/\/www.actualidadadiario.com\/index.php\/wp-json\/wp\/v2\/posts\/119951\/revisions\/119952"}],"wp:featuredmedia":[{"embeddable":true,"href":"https:\/\/www.actualidadadiario.com\/index.php\/wp-json\/wp\/v2\/media\/113569"}],"wp:attachment":[{"href":"https:\/\/www.actualidadadiario.com\/index.php\/wp-json\/wp\/v2\/media?parent=119951"}],"wp:term":[{"taxonomy":"category","embeddable":true,"href":"https:\/\/www.actualidadadiario.com\/index.php\/wp-json\/wp\/v2\/categories?post=119951"},{"taxonomy":"post_tag","embeddable":true,"href":"https:\/\/www.actualidadadiario.com\/index.php\/wp-json\/wp\/v2\/tags?post=119951"}],"curies":[{"name":"wp","href":"https:\/\/api.w.org\/{rel}","templated":true}]}}