{"id":119942,"date":"2024-09-10T14:52:50","date_gmt":"2024-09-10T17:52:50","guid":{"rendered":"https:\/\/www.actualidadadiario.com\/?p=119942"},"modified":"2024-09-10T14:52:50","modified_gmt":"2024-09-10T17:52:50","slug":"veto-a-la-reforma-jubilatoria-milei-se-reunio-con-diputados-de-ucr-en-casa-rosada","status":"publish","type":"post","link":"https:\/\/www.actualidadadiario.com\/index.php\/2024\/09\/10\/veto-a-la-reforma-jubilatoria-milei-se-reunio-con-diputados-de-ucr-en-casa-rosada\/","title":{"rendered":"Veto a la reforma jubilatoria: Milei se reuni\u00f3 con diputados de UCR en Casa Rosada"},"content":{"rendered":"<p style=\"text-align: center;\"><em><strong>El mandatario libertario mantuvo un encuentro con cinco legisladores radicales. De esta manera, se complica el escenario de la votaci\u00f3n para la oposici\u00f3n que busca aprobar el aumento<\/strong><\/em><\/p>\n<p>&nbsp;<\/p>\n<p>&nbsp;<\/p>\n<p>Decidido a echar por tierra el hist\u00f3rico lema &#8220;que se rompa, pero que no se doble&#8221;, enunciado por Leandro N. Alem, el presidente Javier Milei recibi\u00f3 este martes a diputados de la Uni\u00f3n C\u00edvica Radical (UCR) a horas de la sesi\u00f3n en el Congreso por el veto del Ejecutivo a la reforma jubilatoria y, en este marco, se complica el escenario para la oposici\u00f3n que buscar\u00e1 reglamentar la normativa que aumenta los haberes previsionales.<\/p>\n<p>Milei se reuni\u00f3 con cinco legisladores del partido radical con el objetivo de torcer su voto: Luis Albino Picat, Michel Tournier, Pablo Cervi, Mart\u00edn Arjol y Ricardo Campero. A estos cinco legisladores se suman los casos de Lisandro Nieri, Pamela Fernanda Verasay y Soledad Carrizo, quienes tambi\u00e9n estar\u00edan dispuestos a votar en apoyo al veto presidencial.<\/p>\n<p>Desde junio -cuando la c\u00e1mara baja dio media sanci\u00f3n a la reforma previsional- a esta parte, pasaron cosas. Solo por mencionar una, el pasado viernes el Presidente aterriz\u00f3 en Mendoza para disertar en la 45\u00b0 Convenci\u00f3n del Instituto Argentino de Ejecutivos en Finanzas. All\u00ed fue recibido por el gobernador local, Alfredo Cornejo, quien se mostr\u00f3 simp\u00e1tico con el Jefe de Estado y su nueva novia, &#8220;Yuyito&#8221; Gonz\u00e1lez. El breve encuentro sirvi\u00f3 para que Milei le hiciera saber al mandatario provincial que necesitaba de los votos de Nieri, Verasay y Carrizo, que responden a su mando.<\/p>\n<p>El encuentro cont\u00f3 tambi\u00e9n con la presencia de la mesa chica del gabinete nacional, que comenz\u00f3 a frecuentarse todos los martes desde hace tres semanas. En este marco, dijeron presente la Secretaria General de la Presidencia, Karina Milei, el Presidente de la C\u00e1mara de Diputados, Mart\u00edn Menem, el Vicejefe de Gabinete del Interior, Lisandro Catal\u00e1n, los Ministros de Defensa, Luis Petri, y de Seguridad, Patricia Bullrich, y el Subsecretario de Programaci\u00f3n Federal y Articulaci\u00f3n Legislativa, Mart\u00edn Matzkin.<\/p>\n<p>Luego del encuentro, fuentes con despacho en Balcarce 50 admitieron a este medio que conf\u00edan en que la oposici\u00f3n no va alcanzar los dos tercios requeridos para dar vuelta el veto presidencial.<\/p>\n<p>Vale recordar que la propuesta que vet\u00f3 Milei proviene del seno del propio bloque radical en Diputados, y fue aprobada en el Congreso con amplio consenso entre la oposici\u00f3n. El bloque perdi\u00f3 esta semana a uno de sus 34 legisladores, el entrerriano Rodolfo Galimberti, y ser\u00e1 reemplazado por Nancy Ballejos, del PRO, un sector mucho m\u00e1s cercano al Gobierno.<\/p>\n<p>En este marco, el senador y jefe del partido, Mart\u00edn Lousteau, sali\u00f3 a se\u00f1alar a los diputados d\u00edscolos: &#8220;El tema de los jubilados es muy importante; la ley de movilidad naci\u00f3 de la mano de la UCR y, si los legisladores radicales ahora van a cambiar su voto, tendr\u00e1n que dar explicaciones de por qu\u00e9 lo hacen&#8221;.<\/p>\n<p>&nbsp;<\/p>\n<p><strong>El oficialismo busca asegurar votos en semana clave<\/strong><\/p>\n<p>El lunes, los jefes de bloques de Diputados de La Libertad Avanza, del MID, y el PRO mantuvieron una reuni\u00f3n en Casa Rosada con la Secretaria de Presidencia, Karina Milei. El encuentro se dio en el marco de una semana clave, en la cual el oficialismo enfrentar\u00e1 en el Congreso la sesi\u00f3n especial que buscar\u00e1 frenar el veto a la reforma previsional y el financiamiento universitario.<\/p>\n<p>El Gobierno no quiere volver a cometer errores en el marco legislativo, por eso decidi\u00f3 reunir a legisladores dialoguistas. Sucedi\u00f3 d\u00edas despu\u00e9s de que el arco opositor se expresara en contra del decreto que restringe el acceso a la informaci\u00f3n p\u00fablica, medida que molest\u00f3 incluso a aliados ocasionales, como el PRO. Este \u00faltimo punto fue discutido en el encuentro que se realiz\u00f3 en el Sal\u00f3n de los Escudos. Como contrapartida, el Gobierno ofreci\u00f3 a los representantes de la c\u00e1mara baja evaluar la medida reglamentaria, para lo cual se conformar\u00e1 una mesa t\u00e9cnica.<\/p>\n<p>Por parte del Ejecutivo asistieron al intercambio la Secretaria de Presidencia, Karina Milei; el ministro de Desregulaci\u00f3n y Transformaci\u00f3n del Estado, Federico Sturzenegger; el vicejefe de Gabinete del Interior, Lisandro Catal\u00e1n; el vicejefe de Gabinete, Jos\u00e9 Rolandi; el secretario de Relaciones Parlamentarias y con la Sociedad Civil, Omar De Marchi; y el secretario de Transformaci\u00f3n del Estado y Funci\u00f3n P\u00fablica, Maximiliano Fari\u00f1a. Tambi\u00e9n, en representaci\u00f3n del Ministerio de Justicia, estuvieron presentes Flor Zicavo; y por la Secretar\u00eda de Educaci\u00f3n, la asesora Eugenia Minolli.<\/p>\n<p>Respecto al \u00e1mbito legislativo, dijeron presente el presidente de la C\u00e1mara de Diputados, Mart\u00edn Menem; y los diputados Gabriel Bornoroni, Nadia M\u00e1rquez, Carlos Zapata, Santiago Santuario, Cristian Ritondo, Silvia Lospennato, Silvana Giudici, Oscar Zago y Eduardo Falcone.<\/p>\n","protected":false},"excerpt":{"rendered":"<p>El mandatario libertario mantuvo un encuentro con cinco legisladores radicales. De esta manera, se complica el escenario de la votaci\u00f3n para la oposici\u00f3n que busca aprobar el aumento &nbsp; &nbsp; Decidido a echar por tierra el hist\u00f3rico lema &#8220;que se rompa, pero que no se doble&#8221;, enunciado por Leandro N. Alem, el presidente Javier Milei recibi\u00f3 este martes a diputados de la Uni\u00f3n C\u00edvica Radical (UCR) a horas de la sesi\u00f3n en el Congreso por el veto del Ejecutivo a la reforma jubilatoria y, en este marco, se complica el&#8230;<\/p>\n","protected":false},"author":3,"featured_media":119943,"comment_status":"closed","ping_status":"closed","sticky":false,"template":"","format":"standard","meta":[],"categories":[9],"tags":[],"_links":{"self":[{"href":"https:\/\/www.actualidadadiario.com\/index.php\/wp-json\/wp\/v2\/posts\/119942"}],"collection":[{"href":"https:\/\/www.actualidadadiario.com\/index.php\/wp-json\/wp\/v2\/posts"}],"about":[{"href":"https:\/\/www.actualidadadiario.com\/index.php\/wp-json\/wp\/v2\/types\/post"}],"author":[{"embeddable":true,"href":"https:\/\/www.actualidadadiario.com\/index.php\/wp-json\/wp\/v2\/users\/3"}],"replies":[{"embeddable":true,"href":"https:\/\/www.actualidadadiario.com\/index.php\/wp-json\/wp\/v2\/comments?post=119942"}],"version-history":[{"count":1,"href":"https:\/\/www.actualidadadiario.com\/index.php\/wp-json\/wp\/v2\/posts\/119942\/revisions"}],"predecessor-version":[{"id":119944,"href":"https:\/\/www.actualidadadiario.com\/index.php\/wp-json\/wp\/v2\/posts\/119942\/revisions\/119944"}],"wp:featuredmedia":[{"embeddable":true,"href":"https:\/\/www.actualidadadiario.com\/index.php\/wp-json\/wp\/v2\/media\/119943"}],"wp:attachment":[{"href":"https:\/\/www.actualidadadiario.com\/index.php\/wp-json\/wp\/v2\/media?parent=119942"}],"wp:term":[{"taxonomy":"category","embeddable":true,"href":"https:\/\/www.actualidadadiario.com\/index.php\/wp-json\/wp\/v2\/categories?post=119942"},{"taxonomy":"post_tag","embeddable":true,"href":"https:\/\/www.actualidadadiario.com\/index.php\/wp-json\/wp\/v2\/tags?post=119942"}],"curies":[{"name":"wp","href":"https:\/\/api.w.org\/{rel}","templated":true}]}}