{"id":119938,"date":"2024-09-10T14:51:17","date_gmt":"2024-09-10T17:51:17","guid":{"rendered":"https:\/\/www.actualidadadiario.com\/?p=119938"},"modified":"2024-09-10T14:51:28","modified_gmt":"2024-09-10T17:51:28","slug":"milei-presentara-el-presupuesto-2025-en-el-congreso-el-proximo-domingo","status":"publish","type":"post","link":"https:\/\/www.actualidadadiario.com\/index.php\/2024\/09\/10\/milei-presentara-el-presupuesto-2025-en-el-congreso-el-proximo-domingo\/","title":{"rendered":"Milei presentar\u00e1 el Presupuesto 2025 en el Congreso el pr\u00f3ximo domingo"},"content":{"rendered":"<p style=\"text-align: center;\"><em><strong>La presentaci\u00f3n fue confirmada por el vocero presidencial Manuel Adorni. Al igual que el 1 de marzo en la apertura de la Asamblea Legislativa, el mandatario eligi\u00f3 el horario de mayor rating televisivo para hablarles a los legisladores<\/strong><\/em><\/p>\n<p>&nbsp;<\/p>\n<p>&nbsp;<\/p>\n<p>El vocero presidencial Manuel Adorni confirm\u00f3 que el presidente Javier Milei estar\u00e1 presente este domingo a las 21 horas en el Congreso de la Naci\u00f3n para presentar el Presupuesto 2025.<\/p>\n<p>&#8220;El d\u00eda domingo a las 21 horas el Presidente se va a hacer presente en el Congreso Nacional para anunciar el presupuesto 2025&#8221;, anunci\u00f3 el funcionario de La Libertad Avanza (LLA) en su habitual conferencia de prensa.<\/p>\n<p>Sin dar mayores detalles, Adorni confirm\u00f3 que Milei visitar\u00e1 nuevamente el Congreso. Su \u00faltima presencia en el recinto parlamentario tambi\u00e9n se dio en horario prime time, cuando asisti\u00f3 a la apertura de sesiones ordinarias de la Asamblea Legislativa el pasado 1 de marzo.<\/p>\n<p>El Presidente defender\u00e1 su presupuesto previsto para el a\u00f1o que viene ante el Congreso en la C\u00e1mara de Diputados. Al no ser una sesi\u00f3n oficial, a\u00fan no se conocen los nombres de los diputados que estar\u00e1n presentes durante la defensa del mandatario.<\/p>\n<p>Los miembros de la comisi\u00f3n de Presupuesto y Hacienda del Congreso, presidida por el diputado Jos\u00e9 Luis Espert, no ten\u00edan programada la citaci\u00f3n al Jefe de Estado y, por lo tanto, no estaba en los planes realizar las preguntas de rigor.<\/p>\n<p>&nbsp;<\/p>\n<p><strong>Javier Milei se prepara para presentar el Presupuesto 2025: c\u00f3mo ser\u00e1 la exposici\u00f3n<\/strong><\/p>\n<p>En su discurso el mandatario brindar\u00e1 con detalles el plan de ingresos y gastos para el pr\u00f3ximo a\u00f1o, en una exposici\u00f3n en la que har\u00e1 \u00e9nfasis en el &#8220;d\u00e9ficit cero&#8221;, el ajuste fiscal y dar\u00e1 las proyecciones para el d\u00f3lar y la inflaci\u00f3n.<\/p>\n<p>La presencia de Milei en el Congreso para presentar el Presupuesto ser\u00e1 la primera vez en la que un jefe de Estado concurrir\u00e1 al Parlamento para defender la denominada &#8220;Ley de leyes&#8221;.<\/p>\n<p>Se especula con los detalles de la presencia del Jefe de Estado en el palacio del Poder Legislativo. Habr\u00e1 una disposici\u00f3n especial dentro del Congreso para el encuentro entre el Presidente y los diputados y senadores. Una de las opciones que se maneja por el momento es la de utilizar el auditorio m\u00e1s grande del Congreso, constituido en la Comisi\u00f3n de Presupuesto, para albergar al mandatario, funcionarios del Gobierno, legisladores y otros asistentes.<\/p>\n<p>&nbsp;<\/p>\n<p><strong>Presupuesto: el Gobierno planea seguir con la motosierra en 2025<\/strong><\/p>\n<p>El recorte de gastos no se va a terminar aun cuando el Gobierno alcance este a\u00f1o el equilibrio de las cuentas del Estado. Y eso se debe a que el equipo econ\u00f3mico plantea para 2025 una p\u00e9rdida de recursos por la eliminaci\u00f3n y rebaja de impuestos.<\/p>\n<p>As\u00ed lo anticip\u00f3 el secretario de Finanzas, Pablo Quirno, en una charla que ofreci\u00f3 a empresarios del seguro en un encuentro esta semana.<\/p>\n<p>\u201cNo estamos conformes con este super\u00e1vit financiero. Nosotros vamos a trabajar para tener un super\u00e1vit financiero con reducci\u00f3n de gastos, porque eso me va a permitir mantener el super\u00e1vit financiero con baja de impuestos\u201d, explic\u00f3 el funcionario quien oficia como virtual n\u00famero dos del Palacio de Hacienda.<\/p>\n<p>Es por eso que el pr\u00f3ximo 15 de septiembre el presidente Javier Milei ir\u00e1 al Congreso a explicar el Presupuesto 2025, el cual de movida tendr\u00e1 la eliminaci\u00f3n del Impuesto PAIS que representa el 6% de la recaudaci\u00f3n total. Es el quinto impuesto de mayor importancia en la estructura tributaria en la actualidad.<\/p>\n","protected":false},"excerpt":{"rendered":"<p>La presentaci\u00f3n fue confirmada por el vocero presidencial Manuel Adorni. Al igual que el 1 de marzo en la apertura de la Asamblea Legislativa, el mandatario eligi\u00f3 el horario de mayor rating televisivo para hablarles a los legisladores &nbsp; &nbsp; El vocero presidencial Manuel Adorni confirm\u00f3 que el presidente Javier Milei estar\u00e1 presente este domingo a las 21 horas en el Congreso de la Naci\u00f3n para presentar el Presupuesto 2025. &#8220;El d\u00eda domingo a las 21 horas el Presidente se va a hacer presente en el Congreso Nacional para anunciar&#8230;<\/p>\n","protected":false},"author":3,"featured_media":119939,"comment_status":"closed","ping_status":"closed","sticky":false,"template":"","format":"standard","meta":[],"categories":[9],"tags":[],"_links":{"self":[{"href":"https:\/\/www.actualidadadiario.com\/index.php\/wp-json\/wp\/v2\/posts\/119938"}],"collection":[{"href":"https:\/\/www.actualidadadiario.com\/index.php\/wp-json\/wp\/v2\/posts"}],"about":[{"href":"https:\/\/www.actualidadadiario.com\/index.php\/wp-json\/wp\/v2\/types\/post"}],"author":[{"embeddable":true,"href":"https:\/\/www.actualidadadiario.com\/index.php\/wp-json\/wp\/v2\/users\/3"}],"replies":[{"embeddable":true,"href":"https:\/\/www.actualidadadiario.com\/index.php\/wp-json\/wp\/v2\/comments?post=119938"}],"version-history":[{"count":2,"href":"https:\/\/www.actualidadadiario.com\/index.php\/wp-json\/wp\/v2\/posts\/119938\/revisions"}],"predecessor-version":[{"id":119941,"href":"https:\/\/www.actualidadadiario.com\/index.php\/wp-json\/wp\/v2\/posts\/119938\/revisions\/119941"}],"wp:featuredmedia":[{"embeddable":true,"href":"https:\/\/www.actualidadadiario.com\/index.php\/wp-json\/wp\/v2\/media\/119939"}],"wp:attachment":[{"href":"https:\/\/www.actualidadadiario.com\/index.php\/wp-json\/wp\/v2\/media?parent=119938"}],"wp:term":[{"taxonomy":"category","embeddable":true,"href":"https:\/\/www.actualidadadiario.com\/index.php\/wp-json\/wp\/v2\/categories?post=119938"},{"taxonomy":"post_tag","embeddable":true,"href":"https:\/\/www.actualidadadiario.com\/index.php\/wp-json\/wp\/v2\/tags?post=119938"}],"curies":[{"name":"wp","href":"https:\/\/api.w.org\/{rel}","templated":true}]}}