{"id":119930,"date":"2024-09-10T12:12:02","date_gmt":"2024-09-10T15:12:02","guid":{"rendered":"https:\/\/www.actualidadadiario.com\/?p=119930"},"modified":"2024-09-10T12:12:02","modified_gmt":"2024-09-10T15:12:02","slug":"nuevo-paro-y-movilizacion-de-los-docentes-universitarios","status":"publish","type":"post","link":"https:\/\/www.actualidadadiario.com\/index.php\/2024\/09\/10\/nuevo-paro-y-movilizacion-de-los-docentes-universitarios\/","title":{"rendered":"Nuevo paro y movilizaci\u00f3n de los docentes universitarios"},"content":{"rendered":"<p style=\"text-align: center;\"><em><strong>La CONADU hist\u00f3rica decret\u00f3 un paro de 48 horas para esta semana. Adem\u00e1s, decidieron sumarse a la marcha de los jubilados<\/strong><\/em><\/p>\n<p>&nbsp;<\/p>\n<p>&nbsp;<\/p>\n<p>Los docentes universitarios decidieron un nuevo parto para esta semana, que se extender\u00e1 por 48 horas, entre el mi\u00e9rcoles 11 y en jueves 12. La medida de fuerza se toma en reclamo de mejoras salariales y en apoyo al proyecto de Ley de Financiamiento Universitario. A su vez determinaron que van a marchar en apoyo de la lucha por la movilidad jubilatoria.<\/p>\n<p>Estas medidas de fuerza representan la continuidad de la medida de lucha que durante todo este a\u00f1o realizaron los docentes. Es m\u00e1s el jueves pasada, el 5, tambi\u00e9n pararon por 24 horas, al no tratarse el proyecto de la Ley de Financiamiento en el Senado. Anteriormente hab\u00edan efectuado una medida similar que se prolong\u00f3 durante dos jornadas entre 20 y 21 de agosto, en todos los casos, con el reclamo esencial de aumentos salariales.<\/p>\n<p>En la decisi\u00f3n se sostiene, respecto del costo de la normativa, que \u201cla Ley de Financiamiento Universitario cuesta 0,14% del PBI. Con solo lo que se baj\u00f3 el Impuesto PAIS se pagaba todo el presupuesto universitario. Ese logro que dice haber tenido el Presidente lo va a invertir en pago de deuda y represi\u00f3n y no en investigaci\u00f3n, ciencia y desarrollo nacional aut\u00f3nomo y salarios para los docentes\u00bb.<\/p>\n<p>Por su parte, el secretario Adjunto de la Federaci\u00f3n Argentina de los Trabajadores de las Universidades Nacionales (FATUN), Jorge Anr\u00f3, en declaraciones a la radio 750, expres\u00f3 que el \u201cGobierno est\u00e1 desangrando a las universidades porque no entran en su modelo de pa\u00eds de Milei. No entra, no le sirve y lo perjudica, porque la universidad forma seres pensantes que no le sirven para el modelo de pa\u00eds que quiere implementar, por eso la castiga\u00bb.<\/p>\n<p>El plenario de Conadu Hist\u00f3rica en una comunicaci\u00f3n realiz\u00f3 el anuncio del siguiente modo: \u201cEl mi\u00e9rcoles 11, la docencia universitaria y preuniversitaria, confluir\u00e1 en una concentraci\u00f3n frente al Congreso de la Naci\u00f3n con organizaciones sociales y las centrales sindicales en el reclamo de que la C\u00e1mara de Diputados\/as rechace el veto firmado por el presidente Javier Milei a la ley de movilidad jubilatoria. En ese sentido, el plenario ratific\u00f3 el en\u00e9rgico rechazo a la represi\u00f3n contra las y los jubilados perpetrada por las fuerzas de seguridad a las \u00f3rdenes de la ministra de Seguridad, Patricia Bullrich. Por otra parte, el jueves 12, el Senado dar\u00e1 tratamiento a la Ley de Financiamiento Universitario que ya cuenta con media sanci\u00f3n de la C\u00e1mara Baja. La Federaci\u00f3n se mantiene en estado de alerta -para coordinar las acciones necesarias- ante el ya anunciado veto presidencial a esta legislaci\u00f3n que permitir\u00eda salir del ahogo salarial y fija un piso de soluci\u00f3n a la grave situaci\u00f3n presupuestaria que atraviesa la universidad p\u00fablica y sus trabajadores\/as.<\/p>\n","protected":false},"excerpt":{"rendered":"<p>La CONADU hist\u00f3rica decret\u00f3 un paro de 48 horas para esta semana. Adem\u00e1s, decidieron sumarse a la marcha de los jubilados &nbsp; &nbsp; Los docentes universitarios decidieron un nuevo parto para esta semana, que se extender\u00e1 por 48 horas, entre el mi\u00e9rcoles 11 y en jueves 12. La medida de fuerza se toma en reclamo de mejoras salariales y en apoyo al proyecto de Ley de Financiamiento Universitario. A su vez determinaron que van a marchar en apoyo de la lucha por la movilidad jubilatoria. Estas medidas de fuerza representan&#8230;<\/p>\n","protected":false},"author":3,"featured_media":118286,"comment_status":"closed","ping_status":"closed","sticky":false,"template":"","format":"standard","meta":[],"categories":[2],"tags":[],"_links":{"self":[{"href":"https:\/\/www.actualidadadiario.com\/index.php\/wp-json\/wp\/v2\/posts\/119930"}],"collection":[{"href":"https:\/\/www.actualidadadiario.com\/index.php\/wp-json\/wp\/v2\/posts"}],"about":[{"href":"https:\/\/www.actualidadadiario.com\/index.php\/wp-json\/wp\/v2\/types\/post"}],"author":[{"embeddable":true,"href":"https:\/\/www.actualidadadiario.com\/index.php\/wp-json\/wp\/v2\/users\/3"}],"replies":[{"embeddable":true,"href":"https:\/\/www.actualidadadiario.com\/index.php\/wp-json\/wp\/v2\/comments?post=119930"}],"version-history":[{"count":1,"href":"https:\/\/www.actualidadadiario.com\/index.php\/wp-json\/wp\/v2\/posts\/119930\/revisions"}],"predecessor-version":[{"id":119931,"href":"https:\/\/www.actualidadadiario.com\/index.php\/wp-json\/wp\/v2\/posts\/119930\/revisions\/119931"}],"wp:featuredmedia":[{"embeddable":true,"href":"https:\/\/www.actualidadadiario.com\/index.php\/wp-json\/wp\/v2\/media\/118286"}],"wp:attachment":[{"href":"https:\/\/www.actualidadadiario.com\/index.php\/wp-json\/wp\/v2\/media?parent=119930"}],"wp:term":[{"taxonomy":"category","embeddable":true,"href":"https:\/\/www.actualidadadiario.com\/index.php\/wp-json\/wp\/v2\/categories?post=119930"},{"taxonomy":"post_tag","embeddable":true,"href":"https:\/\/www.actualidadadiario.com\/index.php\/wp-json\/wp\/v2\/tags?post=119930"}],"curies":[{"name":"wp","href":"https:\/\/api.w.org\/{rel}","templated":true}]}}