{"id":119927,"date":"2024-09-10T12:11:08","date_gmt":"2024-09-10T15:11:08","guid":{"rendered":"https:\/\/www.actualidadadiario.com\/?p=119927"},"modified":"2024-09-10T12:11:08","modified_gmt":"2024-09-10T15:11:08","slug":"lanzan-la-campana-de-vacunacion-contra-el-dengue-que-grupo-sera-el-primero-en-recibir-la-dosis","status":"publish","type":"post","link":"https:\/\/www.actualidadadiario.com\/index.php\/2024\/09\/10\/lanzan-la-campana-de-vacunacion-contra-el-dengue-que-grupo-sera-el-primero-en-recibir-la-dosis\/","title":{"rendered":"Lanzan la campa\u00f1a de vacunaci\u00f3n contra el dengue: qu\u00e9 grupo ser\u00e1 el primero en recibir la dosis"},"content":{"rendered":"<p style=\"text-align: center;\"><em><strong>El Ministerio de Salud anunci\u00f3 la compra de la vacuna Tetravalente, que empezar\u00e1 a ser aplicada a lo largo de este mes<\/strong><\/em><\/p>\n<p>&nbsp;<\/p>\n<p>&nbsp;<\/p>\n<p>Luego de lanzar el Plan Estrat\u00e9gico de Prevenci\u00f3n y Control del dengue 2024-2025 en mayo, en los d\u00edas previos a la llegada de la primavera, el Ministerio de Salud de la Naci\u00f3n compr\u00f3 la vacuna Tetravalente contra la enfermedad transmitida por los mosquitos.<\/p>\n<p>Los primeros en ser vacunados ser\u00e1n los j\u00f3venes de entre 15 y 19 a\u00f1os. La campa\u00f1a comenzar\u00e1 este mes en departamentos priorizados de las regiones del NOA, NEA y Centro seg\u00fan tasa de incidencia acumulada, densidad poblacional, determinantes sociales, acceso a la atenci\u00f3n y calidad, entre otras variables.<\/p>\n<p>A su vez, la cartera dirigida por Mario Russo agreg\u00f3 que para la primera etapa de vacunaci\u00f3n el gobierno nacional proveer\u00e1 vacunas a Catamarca, Chaco, C\u00f3rdoba, Entre R\u00edos, Formosa, Jujuy, La Rioja, Misiones, Salta, Santa Fe, y Santiago del Estero.<\/p>\n<p>&nbsp;<\/p>\n<p><strong>Plan de prevenci\u00f3n contra el dengue: todos los detalles<\/strong><\/p>\n<p>El Plan lanzado por el Gobierno en mayo de este a\u00f1o busca prevenir la propagaci\u00f3n de la enfermedad durante los pr\u00f3ximos meses, tras un ca\u00f3tico brote el verano pasado.<\/p>\n<p>El programa remarca la importancia de sostener las medidas de prevenci\u00f3n y control territorial del vector durante todo el a\u00f1o y fortalecer las acciones contra el mosquito.<\/p>\n<p>En ese sentido, desde Salud remarcaron que la eliminaci\u00f3n del mosquito es la primera l\u00ednea de defensa para frenar el dengue, y es clave el trabajo local y peridomiciliario para combatirlo. Los ejes centrales de la campa\u00f1a son el control local, la consulta temprana y el seguimiento domiciliario de casos.<\/p>\n<p>En lo que respecta a la atenci\u00f3n de los pacientes, tambi\u00e9n se puso en marcha la Red de Referentes Cl\u00ednicos provinciales y la Gu\u00eda de Lineamientos para la reorganizaci\u00f3n de los servicios de salud en situaciones de brotes o epidemias de dengue.<\/p>\n","protected":false},"excerpt":{"rendered":"<p>El Ministerio de Salud anunci\u00f3 la compra de la vacuna Tetravalente, que empezar\u00e1 a ser aplicada a lo largo de este mes &nbsp; &nbsp; Luego de lanzar el Plan Estrat\u00e9gico de Prevenci\u00f3n y Control del dengue 2024-2025 en mayo, en los d\u00edas previos a la llegada de la primavera, el Ministerio de Salud de la Naci\u00f3n compr\u00f3 la vacuna Tetravalente contra la enfermedad transmitida por los mosquitos. Los primeros en ser vacunados ser\u00e1n los j\u00f3venes de entre 15 y 19 a\u00f1os. La campa\u00f1a comenzar\u00e1 este mes en departamentos priorizados de&#8230;<\/p>\n","protected":false},"author":3,"featured_media":119928,"comment_status":"closed","ping_status":"closed","sticky":false,"template":"","format":"standard","meta":[],"categories":[2],"tags":[],"_links":{"self":[{"href":"https:\/\/www.actualidadadiario.com\/index.php\/wp-json\/wp\/v2\/posts\/119927"}],"collection":[{"href":"https:\/\/www.actualidadadiario.com\/index.php\/wp-json\/wp\/v2\/posts"}],"about":[{"href":"https:\/\/www.actualidadadiario.com\/index.php\/wp-json\/wp\/v2\/types\/post"}],"author":[{"embeddable":true,"href":"https:\/\/www.actualidadadiario.com\/index.php\/wp-json\/wp\/v2\/users\/3"}],"replies":[{"embeddable":true,"href":"https:\/\/www.actualidadadiario.com\/index.php\/wp-json\/wp\/v2\/comments?post=119927"}],"version-history":[{"count":1,"href":"https:\/\/www.actualidadadiario.com\/index.php\/wp-json\/wp\/v2\/posts\/119927\/revisions"}],"predecessor-version":[{"id":119929,"href":"https:\/\/www.actualidadadiario.com\/index.php\/wp-json\/wp\/v2\/posts\/119927\/revisions\/119929"}],"wp:featuredmedia":[{"embeddable":true,"href":"https:\/\/www.actualidadadiario.com\/index.php\/wp-json\/wp\/v2\/media\/119928"}],"wp:attachment":[{"href":"https:\/\/www.actualidadadiario.com\/index.php\/wp-json\/wp\/v2\/media?parent=119927"}],"wp:term":[{"taxonomy":"category","embeddable":true,"href":"https:\/\/www.actualidadadiario.com\/index.php\/wp-json\/wp\/v2\/categories?post=119927"},{"taxonomy":"post_tag","embeddable":true,"href":"https:\/\/www.actualidadadiario.com\/index.php\/wp-json\/wp\/v2\/tags?post=119927"}],"curies":[{"name":"wp","href":"https:\/\/api.w.org\/{rel}","templated":true}]}}