{"id":119915,"date":"2024-09-10T12:04:46","date_gmt":"2024-09-10T15:04:46","guid":{"rendered":"https:\/\/www.actualidadadiario.com\/?p=119915"},"modified":"2024-09-10T12:04:46","modified_gmt":"2024-09-10T15:04:46","slug":"en-los-primeros-siete-meses-del-gobierno-de-milei-se-perdieron-182-000-puestos-registrados","status":"publish","type":"post","link":"https:\/\/www.actualidadadiario.com\/index.php\/2024\/09\/10\/en-los-primeros-siete-meses-del-gobierno-de-milei-se-perdieron-182-000-puestos-registrados\/","title":{"rendered":"En los primeros siete meses del Gobierno de Milei se perdieron 182.000 puestos registrados"},"content":{"rendered":"<p style=\"text-align: center;\"><em><strong>La contracci\u00f3n asciende a 204.100 si se toma en cuenta el \u00faltimo pico de agosto del a\u00f1o pasado. En la medici\u00f3n solo de junio se llega a la conclusi\u00f3n que se profundiz\u00f3 la precarizaci\u00f3n laboral, mientras la cantidad de trabajadores asalariados en el sector privado cay\u00f3 por d\u00e9cimo mes consecutivo, se aceler\u00f3 el incremento en el n\u00famero monotributistas<\/strong><\/em><\/p>\n<p>&nbsp;<\/p>\n<p>&nbsp;<\/p>\n<p>Los primeros siete meses del Gobierno de Javier Milei se perdieron 182.500 puestos de trabajo asalariado (suma de empleados privados, p\u00fablicos y en casas particulares), mientras que la contracci\u00f3n es de 204.100 si se toma en cuenta el \u00faltimo pico de agosto del a\u00f1o pasado.<\/p>\n<p>Por su parte, en la medici\u00f3n solo de junio se llega a la conclusi\u00f3n que se profundiz\u00f3 la precarizaci\u00f3n laboral ya que, mientras la cantidad de trabajadores asalariados en el sector privado cay\u00f3 por d\u00e9cimo mes consecutivo, se aceler\u00f3 el incremento en el n\u00famero monotributistas.<\/p>\n<p>Seg\u00fan los datos del Sistema Integrado Previsional Argentino (SIPA) publicados este lunes por la Secretar\u00eda de Trabajo, en junio el empleo registrado total aument\u00f3 0,1%, al igual que en mayo. La variaci\u00f3n positiva fue explicada casi exclusivamente por la incorporaci\u00f3n de m\u00e1s de 40.000 trabajadores independientes con monotributo, de acuerdo con la serie desestacionalizada del SIPA.<\/p>\n<p>Ese aumento s\u00f3lo logr\u00f3 compensar la baja de 12.600 empleos asalariados formales en el sector privado. Mientras tanto, el empleo p\u00fablico no tuvo pr\u00e1cticamente cambios en comparaci\u00f3n con el mes previo y creci\u00f3 el empleo en casas particulares, algo que no ocurr\u00eda desde septiembre.<\/p>\n<p>En contraposici\u00f3n, la cantidad de monotributistas super\u00f3 en 164.500 a la de noviembre de 2023 y en 191.000 a la de agosto del mismo a\u00f1o. Desde la llegada de Milei a Casa Rosada, solo en marzo se verific\u00f3 una reducci\u00f3n en este segmento.<\/p>\n<p>Los trabajadores aut\u00f3nomos y los monotributistas sociales fueron los que presentaron las mayores ca\u00eddas mensuales en t\u00e9rminos porcentuales durante junio. En el acumulado de la era Milei, en el primer caso se vislumbra un incremento mientras que en el segundo el n\u00famero es negativo.<\/p>\n<p>Asimismo, estos datos reflejan un deterioro del mercado laboral: mientras se pierden fuentes laborales en el segmento con mayor estabilidad y seguridad, aumentan los puestos de trabajo en formas de contrataci\u00f3n m\u00e1s flexibles.<\/p>\n<p>Por otra parte, la Secretar\u00eda de Trabajo inform\u00f3 que los salarios de los asalariados formales en el sector privado aumentaron 3,9% real en junio, trat\u00e1ndose as\u00ed del tercer incremento seguido por encima de la inflaci\u00f3n. Por ende, los ingresos de este segmento de trabajadores, quiz\u00e1s el m\u00e1s &#8220;privilegiado&#8221; de toda la econom\u00eda&#8221;, quedaron 2,2% por debajo de noviembre.<\/p>\n","protected":false},"excerpt":{"rendered":"<p>La contracci\u00f3n asciende a 204.100 si se toma en cuenta el \u00faltimo pico de agosto del a\u00f1o pasado. En la medici\u00f3n solo de junio se llega a la conclusi\u00f3n que se profundiz\u00f3 la precarizaci\u00f3n laboral, mientras la cantidad de trabajadores asalariados en el sector privado cay\u00f3 por d\u00e9cimo mes consecutivo, se aceler\u00f3 el incremento en el n\u00famero monotributistas &nbsp; &nbsp; Los primeros siete meses del Gobierno de Javier Milei se perdieron 182.500 puestos de trabajo asalariado (suma de empleados privados, p\u00fablicos y en casas particulares), mientras que la contracci\u00f3n es&#8230;<\/p>\n","protected":false},"author":3,"featured_media":115646,"comment_status":"closed","ping_status":"closed","sticky":false,"template":"","format":"standard","meta":[],"categories":[9],"tags":[],"_links":{"self":[{"href":"https:\/\/www.actualidadadiario.com\/index.php\/wp-json\/wp\/v2\/posts\/119915"}],"collection":[{"href":"https:\/\/www.actualidadadiario.com\/index.php\/wp-json\/wp\/v2\/posts"}],"about":[{"href":"https:\/\/www.actualidadadiario.com\/index.php\/wp-json\/wp\/v2\/types\/post"}],"author":[{"embeddable":true,"href":"https:\/\/www.actualidadadiario.com\/index.php\/wp-json\/wp\/v2\/users\/3"}],"replies":[{"embeddable":true,"href":"https:\/\/www.actualidadadiario.com\/index.php\/wp-json\/wp\/v2\/comments?post=119915"}],"version-history":[{"count":1,"href":"https:\/\/www.actualidadadiario.com\/index.php\/wp-json\/wp\/v2\/posts\/119915\/revisions"}],"predecessor-version":[{"id":119916,"href":"https:\/\/www.actualidadadiario.com\/index.php\/wp-json\/wp\/v2\/posts\/119915\/revisions\/119916"}],"wp:featuredmedia":[{"embeddable":true,"href":"https:\/\/www.actualidadadiario.com\/index.php\/wp-json\/wp\/v2\/media\/115646"}],"wp:attachment":[{"href":"https:\/\/www.actualidadadiario.com\/index.php\/wp-json\/wp\/v2\/media?parent=119915"}],"wp:term":[{"taxonomy":"category","embeddable":true,"href":"https:\/\/www.actualidadadiario.com\/index.php\/wp-json\/wp\/v2\/categories?post=119915"},{"taxonomy":"post_tag","embeddable":true,"href":"https:\/\/www.actualidadadiario.com\/index.php\/wp-json\/wp\/v2\/tags?post=119915"}],"curies":[{"name":"wp","href":"https:\/\/api.w.org\/{rel}","templated":true}]}}