{"id":119911,"date":"2024-09-10T10:56:00","date_gmt":"2024-09-10T13:56:00","guid":{"rendered":"https:\/\/www.actualidadadiario.com\/?p=119911"},"modified":"2024-09-10T10:56:00","modified_gmt":"2024-09-10T13:56:00","slug":"reglamentan-la-adhesion-a-la-ley-nacional-de-prevencion-del-suicidio","status":"publish","type":"post","link":"https:\/\/www.actualidadadiario.com\/index.php\/2024\/09\/10\/reglamentan-la-adhesion-a-la-ley-nacional-de-prevencion-del-suicidio\/","title":{"rendered":"Reglamentan la adhesi\u00f3n a la Ley Nacional de Prevenci\u00f3n del Suicidio"},"content":{"rendered":"<p style=\"text-align: center;\"><em><strong>En el marco del D\u00eda Mundial y Nacional para la Prevenci\u00f3n del Suicidio la provincia reglament\u00f3 la Ley N\u00b0 10.605 mediante el Decreto N\u00ba 2466\/24. De este modo se avanza en institucionalizar estrategias y dispositivos de prevenci\u00f3n y posvenci\u00f3n, as\u00ed como la promoci\u00f3n de campa\u00f1as comunicacionales<\/strong><\/em><\/p>\n<p>&nbsp;<\/p>\n<p>&nbsp;<\/p>\n<p>Cada 10 de septiembre se conmemora el D\u00eda Mundial para la Prevenci\u00f3n del Suicidio. La fecha, promovida por la Asociaci\u00f3n Internacional para la Prevenci\u00f3n del Suicidio en colaboraci\u00f3n con la Organizaci\u00f3n Mundial de la Salud (OMS), busca visibilizar esta problem\u00e1tica de car\u00e1cter mundial, generar compromisos y brindar informaci\u00f3n confiable a la comunidad.<\/p>\n<p>El ministro de Salud, Guillermo Grieve, destac\u00f3: &#8220;Para nosotros la problem\u00e1tica del suicidio es una preocupaci\u00f3n muy actual, cuyo abordaje va m\u00e1s all\u00e1 de lo desarrollado por los equipos de salud mental; es as\u00ed que propiciamos el trabajo junto a los gobiernos locales, las instituciones civiles y la ciudadan\u00eda en su abordaje. Por eso, a partir de la firma de nuestro gobernador Rogelio Frigerio, con esta reglamentaci\u00f3n le estamos dando sustento legal a las diferentes estrategias comprendidas en la norma, muchas de las cuales ya se vienen llevando a cabo, y que ahora tambi\u00e9n se ampl\u00edan con el objetivo de realizar un abordaje integral&#8221;.<\/p>\n<p>En este contexto, el director de Salud Mental de la provincia, Gabriel Fern\u00e1ndez Mart\u00ednez, se\u00f1al\u00f3: &#8220;La Reglamentaci\u00f3n de la normativa a trav\u00e9s de la cual la provincia adhiri\u00f3 a la Ley Nacional de Prevenci\u00f3n del Suicidio, va en l\u00ednea con el compromiso asumido para abordar esta problem\u00e1tica de gran relevancia a nivel nacional, a la cual Entre R\u00edos no escapa&#8221;. Adem\u00e1s, el funcionario puntualiz\u00f3 que la Reglamentaci\u00f3n permite, &#8220;institucionalizar pol\u00edticas de cuidado en la salud mental y prevenci\u00f3n del suicidio que trasciendan las gestiones&#8221;.<\/p>\n<p>&nbsp;<\/p>\n<p><strong>Dispositivos de prevenci\u00f3n y abordaje<\/strong><\/p>\n<p>Cabe se\u00f1alar que, la provincia cuenta desde el 2020 con el Programa Provincial de Prevenci\u00f3n del Suicidio, dependiente del Ministerio de Salud. Este Programa, contemplado en la Reglamentaci\u00f3n, tiene entre sus funciones: Fomentar estrategias de prevenci\u00f3n, promoci\u00f3n y posvenci\u00f3n intersectoriales en territorio; generar instancias de formaci\u00f3n y materiales de consulta para los equipos de salud y otras \u00e1reas; producir instancias de sensibilizaci\u00f3n y difusi\u00f3n de los lineamientos para el abordaje responsable de la problem\u00e1tica del suicidio en los medios de comunicaci\u00f3n, entre otros.<\/p>\n<p>Adem\u00e1s, Entre R\u00edos tiene en funcionamiento la l\u00ednea telef\u00f3nica 0800-777-2100 de orientaci\u00f3n y apoyo ante urgencias por motivos de salud mental. Este dispositivo funciona las 24 hs, todos\u00a0 los d\u00edas, y es atendido por duplas de profesionales de salud.<\/p>\n<p>&nbsp;<\/p>\n<p><strong>La importancia de hablar de suicidio<\/strong><\/p>\n<p>El suicidio es una problem\u00e1tica compleja que emerge en lo colectivo. En este sentido, es importante trabajar con los equipos, la comunidad y los medios de comunicaci\u00f3n en relaci\u00f3n a los prejuicios y tab\u00faes que circulan socialmente en torno al suicidio y a la salud mental. Contrariamente a lo establecido en la creencia popular, hablar del suicidio no provoca actos de autolesi\u00f3n: justamente permite poner en palabras los problemas. La mejor forma de detectar si las personas tienen pensamientos suicidas es pregunt\u00e1ndolo.<\/p>\n","protected":false},"excerpt":{"rendered":"<p>En el marco del D\u00eda Mundial y Nacional para la Prevenci\u00f3n del Suicidio la provincia reglament\u00f3 la Ley N\u00b0 10.605 mediante el Decreto N\u00ba 2466\/24. De este modo se avanza en institucionalizar estrategias y dispositivos de prevenci\u00f3n y posvenci\u00f3n, as\u00ed como la promoci\u00f3n de campa\u00f1as comunicacionales &nbsp; &nbsp; Cada 10 de septiembre se conmemora el D\u00eda Mundial para la Prevenci\u00f3n del Suicidio. La fecha, promovida por la Asociaci\u00f3n Internacional para la Prevenci\u00f3n del Suicidio en colaboraci\u00f3n con la Organizaci\u00f3n Mundial de la Salud (OMS), busca visibilizar esta problem\u00e1tica de car\u00e1cter&#8230;<\/p>\n","protected":false},"author":3,"featured_media":105082,"comment_status":"closed","ping_status":"closed","sticky":false,"template":"","format":"standard","meta":[],"categories":[15],"tags":[],"_links":{"self":[{"href":"https:\/\/www.actualidadadiario.com\/index.php\/wp-json\/wp\/v2\/posts\/119911"}],"collection":[{"href":"https:\/\/www.actualidadadiario.com\/index.php\/wp-json\/wp\/v2\/posts"}],"about":[{"href":"https:\/\/www.actualidadadiario.com\/index.php\/wp-json\/wp\/v2\/types\/post"}],"author":[{"embeddable":true,"href":"https:\/\/www.actualidadadiario.com\/index.php\/wp-json\/wp\/v2\/users\/3"}],"replies":[{"embeddable":true,"href":"https:\/\/www.actualidadadiario.com\/index.php\/wp-json\/wp\/v2\/comments?post=119911"}],"version-history":[{"count":1,"href":"https:\/\/www.actualidadadiario.com\/index.php\/wp-json\/wp\/v2\/posts\/119911\/revisions"}],"predecessor-version":[{"id":119912,"href":"https:\/\/www.actualidadadiario.com\/index.php\/wp-json\/wp\/v2\/posts\/119911\/revisions\/119912"}],"wp:featuredmedia":[{"embeddable":true,"href":"https:\/\/www.actualidadadiario.com\/index.php\/wp-json\/wp\/v2\/media\/105082"}],"wp:attachment":[{"href":"https:\/\/www.actualidadadiario.com\/index.php\/wp-json\/wp\/v2\/media?parent=119911"}],"wp:term":[{"taxonomy":"category","embeddable":true,"href":"https:\/\/www.actualidadadiario.com\/index.php\/wp-json\/wp\/v2\/categories?post=119911"},{"taxonomy":"post_tag","embeddable":true,"href":"https:\/\/www.actualidadadiario.com\/index.php\/wp-json\/wp\/v2\/tags?post=119911"}],"curies":[{"name":"wp","href":"https:\/\/api.w.org\/{rel}","templated":true}]}}