{"id":119906,"date":"2024-09-10T10:52:07","date_gmt":"2024-09-10T13:52:07","guid":{"rendered":"https:\/\/www.actualidadadiario.com\/?p=119906"},"modified":"2024-09-10T10:52:07","modified_gmt":"2024-09-10T13:52:07","slug":"galimberti-sobre-su-renuncia-a-la-banca-de-diputados-se-trata-de-una-decision-meditada-y-acordada","status":"publish","type":"post","link":"https:\/\/www.actualidadadiario.com\/index.php\/2024\/09\/10\/galimberti-sobre-su-renuncia-a-la-banca-de-diputados-se-trata-de-una-decision-meditada-y-acordada\/","title":{"rendered":"Galimberti sobre su renuncia a la banca de Diputados: \u201cSe trata de una decisi\u00f3n meditada y acordada\u201d"},"content":{"rendered":"<p style=\"text-align: center;\"><em><strong>Galimberti, que gobern\u00f3 Chajar\u00ed en dos oportunidades, presidi\u00f3 la UCR entrerriana y le compiti\u00f3 en las PASO a Frigerio por la Gobernaci\u00f3n de Entre R\u00edos, explic\u00f3 por qu\u00e9 dej\u00f3 su banca de diputado y asume como delegado de la Comisi\u00f3n Mixta de Salto Grande. . El Salto Grande a la \u201ccolectora de cargos\u201d y el \u201cmercantilismo pol\u00edtico&#8221;<\/strong><\/em><\/p>\n<p>&nbsp;<\/p>\n<p>&nbsp;<\/p>\n<p>El diputado radical Pedro Galimberti, que renunci\u00f3 a su banca este lunes para asumir como nuevo integrante de la Comisi\u00f3n T\u00e9cnica Mixta de Salto Grande, organismo binacional que opera sobre el r\u00edo Uruguay, explic\u00f3 las razones de su decisi\u00f3n.<\/p>\n<p>Lo hizo en una publicaci\u00f3n que realiz\u00f3 este martes a la ma\u00f1ana en su red social X:<\/p>\n<p><em>\u201cHoy se public\u00f3 en el Bolet\u00edn Oficial el decreto de mi nombramiento como Delegado de la Comisi\u00f3n T\u00e9cnica Mixta (CTM) de Salto Grande. Asumo este desaf\u00edo con compromiso, entusiasmo y responsabilidad, en representaci\u00f3n de Entre R\u00edos, a propuesta del Gobernador Rogelio Frigerio\u201d.<\/em><\/p>\n<p><em>\u201cSe trata de una decisi\u00f3n meditada y acordada con los dirigentes con quienes compartimos proyectos en com\u00fan y, en particular, con los de la regi\u00f3n de Santo Grande, donde la construcci\u00f3n de la represa modific\u00f3 sustancialmente la vida de la poblaci\u00f3n\u201d.<\/em><\/p>\n<p><em>\u201cA partir del dictado del Decreto N\u00ba523\/2024 este nombramiento lo realiza el Poder Ejecutivo Nacional a propuesta de la Provincia, con lo cual mi tarea en este organismo binacional ser\u00e1 representar los intereses de los entrerrianos\u201d.<\/em><\/p>\n<p><em>\u201cLa CTM entiende en lo que, para m\u00ed, es un asunto fundamental para el desarrollo y el crecimiento: la producci\u00f3n y transmisi\u00f3n de energ\u00eda. Sobre estos temas vengo trabajando hace varios a\u00f1os, en la escala micro y tambi\u00e9n en mi funci\u00f3n legislativa\u201d.<\/em><\/p>\n<p><em>\u201cImpuls\u00e9, oportunamente el foro de las Jornadas de Energ\u00edas Renovables en Chajar\u00ed y para ello luego creamos programas espec\u00edficos\u201d.<\/em><\/p>\n<p><em>\u201cEn mi rol de Diputado impuls\u00e9 un proyecto de reducci\u00f3n del IVA a luz, gas y agua y present\u00e9 otro vinculado con las deudas de las distribuidoras el\u00e9ctricas con la Compa\u00f1\u00eda Administradora del Mercado El\u00e9ctrico Mayorista, Sociedad An\u00f3nima y\/o con el Mercado El\u00e9ctrico Mayorista\u201d.<\/em><\/p>\n<p><em>\u201cAdem\u00e1s, en la \u00faltima sesi\u00f3n de la C\u00e1mara de la Naci\u00f3n Diputados reclam\u00e9 para que a Salto Grande se le abone, por la energ\u00eda generada, en igualdad de condiciones a las empresas que tienen un status jur\u00eddico similar, como es el caso de la Represa de Yacyret\u00e1\u201d.<\/em><\/p>\n<p><em>\u201cLa energ\u00eda, estoy convencido, es parte de la agenda de problemas del presente, pero sobre todo del futuro. Tendremos, en esta materia, una tarea ardua, no exenta de escollos, para generar una mejor compensaci\u00f3n, para los entrerrianos, por la energ\u00eda producida al Sistema Nacional\u201d.<\/em><\/p>\n<p><em>\u201cComo en cada lugar que me he desempe\u00f1ado asumo el desaf\u00edo de trabajar mucho y representar los intereses de los entrerrianos de la mejor manera en este asunto estrat\u00e9gico para mi provincia\u201d. <\/em><\/p>\n<p>&nbsp;<\/p>\n<p><strong>El Salto Grande a la \u201ccolectora de cargos\u201d y el \u201cmercantilismo pol\u00edtico\u201d<\/strong><\/p>\n<p>El 29 de junio del a\u00f1o pasado, cuando era precandidato por Juntos por Entre R\u00edos y compet\u00ed a contra el aparato de Rogelio Frigerio para suceder a Gustavo Bordet en la gobernaci\u00f3n, Galimberti difundi\u00f3 una carta abierta a la ciudadan\u00eda entrerriana en la que sal\u00eda con los tapones de punta contra su adversario por impedirle el pegado con quienes eran precandidatos a presidente, Patricia Bullrich y Horacio Rodr\u00edguez Larreta<\/p>\n<p>\u201cLos que construyen con actitud antidemocr\u00e1tica gobiernan de la misma manera\u201d, se titulaba el duro texto en el que cuestionaba a miembros de la alianza UCR-PRO y pon\u00eda el alerta sobre la falta de reglas de juego claras.<\/p>\n<p>Advert\u00eda sobre Juntos por Entre R\u00edos como una &#8216;colectora de cargos&#8217; y destacaba las convicciones de su espacio por sobre el \u201cmercantilismo pol\u00edtico\u201d que hab\u00eda enfrente.<\/p>\n<p><em>\u201cLamentamos la decisi\u00f3n de nuestros precandidatos a Presidentes, Horacio Rodr\u00edguez Larreta y Patricia Bullrich; y de nuestro competidor, Rogelio Frigerio; pero m\u00e1s me entristece la labor servil, complaciente y sumisa de las autoridades de la Uni\u00f3n C\u00edvica Radical nacional y provincial, Gerardo Morales y Fuad Sosa, que se suben al furg\u00f3n de los cargos y dejan ideas y principios en cualquier and\u00e9n\u201d,<\/em> expresaba en esa carta en la que apuntaba contra quienes hab\u00edan trabajado para impedir la posibilidad de que pegue con las boletas de los presidenciables.<\/p>\n<p><em>\u201cMe queda la absoluta tranquilidad que nos asiste la raz\u00f3n y que frente a tanto &#8216;mercantilismo pol\u00edtico&#8217; podemos oponer convicciones, ideas y valores absolutamente distintos a otros actores de la vida pol\u00edtica\u201d,<\/em> dec\u00eda el radical en la misiva que escribi\u00f3 hace poco m\u00e1s de un a\u00f1o.<\/p>\n","protected":false},"excerpt":{"rendered":"<p>Galimberti, que gobern\u00f3 Chajar\u00ed en dos oportunidades, presidi\u00f3 la UCR entrerriana y le compiti\u00f3 en las PASO a Frigerio por la Gobernaci\u00f3n de Entre R\u00edos, explic\u00f3 por qu\u00e9 dej\u00f3 su banca de diputado y asume como delegado de la Comisi\u00f3n Mixta de Salto Grande. . El Salto Grande a la \u201ccolectora de cargos\u201d y el \u201cmercantilismo pol\u00edtico&#8221; &nbsp; &nbsp; El diputado radical Pedro Galimberti, que renunci\u00f3 a su banca este lunes para asumir como nuevo integrante de la Comisi\u00f3n T\u00e9cnica Mixta de Salto Grande, organismo binacional que opera sobre el&#8230;<\/p>\n","protected":false},"author":3,"featured_media":118193,"comment_status":"closed","ping_status":"closed","sticky":false,"template":"","format":"standard","meta":[],"categories":[15],"tags":[],"_links":{"self":[{"href":"https:\/\/www.actualidadadiario.com\/index.php\/wp-json\/wp\/v2\/posts\/119906"}],"collection":[{"href":"https:\/\/www.actualidadadiario.com\/index.php\/wp-json\/wp\/v2\/posts"}],"about":[{"href":"https:\/\/www.actualidadadiario.com\/index.php\/wp-json\/wp\/v2\/types\/post"}],"author":[{"embeddable":true,"href":"https:\/\/www.actualidadadiario.com\/index.php\/wp-json\/wp\/v2\/users\/3"}],"replies":[{"embeddable":true,"href":"https:\/\/www.actualidadadiario.com\/index.php\/wp-json\/wp\/v2\/comments?post=119906"}],"version-history":[{"count":1,"href":"https:\/\/www.actualidadadiario.com\/index.php\/wp-json\/wp\/v2\/posts\/119906\/revisions"}],"predecessor-version":[{"id":119907,"href":"https:\/\/www.actualidadadiario.com\/index.php\/wp-json\/wp\/v2\/posts\/119906\/revisions\/119907"}],"wp:featuredmedia":[{"embeddable":true,"href":"https:\/\/www.actualidadadiario.com\/index.php\/wp-json\/wp\/v2\/media\/118193"}],"wp:attachment":[{"href":"https:\/\/www.actualidadadiario.com\/index.php\/wp-json\/wp\/v2\/media?parent=119906"}],"wp:term":[{"taxonomy":"category","embeddable":true,"href":"https:\/\/www.actualidadadiario.com\/index.php\/wp-json\/wp\/v2\/categories?post=119906"},{"taxonomy":"post_tag","embeddable":true,"href":"https:\/\/www.actualidadadiario.com\/index.php\/wp-json\/wp\/v2\/tags?post=119906"}],"curies":[{"name":"wp","href":"https:\/\/api.w.org\/{rel}","templated":true}]}}