{"id":119904,"date":"2024-09-10T10:51:14","date_gmt":"2024-09-10T13:51:14","guid":{"rendered":"https:\/\/www.actualidadadiario.com\/?p=119904"},"modified":"2024-09-10T10:56:40","modified_gmt":"2024-09-10T13:56:40","slug":"sale-orabona-entra-galimberti-nacion-publico-en-el-boletin-oficial-el-decreto-de-designacion-en-salto-grande","status":"publish","type":"post","link":"https:\/\/www.actualidadadiario.com\/index.php\/2024\/09\/10\/sale-orabona-entra-galimberti-nacion-publico-en-el-boletin-oficial-el-decreto-de-designacion-en-salto-grande\/","title":{"rendered":"Naci\u00f3n public\u00f3 en el Bolet\u00edn Oficial el decreto de designaci\u00f3n en Salto Grande"},"content":{"rendered":"<p style=\"text-align: center;\"><em><strong>Horas despu\u00e9s de que Pedro Galimberti renunciara a la banca en la C\u00e1mara de Diputados de la Naci\u00f3n, el gobierno nacional public\u00f3 en el Bolet\u00edn Oficial el decreto 808\/2024, mediante el cual lo designa \u201cintegrante de la Delegaci\u00f3n Argentina ante la COMISI\u00d3N T\u00c9CNICA MIXTA DE SALTO GRANDE\u201d<\/strong><\/em><\/p>\n<p>&nbsp;<\/p>\n<p>&nbsp;<\/p>\n<p>&nbsp;<\/p>\n<p>La norma est\u00e1 fechada el 9 de septiembre y lleva las firmas del presidente, Javier Milei, y de la canciller, Diana Mondino.<\/p>\n<p>El nombramiento de Galimberti es el primero que se lleva a cabo siguiendo la metodolog\u00eda que acordara con las autoridades nacionales el Senador Edgardo Kueider, al poner condiciones para votar en favor de la llamada Ley Bases. Es decir, Naci\u00f3n se obliga a designar a quienes sean propuestos por el gobierno de Entre R\u00edos.<\/p>\n<p>Siguiendo tal modalidad, la provincia propuso al radical Galimberti, exintendente de Chajar\u00ed y diputado nacional, y a Juan Carlos Chagas, expresidente de la Delegaci\u00f3n Argentina ante la Comisi\u00f3n T\u00e9cnica Mixta de Salto Grande. Y, seg\u00fan trascendi\u00f3, la postulaci\u00f3n de Chagas fue una iniciativa del propio Kueider.<\/p>\n<p>Pero hasta el momento la designaci\u00f3n de este \u00faltimo no ha sido formalizada, por lo que contin\u00faa en el cargo H\u00e9ctor Maya. En la edici\u00f3n del Bolet\u00edn Oficial de este martes, s\u00f3lo fue publicado el decreto de nombramiento de Galimberti, para reemplazar a Juan Domingo Orabona, quien ejerc\u00eda como vicepresidente de la Delegaci\u00f3n Argentina.<\/p>\n<p>Orabona es un dirigente de m\u00e1xima confianza de Gustavo Bordet. Tras su paso como funcionario en la legislatura, fue imputado en la llamada \u201cCausa Contratos\u201d, que podr\u00eda ser elevada pr\u00f3ximamente a juicio. Est\u00e1 acusado por el Ministerio P\u00fablico Fiscal por entender que tuvo un relevante protagonismo en la gestaci\u00f3n de las contrataciones falsas y en el direccionamiento posterior de los fondos ilegales obtenidos.<\/p>\n<p>La Delegaci\u00f3n Argentina es presidida actualmente por Alejandro Daneri, cu\u00f1ado del gobernador Rogelio Frigerio, hombre con antecedentes en la funci\u00f3n p\u00fablica en las gestiones de Carlos Menem y de Mauricio Macri.<\/p>\n","protected":false},"excerpt":{"rendered":"<p>Horas despu\u00e9s de que Pedro Galimberti renunciara a la banca en la C\u00e1mara de Diputados de la Naci\u00f3n, el gobierno nacional public\u00f3 en el Bolet\u00edn Oficial el decreto 808\/2024, mediante el cual lo designa \u201cintegrante de la Delegaci\u00f3n Argentina ante la COMISI\u00d3N T\u00c9CNICA MIXTA DE SALTO GRANDE\u201d &nbsp; &nbsp; &nbsp; La norma est\u00e1 fechada el 9 de septiembre y lleva las firmas del presidente, Javier Milei, y de la canciller, Diana Mondino. El nombramiento de Galimberti es el primero que se lleva a cabo siguiendo la metodolog\u00eda que acordara con&#8230;<\/p>\n","protected":false},"author":3,"featured_media":105085,"comment_status":"closed","ping_status":"closed","sticky":false,"template":"","format":"standard","meta":[],"categories":[15],"tags":[],"_links":{"self":[{"href":"https:\/\/www.actualidadadiario.com\/index.php\/wp-json\/wp\/v2\/posts\/119904"}],"collection":[{"href":"https:\/\/www.actualidadadiario.com\/index.php\/wp-json\/wp\/v2\/posts"}],"about":[{"href":"https:\/\/www.actualidadadiario.com\/index.php\/wp-json\/wp\/v2\/types\/post"}],"author":[{"embeddable":true,"href":"https:\/\/www.actualidadadiario.com\/index.php\/wp-json\/wp\/v2\/users\/3"}],"replies":[{"embeddable":true,"href":"https:\/\/www.actualidadadiario.com\/index.php\/wp-json\/wp\/v2\/comments?post=119904"}],"version-history":[{"count":2,"href":"https:\/\/www.actualidadadiario.com\/index.php\/wp-json\/wp\/v2\/posts\/119904\/revisions"}],"predecessor-version":[{"id":119914,"href":"https:\/\/www.actualidadadiario.com\/index.php\/wp-json\/wp\/v2\/posts\/119904\/revisions\/119914"}],"wp:featuredmedia":[{"embeddable":true,"href":"https:\/\/www.actualidadadiario.com\/index.php\/wp-json\/wp\/v2\/media\/105085"}],"wp:attachment":[{"href":"https:\/\/www.actualidadadiario.com\/index.php\/wp-json\/wp\/v2\/media?parent=119904"}],"wp:term":[{"taxonomy":"category","embeddable":true,"href":"https:\/\/www.actualidadadiario.com\/index.php\/wp-json\/wp\/v2\/categories?post=119904"},{"taxonomy":"post_tag","embeddable":true,"href":"https:\/\/www.actualidadadiario.com\/index.php\/wp-json\/wp\/v2\/tags?post=119904"}],"curies":[{"name":"wp","href":"https:\/\/api.w.org\/{rel}","templated":true}]}}