{"id":119902,"date":"2024-09-10T10:50:05","date_gmt":"2024-09-10T13:50:05","guid":{"rendered":"https:\/\/www.actualidadadiario.com\/?p=119902"},"modified":"2024-09-10T10:50:05","modified_gmt":"2024-09-10T13:50:05","slug":"mas-de-3-400-estudiantes-participaron-de-la-primera-jornada-del-becario-te-muestra","status":"publish","type":"post","link":"https:\/\/www.actualidadadiario.com\/index.php\/2024\/09\/10\/mas-de-3-400-estudiantes-participaron-de-la-primera-jornada-del-becario-te-muestra\/","title":{"rendered":"M\u00e1s de 3.400 estudiantes participaron de la primera jornada del Becario te Muestra"},"content":{"rendered":"<p style=\"text-align: center;\"><em><strong>La Feria de Carreras y Oficios es impulsada por el Instituto Becario Provincial y cuenta con la participaci\u00f3n de 45 instituciones de nivel superior. Adem\u00e1s de stands, est\u00e1n previstas charlas para estudiantes. La segunda jornada se desarrollar\u00e1 este martes en el Centro Provincial de Convenciones de Paran\u00e1, de 8 a 17. El evento es libre y gratuito<\/strong><\/em><\/p>\n<p>&nbsp;<\/p>\n<p>&nbsp;<\/p>\n<p>Este lunes qued\u00f3 formalmente inaugurada la 12\u00b0 edici\u00f3n de este evento, jornada que cont\u00f3 con la participaci\u00f3n de m\u00e1s de 3.400 estudiantes de los \u00faltimos a\u00f1os de la escuela secundaria. Junto a sus docentes, los j\u00f3venes recabaron informaci\u00f3n sobre 45 universidades, institutos terciarios y de capacitaci\u00f3n de la provincia y la regi\u00f3n.<\/p>\n<p>En ese marco, la vicegobernadora de Entre R\u00edos, Alicia Aluani, qui\u00e9n recorri\u00f3 la feria junto a otras autoridades provinciales y municipales, resalt\u00f3 la gran participaci\u00f3n de estudiantes secundarios. &#8220;Celebro este tipo de convocatorias porque ellos son el futuro&#8221;, subray\u00f3.<\/p>\n<p>Asimismo, Aluani se\u00f1al\u00f3 que el objetivo de la jornada es &#8220;demostrar lo que tenemos en la provincia, qu\u00e9 carreras pueden seguir y qu\u00e9 pueden ser el d\u00eda de ma\u00f1ana. Hay muchas carreras que son 100 por ciento presenciales, otras combinan virtualidad con presencialidad, y eso es muy valioso en los tiempos que corren&#8221;.<\/p>\n<p>El director ejecutivo del organismo becario, Mariano Berdi\u00f1as, agradeci\u00f3 la presencia de la vicegobernadora y remarc\u00f3 que &#8220;es sumamente importante que desde el gobierno se acompa\u00f1e esta iniciativa&#8221;. Y destac\u00f3 que la muestra se ha ido jerarquizando, con la presencia de las principales casas de altos estudios de la regi\u00f3n.<\/p>\n<p>A su momento, la presidenta del Directorio del Instituto Becario, Claudia Silva, indic\u00f3 que &#8220;estudiantes de toda la provincia pueden recorrer cada oferta, pensando qu\u00e9 hacer y qu\u00e9 ser. Este martes estaremos de 8 a 17 con esta propuesta educativa que incluye m\u00e1s charlas y juegos l\u00fadicos&#8221;, concluy\u00f3.<\/p>\n<p>Acompa\u00f1aron la recorrida por los stands la presidenta del Consejo General de Educaci\u00f3n (CGE), Alicia Fregonese, legisladores provinciales, funcionarios provinciales y municipales, entre otros.<\/p>\n","protected":false},"excerpt":{"rendered":"<p>La Feria de Carreras y Oficios es impulsada por el Instituto Becario Provincial y cuenta con la participaci\u00f3n de 45 instituciones de nivel superior. Adem\u00e1s de stands, est\u00e1n previstas charlas para estudiantes. La segunda jornada se desarrollar\u00e1 este martes en el Centro Provincial de Convenciones de Paran\u00e1, de 8 a 17. El evento es libre y gratuito &nbsp; &nbsp; Este lunes qued\u00f3 formalmente inaugurada la 12\u00b0 edici\u00f3n de este evento, jornada que cont\u00f3 con la participaci\u00f3n de m\u00e1s de 3.400 estudiantes de los \u00faltimos a\u00f1os de la escuela secundaria. Junto&#8230;<\/p>\n","protected":false},"author":3,"featured_media":90384,"comment_status":"closed","ping_status":"closed","sticky":false,"template":"","format":"standard","meta":[],"categories":[15],"tags":[],"_links":{"self":[{"href":"https:\/\/www.actualidadadiario.com\/index.php\/wp-json\/wp\/v2\/posts\/119902"}],"collection":[{"href":"https:\/\/www.actualidadadiario.com\/index.php\/wp-json\/wp\/v2\/posts"}],"about":[{"href":"https:\/\/www.actualidadadiario.com\/index.php\/wp-json\/wp\/v2\/types\/post"}],"author":[{"embeddable":true,"href":"https:\/\/www.actualidadadiario.com\/index.php\/wp-json\/wp\/v2\/users\/3"}],"replies":[{"embeddable":true,"href":"https:\/\/www.actualidadadiario.com\/index.php\/wp-json\/wp\/v2\/comments?post=119902"}],"version-history":[{"count":1,"href":"https:\/\/www.actualidadadiario.com\/index.php\/wp-json\/wp\/v2\/posts\/119902\/revisions"}],"predecessor-version":[{"id":119903,"href":"https:\/\/www.actualidadadiario.com\/index.php\/wp-json\/wp\/v2\/posts\/119902\/revisions\/119903"}],"wp:featuredmedia":[{"embeddable":true,"href":"https:\/\/www.actualidadadiario.com\/index.php\/wp-json\/wp\/v2\/media\/90384"}],"wp:attachment":[{"href":"https:\/\/www.actualidadadiario.com\/index.php\/wp-json\/wp\/v2\/media?parent=119902"}],"wp:term":[{"taxonomy":"category","embeddable":true,"href":"https:\/\/www.actualidadadiario.com\/index.php\/wp-json\/wp\/v2\/categories?post=119902"},{"taxonomy":"post_tag","embeddable":true,"href":"https:\/\/www.actualidadadiario.com\/index.php\/wp-json\/wp\/v2\/tags?post=119902"}],"curies":[{"name":"wp","href":"https:\/\/api.w.org\/{rel}","templated":true}]}}