{"id":119900,"date":"2024-09-10T10:49:12","date_gmt":"2024-09-10T13:49:12","guid":{"rendered":"https:\/\/www.actualidadadiario.com\/?p=119900"},"modified":"2024-09-10T10:49:12","modified_gmt":"2024-09-10T13:49:12","slug":"el-epre-modifico-el-cuadro-tarifario","status":"publish","type":"post","link":"https:\/\/www.actualidadadiario.com\/index.php\/2024\/09\/10\/el-epre-modifico-el-cuadro-tarifario\/","title":{"rendered":"El EPRE modific\u00f3 el cuadro tarifario"},"content":{"rendered":"<p style=\"text-align: center;\"><em><strong>A trav\u00e9s de la resoluci\u00f3n N\u00b0 175, fechada el pasado viernes 6, el Ente Provincial Regulador de Energ\u00eda (EPRE) modific\u00f3 el costo de la energ\u00eda el\u00e9ctrica en Entre R\u00edos<\/strong><\/em><\/p>\n<p>&nbsp;<\/p>\n<p>&nbsp;<\/p>\n<p>El Ente Provincial Regulador de Energ\u00eda (EPRE) actualiz\u00f3 nuevamente el costo de la energ\u00eda el\u00e9ctrica en Entre R\u00edos mediante la resoluci\u00f3n N\u00b0 175, publicada el pasado viernes 6 de septiembre. Esta modificaci\u00f3n sigue a la reciente resoluci\u00f3n N\u00b0 172, emitida el 28 de agosto, que hab\u00eda aprobado una actualizaci\u00f3n en el cuadro tarifario propuesto por la distribuidora estatal Energ\u00eda Entre R\u00edos SA (Enersa) para los consumos de octubre de 2024.<\/p>\n<p>La resoluci\u00f3n N\u00b0 172 hab\u00eda ajustado los Costos de Distribuci\u00f3n seg\u00fan el procedimiento establecido en la Resoluci\u00f3n EPRE N\u00b0 219\/22 y en la Resoluci\u00f3n EPRE N\u00b0 69\/24. En esa ocasi\u00f3n, el cargo fijo mensual para todos los usuarios pas\u00f3 de $2.492,24 a $2.642,55.<\/p>\n<p>Sin embargo, una nueva disposici\u00f3n dictada por la Secretar\u00eda Ministerial de Energ\u00eda de Entre R\u00edos el 5 de septiembre, a trav\u00e9s de la resoluci\u00f3n N\u00b0 422, estableci\u00f3 una &#8220;suspensi\u00f3n transitoria y excepcional&#8221; del ajuste del Valor Agregado de Distribuci\u00f3n (VAD). Como resultado, el 6 de septiembre, Enersa present\u00f3 un nuevo cuadro tarifario al EPRE para los meses de septiembre y octubre de 2024, en conformidad con la resoluci\u00f3n N\u00b0 422.<\/p>\n<p>Debido a esta suspensi\u00f3n, el EPRE decidi\u00f3 dejar sin efecto las tarifas previamente aprobadas para los meses de septiembre y octubre de 2024, y elaborar un nuevo cuadro tarifario basado en los valores de VAD del mes de agosto de este a\u00f1o. No obstante, el organismo aclara que la vigencia de este nuevo cuadro tarifario est\u00e1 sujeta a posibles cambios en los precios mayoristas de energ\u00eda, potencia y transporte dictados por la Secretar\u00eda de Energ\u00eda El\u00e9ctrica de la Naci\u00f3n (SEN), lo que podr\u00eda llevar a nuevas modificaciones en las tarifas por parte de las distribuidoras.<\/p>\n","protected":false},"excerpt":{"rendered":"<p>A trav\u00e9s de la resoluci\u00f3n N\u00b0 175, fechada el pasado viernes 6, el Ente Provincial Regulador de Energ\u00eda (EPRE) modific\u00f3 el costo de la energ\u00eda el\u00e9ctrica en Entre R\u00edos &nbsp; &nbsp; El Ente Provincial Regulador de Energ\u00eda (EPRE) actualiz\u00f3 nuevamente el costo de la energ\u00eda el\u00e9ctrica en Entre R\u00edos mediante la resoluci\u00f3n N\u00b0 175, publicada el pasado viernes 6 de septiembre. Esta modificaci\u00f3n sigue a la reciente resoluci\u00f3n N\u00b0 172, emitida el 28 de agosto, que hab\u00eda aprobado una actualizaci\u00f3n en el cuadro tarifario propuesto por la distribuidora estatal Energ\u00eda&#8230;<\/p>\n","protected":false},"author":3,"featured_media":86085,"comment_status":"closed","ping_status":"closed","sticky":false,"template":"","format":"standard","meta":[],"categories":[15],"tags":[],"_links":{"self":[{"href":"https:\/\/www.actualidadadiario.com\/index.php\/wp-json\/wp\/v2\/posts\/119900"}],"collection":[{"href":"https:\/\/www.actualidadadiario.com\/index.php\/wp-json\/wp\/v2\/posts"}],"about":[{"href":"https:\/\/www.actualidadadiario.com\/index.php\/wp-json\/wp\/v2\/types\/post"}],"author":[{"embeddable":true,"href":"https:\/\/www.actualidadadiario.com\/index.php\/wp-json\/wp\/v2\/users\/3"}],"replies":[{"embeddable":true,"href":"https:\/\/www.actualidadadiario.com\/index.php\/wp-json\/wp\/v2\/comments?post=119900"}],"version-history":[{"count":1,"href":"https:\/\/www.actualidadadiario.com\/index.php\/wp-json\/wp\/v2\/posts\/119900\/revisions"}],"predecessor-version":[{"id":119901,"href":"https:\/\/www.actualidadadiario.com\/index.php\/wp-json\/wp\/v2\/posts\/119900\/revisions\/119901"}],"wp:featuredmedia":[{"embeddable":true,"href":"https:\/\/www.actualidadadiario.com\/index.php\/wp-json\/wp\/v2\/media\/86085"}],"wp:attachment":[{"href":"https:\/\/www.actualidadadiario.com\/index.php\/wp-json\/wp\/v2\/media?parent=119900"}],"wp:term":[{"taxonomy":"category","embeddable":true,"href":"https:\/\/www.actualidadadiario.com\/index.php\/wp-json\/wp\/v2\/categories?post=119900"},{"taxonomy":"post_tag","embeddable":true,"href":"https:\/\/www.actualidadadiario.com\/index.php\/wp-json\/wp\/v2\/tags?post=119900"}],"curies":[{"name":"wp","href":"https:\/\/api.w.org\/{rel}","templated":true}]}}