{"id":119898,"date":"2024-09-10T10:48:27","date_gmt":"2024-09-10T13:48:27","guid":{"rendered":"https:\/\/www.actualidadadiario.com\/?p=119898"},"modified":"2024-09-10T10:48:27","modified_gmt":"2024-09-10T13:48:27","slug":"se-cumplen-210-anos-de-la-creacion-de-la-provincia-de-entre-rios","status":"publish","type":"post","link":"https:\/\/www.actualidadadiario.com\/index.php\/2024\/09\/10\/se-cumplen-210-anos-de-la-creacion-de-la-provincia-de-entre-rios\/","title":{"rendered":"Se cumplen 210 a\u00f1os de la creaci\u00f3n de la provincia de Entre R\u00edos"},"content":{"rendered":"<p style=\"text-align: center;\"><em><strong>Se cumple este martes un nuevo aniversario de la creaci\u00f3n formal de la provincia de Entre R\u00edos, ocurrida el 10 de septiembre de 1814 a trav\u00e9s de un decreto del Director Supremo Gervasio Posadas<\/strong><\/em><\/p>\n<p>&nbsp;<\/p>\n<p>&nbsp;<\/p>\n<p>&nbsp;<\/p>\n<p>El 10 de septiembre de 1814, el Director Supremo de las Provincias Unidas del R\u00edo de la Plata, Gervasio Antonio de Posadas, firm\u00f3 el decreto que dio lugar a la creaci\u00f3n de la Provincia de Entre R\u00edos. En el art\u00edculo primero de la norma define que \u00abEl territorio del Entrerrios con todos sus pueblos formar\u00e1 desde hoy en adelante una Provincia del Estado con la denominaci\u00f3n de Provincia del Entre-R\u00edos\u00bb. M\u00e1s adelante, en su art\u00edculo cuarto tambi\u00e9n dispone que \u00abLa Villa de la Concepci\u00f3n del Uruguay ser\u00e1 la Capital de la Provincia del Entre-R\u00edos; y la ciudad de Corrientes la de la Provincia de su nombre\u00bb.<\/p>\n<p>Es que hasta 1814, la Mesopotamia constitu\u00eda una sola jurisdicci\u00f3n pol\u00edtica, pero el 10 de septiembre de aquel a\u00f1o, el director supremo de las Provincias Unidas del R\u00edo de la Plata, Gervasio Antonio de Posadas, resuelve la divisi\u00f3n de ese territorio rodeado por grandes r\u00edos, surgiendo as\u00ed las provincias de Entre R\u00edos y Corrientes, quedando como parte de esta \u00faltima, por un largo per\u00edodo, el de la actual Misiones.<\/p>\n<p>El decreto de Posadas estableci\u00f3 que \u201cel territorio de Entre R\u00edos, con todos sus pueblos, formara en adelante una provincia del Estado con la denominaci\u00f3n de provincia del Entre-R\u00edos\u201d, planteando como l\u00edmites \u201cal Norte la l\u00ednea que entre los r\u00edos Paran\u00e1 y Uruguay forma el r\u00edo de Corrientes en su confluencia con aquel, hasta la del arroyo Aguarachay y este mismo arroyo con el Curuzu-Cuati\u00e1, hasta su confluencia con el Miri\u00f1ay, en las inmediaciones del Uruguay; al Este el Uruguay, y al Sud y Oeste, el Paran\u00e1\u201d.<\/p>\n<p>Esa disposici\u00f3n separ\u00f3 a la provincia de la intendencia de Buenos Aires y determin\u00f3 que el gobernador \u201ctendr\u00eda las mismas facultades, derechos, prerrogativas y dependencia, que las dem\u00e1s provincias del Estado\u201d.<\/p>\n<p>La creaci\u00f3n formal de la provincia de Entre R\u00edos se produjo en pleno proceso de configuraci\u00f3n pol\u00edtica de lo que hoy conocemos como Rep\u00fablica Argentina, y su organizaci\u00f3n federal y republicana se debe en gran parte a la lucha de los entrerrianos en defensa del principio de autonom\u00eda provincial.<\/p>\n","protected":false},"excerpt":{"rendered":"<p>Se cumple este martes un nuevo aniversario de la creaci\u00f3n formal de la provincia de Entre R\u00edos, ocurrida el 10 de septiembre de 1814 a trav\u00e9s de un decreto del Director Supremo Gervasio Posadas &nbsp; &nbsp; &nbsp; El 10 de septiembre de 1814, el Director Supremo de las Provincias Unidas del R\u00edo de la Plata, Gervasio Antonio de Posadas, firm\u00f3 el decreto que dio lugar a la creaci\u00f3n de la Provincia de Entre R\u00edos. En el art\u00edculo primero de la norma define que \u00abEl territorio del Entrerrios con todos sus&#8230;<\/p>\n","protected":false},"author":3,"featured_media":90694,"comment_status":"closed","ping_status":"closed","sticky":false,"template":"","format":"standard","meta":[],"categories":[9],"tags":[],"_links":{"self":[{"href":"https:\/\/www.actualidadadiario.com\/index.php\/wp-json\/wp\/v2\/posts\/119898"}],"collection":[{"href":"https:\/\/www.actualidadadiario.com\/index.php\/wp-json\/wp\/v2\/posts"}],"about":[{"href":"https:\/\/www.actualidadadiario.com\/index.php\/wp-json\/wp\/v2\/types\/post"}],"author":[{"embeddable":true,"href":"https:\/\/www.actualidadadiario.com\/index.php\/wp-json\/wp\/v2\/users\/3"}],"replies":[{"embeddable":true,"href":"https:\/\/www.actualidadadiario.com\/index.php\/wp-json\/wp\/v2\/comments?post=119898"}],"version-history":[{"count":1,"href":"https:\/\/www.actualidadadiario.com\/index.php\/wp-json\/wp\/v2\/posts\/119898\/revisions"}],"predecessor-version":[{"id":119899,"href":"https:\/\/www.actualidadadiario.com\/index.php\/wp-json\/wp\/v2\/posts\/119898\/revisions\/119899"}],"wp:featuredmedia":[{"embeddable":true,"href":"https:\/\/www.actualidadadiario.com\/index.php\/wp-json\/wp\/v2\/media\/90694"}],"wp:attachment":[{"href":"https:\/\/www.actualidadadiario.com\/index.php\/wp-json\/wp\/v2\/media?parent=119898"}],"wp:term":[{"taxonomy":"category","embeddable":true,"href":"https:\/\/www.actualidadadiario.com\/index.php\/wp-json\/wp\/v2\/categories?post=119898"},{"taxonomy":"post_tag","embeddable":true,"href":"https:\/\/www.actualidadadiario.com\/index.php\/wp-json\/wp\/v2\/tags?post=119898"}],"curies":[{"name":"wp","href":"https:\/\/api.w.org\/{rel}","templated":true}]}}