{"id":119855,"date":"2024-09-06T16:23:00","date_gmt":"2024-09-06T19:23:00","guid":{"rendered":"https:\/\/www.actualidadadiario.com\/?p=119855"},"modified":"2024-09-06T16:23:00","modified_gmt":"2024-09-06T19:23:00","slug":"llego-la-hora-de-tipificar-el-ecocidio-como-delito","status":"publish","type":"post","link":"https:\/\/www.actualidadadiario.com\/index.php\/2024\/09\/06\/llego-la-hora-de-tipificar-el-ecocidio-como-delito\/","title":{"rendered":"Lleg\u00f3 la hora de tipificar el ecocidio como delito"},"content":{"rendered":"<p style=\"text-align: center;\"><em><strong>Una encuesta refleja la profunda preocupaci\u00f3n que existe por el clima en personas de 22 pa\u00edses<\/strong><\/em><\/p>\n<p>&nbsp;<\/p>\n<p>&nbsp;<\/p>\n<p>Una nueva encuesta revela una profunda preocupaci\u00f3n por el estado del planeta. En el sondeo participaron 22.000 personas procedentes del grupo de las 19 principales econom\u00edas del G20, as\u00ed como de la Uni\u00f3n Europea y la Uni\u00f3n Africana.<\/p>\n<p>Esta preocupaci\u00f3n incluye un apoyo p\u00fablico abrumador a la penalizaci\u00f3n de los da\u00f1os ambientales y clim\u00e1ticos a gran escala. Es la primera vez que se plantea la cuesti\u00f3n del castigo penal en una encuesta de Global Commons.<\/p>\n<p>Un 72 por ciento de los participantes respaldaron la penalizaci\u00f3n de los da\u00f1os a la naturaleza, mientras que un 69 por ciento cree que la Tierra est\u00e1 cerca de un punto de inflexi\u00f3n clim\u00e1tico. S\u00f3lo el 13 por ciento de los participantes en la encuesta, realizada por la empresa de sondeos estadounidense Ipsos, se mostraron esc\u00e9pticos sobre el cambio clim\u00e1tico.<\/p>\n<p>Owen Gaffney, codirector de Earth4Life, un colectivo de pensadores econ\u00f3micos, cient\u00edficos y defensores de la naturaleza que ha encargado el estudio, se\u00f1ala que\u00a0 sigue existiendo una brecha entre estas graves preocupaciones y la &#8220;falta de ambici\u00f3n&#8221; de la pol\u00edtica de los gobiernos. Gaffney considera que los resultados de la encuesta son un &#8220;mandato firme&#8221; para la transformaci\u00f3n pol\u00edtica y econ\u00f3mica, necesaria para proteger la naturaleza y el clima.<\/p>\n<p>&nbsp;<\/p>\n<p><strong>Los m\u00e1s vulnerables a los impactos clim\u00e1ticos<\/strong><\/p>\n<p>De los 22 pa\u00edses encuestados, los participantes de aquellos clasificados como econom\u00edas emergentes se sienten m\u00e1s &#8220;expuestos personalmente al cambio clim\u00e1tico en comparaci\u00f3n con los de Europa y EE. UU.&#8221;, y arrastran &#8220;los niveles m\u00e1s altos de preocupaci\u00f3n y urgencia respecto a la acci\u00f3n clim\u00e1tica&#8221;, dice el informe.<\/p>\n<p>&#8220;Si vives en M\u00e9xico, Brasil, India, China, Indonesia o Sud\u00e1frica, te enfrentas a m\u00e1s riesgos medioambientales y clim\u00e1ticos personales, y est\u00e1s m\u00e1s preocupado por el estado del planeta&#8221;, explica Gaffney, que tambi\u00e9n es analista del Instituto Potsdam para la Investigaci\u00f3n del Impacto Clim\u00e1tico y del Centro de Resiliencia de Estocolmo.<\/p>\n<p>Mientras que los habitantes de Brasil se encuentran en las proximidades de la extensa selva amaz\u00f3nica, que &#8220;est\u00e1 cambiando muy r\u00e1pidamente&#8221;, afirma Gaffney, los de pa\u00edses europeos como Dinamarca o Suecia &#8220;tienen muchas menos probabilidades de sentirse expuestos a los riesgos medioambientales y clim\u00e1ticos&#8221;.<\/p>\n<p>Personas huyen de zonas inundadas en Nigeria en bote, con ni\u00f1os en brazos.<\/p>\n<p>&nbsp;<\/p>\n<p><strong>La mayor\u00eda coincide en que la Tierra est\u00e1 en un punto de inflexi\u00f3n<\/strong><\/p>\n<p>Una pregunta clave de la encuesta era si &#8220;la Tierra est\u00e1 cerca de &#8216;puntos de inflexi\u00f3n&#8217; medioambientales en los que el clima o la naturaleza, como las selvas tropicales o los glaciares, pueden cambiar repentinamente o ser m\u00e1s dif\u00edciles de estabilizar en el futuro&#8221;.<\/p>\n<p>Un 60 por ciento de los ciudadanos suecos encuestados se mostr\u00f3 muy de acuerdo con la afirmaci\u00f3n. La cifra ascend\u00eda al 86 por ciento en el caso de Kenia, con Indonesia, M\u00e9xico y Brasil no muy lejos.<\/p>\n<p>Arabia Saud\u00ed es un pa\u00eds extremadamente caluroso, situado en primera l\u00ednea del cambio clim\u00e1tico y, sin embargo, qued\u00f3 clasificado por debajo de Suecia en esta pregunta, supuestamente porque es un pa\u00eds rico, que puede permitirse adaptaciones como el aire acondicionado, o incluso viajes de verano a Europa, se\u00f1ala Gaffney.<\/p>\n<p>Alemania, a pesar de su gran apoyo a las energ\u00edas renovables y las pol\u00edticas ecol\u00f3gicas, registr\u00f3 el mayor n\u00famero de encuestados que se mostraron &#8220;indiferentes&#8221; ante el estado del medio ambiente y la necesidad de un cambio pol\u00edtico. Seg\u00fan Gaffney, esto podr\u00eda estar relacionado con el reciente ascenso de la ultraderecha clim\u00e1tica en el pa\u00eds y la consiguiente &#8220;desconfianza en el Gobierno&#8221;.<\/p>\n<p>La encuesta tambi\u00e9n midi\u00f3 los niveles de responsabilidad planetaria entre los ciudadanos. Seg\u00fan Gaffney, los resultados muestran que, tambi\u00e9n en este caso, la idea de responsabilidad planetaria era m\u00e1s fuerte entre los habitantes de econom\u00edas emergentes, como Brasil, Argentina, Sud\u00e1frica y Kenia.<\/p>\n<p>&nbsp;<\/p>\n<p><strong>Por qu\u00e9 la gente quiere tipificar el ecocidio como delito<\/strong><\/p>\n<p>Para Gaffney, el resultado m\u00e1s &#8220;sorprendente&#8221; del estudio fue el fuerte deseo de penalizar a quienes causan graves da\u00f1os a la naturaleza y al clima. Algunos gobiernos ya est\u00e1n tomando nota, legislando contra los delitos medioambientales m\u00e1s extremos, los clasificados como ecocidio.<\/p>\n<p>En B\u00e9lgica, el ecocidio se ha reconocido este a\u00f1o como delito, mientras que en Francia los infractores ya pueden ser encarcelados hasta una d\u00e9cada. Se han propuesto proyectos de ley similares en Brasil, Italia, M\u00e9xico, Pa\u00edses Bajos, Per\u00fa y Escocia, se\u00f1ala Jojo Mehta, cofundador y director general de Stop Ecocide International, que colabor\u00f3 en la encuesta.<\/p>\n<p>&#8220;Estamos asistiendo a importantes cambios pol\u00edticos a favor de una legislaci\u00f3n sobre ecocidio a escala nacional, regional e internacional&#8221;, afirma Mehta. Como, por ejemplo, la nueva directiva de la Uni\u00f3n Europea sobre delitos contra el medio ambiente, que se centra en los da\u00f1os a la naturaleza e incluye delitos comparables al ecocidio, a\u00f1ade Mehta.<\/p>\n<p>Este impulso legislativo procede en gran parte de la &#8220;demanda generalizada de la sociedad civil&#8221; que se refleja en la \u00faltima Encuesta Global de los Bienes Comunes. &#8220;La gente entiende claramente que las formas m\u00e1s graves de destrucci\u00f3n del medio ambiente nos perjudican a todos&#8221;, dice Mehta. Este impulso ayudar\u00e1 a alcanzar el objetivo \u00faltimo de incluir el ecocidio en el Estatuto de Roma de la Corte Penal Internacional, y a garantizar que &#8220;la destrucci\u00f3n masiva del medio ambiente se trate como un delito internacional grave&#8221;.<\/p>\n","protected":false},"excerpt":{"rendered":"<p>Una encuesta refleja la profunda preocupaci\u00f3n que existe por el clima en personas de 22 pa\u00edses &nbsp; &nbsp; Una nueva encuesta revela una profunda preocupaci\u00f3n por el estado del planeta. En el sondeo participaron 22.000 personas procedentes del grupo de las 19 principales econom\u00edas del G20, as\u00ed como de la Uni\u00f3n Europea y la Uni\u00f3n Africana. Esta preocupaci\u00f3n incluye un apoyo p\u00fablico abrumador a la penalizaci\u00f3n de los da\u00f1os ambientales y clim\u00e1ticos a gran escala. Es la primera vez que se plantea la cuesti\u00f3n del castigo penal en una encuesta&#8230;<\/p>\n","protected":false},"author":3,"featured_media":119856,"comment_status":"closed","ping_status":"closed","sticky":false,"template":"","format":"standard","meta":[],"categories":[4],"tags":[],"_links":{"self":[{"href":"https:\/\/www.actualidadadiario.com\/index.php\/wp-json\/wp\/v2\/posts\/119855"}],"collection":[{"href":"https:\/\/www.actualidadadiario.com\/index.php\/wp-json\/wp\/v2\/posts"}],"about":[{"href":"https:\/\/www.actualidadadiario.com\/index.php\/wp-json\/wp\/v2\/types\/post"}],"author":[{"embeddable":true,"href":"https:\/\/www.actualidadadiario.com\/index.php\/wp-json\/wp\/v2\/users\/3"}],"replies":[{"embeddable":true,"href":"https:\/\/www.actualidadadiario.com\/index.php\/wp-json\/wp\/v2\/comments?post=119855"}],"version-history":[{"count":1,"href":"https:\/\/www.actualidadadiario.com\/index.php\/wp-json\/wp\/v2\/posts\/119855\/revisions"}],"predecessor-version":[{"id":119857,"href":"https:\/\/www.actualidadadiario.com\/index.php\/wp-json\/wp\/v2\/posts\/119855\/revisions\/119857"}],"wp:featuredmedia":[{"embeddable":true,"href":"https:\/\/www.actualidadadiario.com\/index.php\/wp-json\/wp\/v2\/media\/119856"}],"wp:attachment":[{"href":"https:\/\/www.actualidadadiario.com\/index.php\/wp-json\/wp\/v2\/media?parent=119855"}],"wp:term":[{"taxonomy":"category","embeddable":true,"href":"https:\/\/www.actualidadadiario.com\/index.php\/wp-json\/wp\/v2\/categories?post=119855"},{"taxonomy":"post_tag","embeddable":true,"href":"https:\/\/www.actualidadadiario.com\/index.php\/wp-json\/wp\/v2\/tags?post=119855"}],"curies":[{"name":"wp","href":"https:\/\/api.w.org\/{rel}","templated":true}]}}