{"id":119843,"date":"2024-09-06T16:16:37","date_gmt":"2024-09-06T19:16:37","guid":{"rendered":"https:\/\/www.actualidadadiario.com\/?p=119843"},"modified":"2024-09-06T16:16:37","modified_gmt":"2024-09-06T19:16:37","slug":"la-medica-de-jose-mujica-dio-detalles-de-su-salud-tras-la-tercera-internacion-en-diez-dias","status":"publish","type":"post","link":"https:\/\/www.actualidadadiario.com\/index.php\/2024\/09\/06\/la-medica-de-jose-mujica-dio-detalles-de-su-salud-tras-la-tercera-internacion-en-diez-dias\/","title":{"rendered":"La m\u00e9dica de Jos\u00e9 Mujica dio detalles de su salud tras la tercera internaci\u00f3n en diez d\u00edas"},"content":{"rendered":"<p style=\"text-align: center;\"><em><strong>El expresidente fue ingresado a Casmu por un cuadro de deshidrataci\u00f3n y Raquel Pannone dijo que ser\u00eda \u00f3ptimo que se mantenga all\u00ed &#8220;por cuatro o cinco d\u00edas&#8221;<\/strong><\/em><\/p>\n<p>&nbsp;<\/p>\n<p>&nbsp;<\/p>\n<p>El expresidente Jos\u00e9 Mujica se encuentra internado en Casmu por tercera vez en diez d\u00edas y su m\u00e9dica Raquel Pannone precis\u00f3 que enfrenta un cuadro de deshidrataci\u00f3n, por lo cual ser\u00eda ideal que se mantenga hospitalizado entre cuatro y cinco d\u00edas.<\/p>\n<p>\u201cLa causa del traslado tiene que ver con que estaba recibiendo poco aporte l\u00edquido por v\u00eda oral y no estaba recibiendo alimento suficiente. Se le hicieron ex\u00e1menes, se lo rehidrat\u00f3 por v\u00eda intravenosa y est\u00e1 mejor\u201d, cont\u00f3 en rueda de prensa Pannone, en el marco de la lucha contra el c\u00e1ncer del expresidente.<\/p>\n<p>\u201cSe va a quedar ac\u00e1 todo lo que pueda para estabilizarlo e hidratarlo mejor. Vamos a hacer todo lo posible y no va a ser una tarea sencilla, lo ideal ser\u00edan cuatro o cinco d\u00edas\u201d, cont\u00f3 la profesional de la salud en rueda de prensa e indic\u00f3 que \u201cesto viene a cuenta de que si lo logramos va a pasar unos d\u00edas en el sanatorio y no significa que est\u00e9 m\u00e1s grave o su pron\u00f3stico sea malo\u201d.<\/p>\n<p>Al respecto, admiti\u00f3: \u201cCuento con el apoyo de Luc\u00eda (Topolansky) y el entorno m\u00e1s cercano y \u00e9l tambi\u00e9n lo entiende, pero se siente mejor y se quiere ir para su casa. Pero vamos a tratar de mantenerlo ac\u00e1, hidratado y controlado por nosotros\u201d.<\/p>\n<p>\u201cSi logramos que eso suceda y que est\u00e9 mejor su estado general va a volver a domicilio a seguir rehabilit\u00e1ndose y lograr tener un poco m\u00e1s de fuerza\u201d, expres\u00f3.<\/p>\n<p>&nbsp;<\/p>\n<p><strong>La lucha de Mujica contra el c\u00e1ncer<\/strong><\/p>\n<p>Con respecto a la evoluci\u00f3n del c\u00e1ncer de es\u00f3fago, Pannone aclar\u00f3 el malentendido tras el tratamiento oncol\u00f3gico al que se someti\u00f3 Mujica. \u201cNo hay evidencias cl\u00ednicas de que exista el tumor&#8221;, resalt\u00f3, pero aclar\u00f3 que \u201cest\u00e1 en una etapa de remisi\u00f3n por el tratamiento\u201d.<\/p>\n<p>Sin embargo, aclar\u00f3 que \u201ccuraci\u00f3n definitiva no se puede decir a\u00fan\u201d y agreg\u00f3: \u201cEsto depende de la evoluci\u00f3n y de un tiempo que a\u00fan no transcurri\u00f3\u201d.<\/p>\n<p>Sobre la salud del expresidente, record\u00f3 que \u201ctiene patolog\u00edas previas como la insuficiencia renal\u201d y a eso se suma ahora \u201cuna fibrosis que se gener\u00f3 en el es\u00f3fago como consecuencia de la radioterapia, que est\u00e1 dificultando la alimentaci\u00f3n\u201d.<\/p>\n<p>\u201cEsto empeora con el escaso aporte de l\u00edquidos y eso hace que se sienta peor, m\u00e1s d\u00e9bil y con menos voluntad. Es un c\u00edrculo muy dif\u00edcil de cortar. Toma agua, deja de tener voluntad y su patolog\u00eda de fondo tiene un rol m\u00e1s protag\u00f3nico\u201d, explic\u00f3.<\/p>\n","protected":false},"excerpt":{"rendered":"<p>El expresidente fue ingresado a Casmu por un cuadro de deshidrataci\u00f3n y Raquel Pannone dijo que ser\u00eda \u00f3ptimo que se mantenga all\u00ed &#8220;por cuatro o cinco d\u00edas&#8221; &nbsp; &nbsp; El expresidente Jos\u00e9 Mujica se encuentra internado en Casmu por tercera vez en diez d\u00edas y su m\u00e9dica Raquel Pannone precis\u00f3 que enfrenta un cuadro de deshidrataci\u00f3n, por lo cual ser\u00eda ideal que se mantenga hospitalizado entre cuatro y cinco d\u00edas. \u201cLa causa del traslado tiene que ver con que estaba recibiendo poco aporte l\u00edquido por v\u00eda oral y no estaba&#8230;<\/p>\n","protected":false},"author":3,"featured_media":119844,"comment_status":"closed","ping_status":"closed","sticky":false,"template":"","format":"standard","meta":[],"categories":[4],"tags":[],"_links":{"self":[{"href":"https:\/\/www.actualidadadiario.com\/index.php\/wp-json\/wp\/v2\/posts\/119843"}],"collection":[{"href":"https:\/\/www.actualidadadiario.com\/index.php\/wp-json\/wp\/v2\/posts"}],"about":[{"href":"https:\/\/www.actualidadadiario.com\/index.php\/wp-json\/wp\/v2\/types\/post"}],"author":[{"embeddable":true,"href":"https:\/\/www.actualidadadiario.com\/index.php\/wp-json\/wp\/v2\/users\/3"}],"replies":[{"embeddable":true,"href":"https:\/\/www.actualidadadiario.com\/index.php\/wp-json\/wp\/v2\/comments?post=119843"}],"version-history":[{"count":1,"href":"https:\/\/www.actualidadadiario.com\/index.php\/wp-json\/wp\/v2\/posts\/119843\/revisions"}],"predecessor-version":[{"id":119845,"href":"https:\/\/www.actualidadadiario.com\/index.php\/wp-json\/wp\/v2\/posts\/119843\/revisions\/119845"}],"wp:featuredmedia":[{"embeddable":true,"href":"https:\/\/www.actualidadadiario.com\/index.php\/wp-json\/wp\/v2\/media\/119844"}],"wp:attachment":[{"href":"https:\/\/www.actualidadadiario.com\/index.php\/wp-json\/wp\/v2\/media?parent=119843"}],"wp:term":[{"taxonomy":"category","embeddable":true,"href":"https:\/\/www.actualidadadiario.com\/index.php\/wp-json\/wp\/v2\/categories?post=119843"},{"taxonomy":"post_tag","embeddable":true,"href":"https:\/\/www.actualidadadiario.com\/index.php\/wp-json\/wp\/v2\/tags?post=119843"}],"curies":[{"name":"wp","href":"https:\/\/api.w.org\/{rel}","templated":true}]}}