{"id":119841,"date":"2024-09-06T13:15:23","date_gmt":"2024-09-06T16:15:23","guid":{"rendered":"https:\/\/www.actualidadadiario.com\/?p=119841"},"modified":"2024-09-06T13:15:23","modified_gmt":"2024-09-06T16:15:23","slug":"salarios-por-que-la-reciente-mejora-no-se-refleja-en-el-consumo-y-en-la-actividad","status":"publish","type":"post","link":"https:\/\/www.actualidadadiario.com\/index.php\/2024\/09\/06\/salarios-por-que-la-reciente-mejora-no-se-refleja-en-el-consumo-y-en-la-actividad\/","title":{"rendered":"Salarios: \u00bfpor qu\u00e9 la reciente mejora no se refleja en el consumo y en la actividad?"},"content":{"rendered":"<p style=\"text-align: center;\"><strong><em>Mientras las remuneraciones de los trabajadores registrados sumaron tres meses seguidos al alza, el consumo y la actividad econ\u00f3mica no logran recuperarse<\/em><\/strong><\/p>\n<p>&nbsp;<\/p>\n<p>&nbsp;<\/p>\n<p>Pese a que los \u00faltimos datos oficiales disponibles mostraron que los salarios acumularon tres meses consecutivos con mejoras en t\u00e9rminos reales, la actividad econ\u00f3mica y el consumo siguen sin repuntar. La heterogeneidad entre los ingresos de los trabajadores y la incidencia del pasado reciente -devaluaci\u00f3n de diciembre mediante- explican esta din\u00e1mica, seg\u00fan los especialistas.<\/p>\n<p>De acuerdo a las estad\u00edsticas del INDEC, el \u00edndice de salarios para los trabajadores registrados creci\u00f3 un 6,3% por encima de la inflaci\u00f3n entre abril y junio. Aun as\u00ed, permanecieron casi un 10% real por debajo del nivel de noviembre de 2023, ya que a partir de la devaluaci\u00f3n de diciembre, y hasta marzo, se derrumbaron un 15%.<\/p>\n<p>Vale aclarar, adem\u00e1s, que dentro de dicho indicador fueron los sueldos de los empleados del sector privado los que traccionaron el repunte, mientras que los estatales vienen alternando subas con bajas.<\/p>\n<p>En un sentido similar, los n\u00fameros del Sistema Integrado Previsional Argentino (SIPA) mostraron que los salarios de los trabajadores asalariados en el sector privado ganaron 7,5% real entre abril y mayo, aunque en relaci\u00f3n a noviembre \u00faltimo exhibieron un declive de 4,6%.<\/p>\n<p>&nbsp;<\/p>\n<p><strong>El consumo no logra recuperarse pese a mejora en salarios del sector privado<\/strong><\/p>\n<p>La recuperaci\u00f3n de los salarios no tuvo un correlato similar en el consumo. De acuerdo con un \u00edndice elaborado por la C\u00e1mara Argentina de Comercio y Servicios (CAC), el consumo de los hogares en bienes y servicios finales cay\u00f3 tanto en mayo como en junio de manera mensual, y reci\u00e9n mostr\u00f3 un rebote en el \u00faltimo dato correspondiente a julio.<\/p>\n<p>En los \u00faltimos meses la CAC viene poniendo \u00e9nfasis en la reestructuraci\u00f3n del gasto que est\u00e1n llevando a cabo las familias en el contexto recesivo, con un recorte en las compras de indumentaria y un menor consumo de actividades recreativas.<\/p>\n<p>Un estancamiento similar se observ\u00f3 en las ventas de los supermercados, que solo aumentaron en uno de los \u00faltimos cuatro meses relevados por el INDEC.<\/p>\n<p>El director de la consultora EPyCA, Mart\u00edn Kalos, aclar\u00f3 en di\u00e1logo con este medio que los salarios de los trabajadores registrados en el sector privado representan apenas el 40% de la masa total de ingresos de los hogares, por lo cual para que haya una recuperaci\u00f3n del consumo tiene que haber una recuperaci\u00f3n en los ingresos del 60% restante.<\/p>\n<p>&#8220;Los ingresos de los trabajadores informales, de los empleados p\u00fablicos y la masa de ingresos que no son laborales, como jubilaciones y asignaciones familiares, se siguieron licuando&#8221;, profundiz\u00f3.<\/p>\n<p>En el mismo sentido, uno de los titulares de la consultora C-P, Federico Pastrana, analiz\u00f3 a trav\u00e9s de sus redes que el crecimiento de la desigualdad y la disparidad entre sectores para recomponer sus ingresos explica un poco esta &#8220;anomal\u00eda&#8221;, que significa el hecho de que los salarios parezcan estar recuper\u00e1ndose pero no as\u00ed los indicadores de actividad econ\u00f3mica.<\/p>\n<p>El economista reflej\u00f3 que en los primeros siete meses del Gobierno de Javier Milei hubo un ajuste del 19% en la masa de jubilaciones, del 15% en la de prestaciones sociales, y del 23% en la de salarios p\u00fablicos, cifras mucho m\u00e1s negativas que la p\u00e9rdida sufrida por los trabajadores formales privados.<\/p>\n<p>De esta manera, Pastrana mostr\u00f3 c\u00f3mo la actual crisis afect\u00f3 m\u00e1s a quienes no tienen paritarias y a quienes tienen una mayor dependencia relativa de los ingresos provenientes del Estado. &#8220;La recuperaci\u00f3n de ingresos fue dispar y desigualdadora, afectando a sectores de bajos ingresos y con alta propensi\u00f3n a consumir. Bajo esta din\u00e1mica, no llama la atenci\u00f3n que el consumo siga en niveles bajos y la pobreza, alta&#8221;, sentenci\u00f3.<\/p>\n<p>Justamente, esta semana el Observatorio de la Deuda Social Argentina de la Universidad Cat\u00f3lica Argentina (ODSA-UCA) inform\u00f3 que, seg\u00fan su habitual medici\u00f3n, la pobreza creci\u00f3 al 52% en el primer semestre del a\u00f1o, el valor m\u00e1s elevado desde 2004. En el promedio de 2023 el indicador se situ\u00f3 en el 45%, lo cual refleja un incremento considerable de aquellas personas que no llegan a cubrir con sus ingresos el costo de una canasta b\u00e1sica.<\/p>\n<p>La UCA explic\u00f3, de todos modos, que el pico se alcanz\u00f3 en el primer trimestre, cuando el porcentaje lleg\u00f3 al 56%, para luego retroceder entre abril y junio al ritmo de la desaceleraci\u00f3n inflacionaria.<\/p>\n<p>&nbsp;<\/p>\n<p><strong>La actividad econ\u00f3mica acumul\u00f3 tres trimestres consecutivos a la baja<\/strong><\/p>\n<p>La depresi\u00f3n en el poder adquisitivo de la poblaci\u00f3n se reflej\u00f3 notoriamente en la actividad econ\u00f3mica, que en junio arroj\u00f3 una ca\u00edda respecto de mayo y en el segundo trimestre se contrajo 1,7% en comparaci\u00f3n con los tres meses previos, acumulando as\u00ed tres trimestres consecutivos a la baja.<\/p>\n<p>Los derrumbes en la industria, el comercio y la construcci\u00f3n, tres sectores con mucho peso en la econom\u00eda, explicaron el grueso de esta recesi\u00f3n.<\/p>\n<p>Para el dato de julio se espera cierta reactivaci\u00f3n, en funci\u00f3n de los primeros indicadores privados que se fueron publicando, relacionados con la industria automotriz, la fabricaci\u00f3n de maquinaria agr\u00edcola y los despachos de cemento, entre otros.<\/p>\n<p>&nbsp;<\/p>\n<p><strong>Qu\u00e9 se espera para los pr\u00f3ximos meses<\/strong><\/p>\n<p>Para la CAC, la reanudaci\u00f3n del proceso desinflacionario que se verific\u00f3 en julio podr\u00eda ayudar a la reactivaci\u00f3n del consumo, siempre y cuando esa din\u00e1mica se sostenga en el tiempo, algo que est\u00e1 todav\u00eda por verse: las estimaciones de las consultoras arrojan una inflaci\u00f3n esperada para agosto muy similar a la de julio, en torno al 4%. De cara a los pr\u00f3ximos meses la c\u00e1mara advirti\u00f3 que nuevos ajustes en las tarifas de servicios p\u00fablicos podr\u00edan poner en riesgo este sendero descendente.<\/p>\n<p>Por el momento, Kalos sostuvo que la recuperaci\u00f3n parcial que se viene viendo en los salarios todav\u00eda es muy marginal para generar un crecimiento significativo del nivel de consumo agregado y advirti\u00f3 que &#8220;los que recuperan un poco su poder adquisitivo tambi\u00e9n ajustan el cintur\u00f3n porque est\u00e1 el miedo al desempleo&#8221;.<\/p>\n<p>Por su parte, Pastrana asegura que &#8220;es necesario diferenciar &#8216;el nivel actual&#8217; que se ve en la recuperaci\u00f3n de algunos salarios de &#8216;lo que viene pasando'&#8221; ya que &#8220;no es neutral la situaci\u00f3n de meses atr\u00e1s&#8221;.<\/p>\n","protected":false},"excerpt":{"rendered":"<p>Mientras las remuneraciones de los trabajadores registrados sumaron tres meses seguidos al alza, el consumo y la actividad econ\u00f3mica no logran recuperarse &nbsp; &nbsp; Pese a que los \u00faltimos datos oficiales disponibles mostraron que los salarios acumularon tres meses consecutivos con mejoras en t\u00e9rminos reales, la actividad econ\u00f3mica y el consumo siguen sin repuntar. La heterogeneidad entre los ingresos de los trabajadores y la incidencia del pasado reciente -devaluaci\u00f3n de diciembre mediante- explican esta din\u00e1mica, seg\u00fan los especialistas. De acuerdo a las estad\u00edsticas del INDEC, el \u00edndice de salarios para&#8230;<\/p>\n","protected":false},"author":3,"featured_media":32072,"comment_status":"closed","ping_status":"closed","sticky":false,"template":"","format":"standard","meta":[],"categories":[9],"tags":[],"_links":{"self":[{"href":"https:\/\/www.actualidadadiario.com\/index.php\/wp-json\/wp\/v2\/posts\/119841"}],"collection":[{"href":"https:\/\/www.actualidadadiario.com\/index.php\/wp-json\/wp\/v2\/posts"}],"about":[{"href":"https:\/\/www.actualidadadiario.com\/index.php\/wp-json\/wp\/v2\/types\/post"}],"author":[{"embeddable":true,"href":"https:\/\/www.actualidadadiario.com\/index.php\/wp-json\/wp\/v2\/users\/3"}],"replies":[{"embeddable":true,"href":"https:\/\/www.actualidadadiario.com\/index.php\/wp-json\/wp\/v2\/comments?post=119841"}],"version-history":[{"count":1,"href":"https:\/\/www.actualidadadiario.com\/index.php\/wp-json\/wp\/v2\/posts\/119841\/revisions"}],"predecessor-version":[{"id":119842,"href":"https:\/\/www.actualidadadiario.com\/index.php\/wp-json\/wp\/v2\/posts\/119841\/revisions\/119842"}],"wp:featuredmedia":[{"embeddable":true,"href":"https:\/\/www.actualidadadiario.com\/index.php\/wp-json\/wp\/v2\/media\/32072"}],"wp:attachment":[{"href":"https:\/\/www.actualidadadiario.com\/index.php\/wp-json\/wp\/v2\/media?parent=119841"}],"wp:term":[{"taxonomy":"category","embeddable":true,"href":"https:\/\/www.actualidadadiario.com\/index.php\/wp-json\/wp\/v2\/categories?post=119841"},{"taxonomy":"post_tag","embeddable":true,"href":"https:\/\/www.actualidadadiario.com\/index.php\/wp-json\/wp\/v2\/tags?post=119841"}],"curies":[{"name":"wp","href":"https:\/\/api.w.org\/{rel}","templated":true}]}}