{"id":119839,"date":"2024-09-06T13:10:32","date_gmt":"2024-09-06T16:10:32","guid":{"rendered":"https:\/\/www.actualidadadiario.com\/?p=119839"},"modified":"2024-09-06T13:10:32","modified_gmt":"2024-09-06T16:10:32","slug":"es-patente-la-transferencia-de-riqueza-de-los-pobres-a-los-ricos","status":"publish","type":"post","link":"https:\/\/www.actualidadadiario.com\/index.php\/2024\/09\/06\/es-patente-la-transferencia-de-riqueza-de-los-pobres-a-los-ricos\/","title":{"rendered":"\u201cEs patente la transferencia de riqueza de los pobres a los ricos\u201d"},"content":{"rendered":"<p style=\"text-align: center;\"><em><strong>Los sacerdotes cat\u00f3licos que viven y trabajan en medios populares dieron a conocer un documento al finalizar su encuentro nacional. Hacen un an\u00e1lisis de la situaci\u00f3n social con cr\u00edticas al gobierno, a la dirigencia pol\u00edtica y al sistema de comunicaci\u00f3n. Advierten sobre las divisiones en el campo popular y expresan su compromiso de seguir \u201cjunto al pueblo\u201d para construir un nuevo mundo de \u201camor, justicia y paz\u201d<\/strong><\/em><\/p>\n<p>&nbsp;<\/p>\n<p>&nbsp;<\/p>\n<p>\u201cAcompa\u00f1ada por un discurso de odio y racismo sistem\u00e1ticos, La Libertad Avanza \u2013 con el permiso de su \u201coposici\u00f3n amigable\u201d \u2013 hace retroceder las expectativas de vida y de justicia, guiada por una cruel inhumanidad\u201d sostienen los Curas en la Opci\u00f3n por las y los Pobres (COPP) en el mensaje final de su 35\u00ba encuentro nacional celebrado en C\u00f3rdoba. El texto, de aproximadamente dos carillas de extensi\u00f3n, contiene un an\u00e1lisis de la situaci\u00f3n nacional desde la perspectiva de los curas y di\u00e1conos cat\u00f3licos que trabajan en medios populares. En el documento tambi\u00e9n se incluyen referencias a los avances de la derecha pol\u00edtica en otras partes de Am\u00e9rica Latina.<\/p>\n<p>Sobre la Argentina los sacerdotes afirman que \u201cla transferencia de riqueza de los pobres a los ricos es d\u00eda a d\u00eda m\u00e1s patente: mientras les bajan los impuestos a los m\u00e1s ricos, sacan los remedios gratuitos al PAMI, vetan el aumento a los jubilados y siguen sin entregar alimentos a los comedores\u201d.<\/p>\n<p>Agregan que \u201cmientras crece el desempleo se alienta la mano de obra esclava en el marco de una reforma laboral antisindical y escandalosa; es evidente que los ricos son cada vez m\u00e1s ricos a costa de pobres cada vez m\u00e1s pobres; se destruye el Estado, que deber\u00eda garantizar un m\u00ednimo de vida, de salud, de educaci\u00f3n, de esperanzas para todas y todos priorizando a la ni\u00f1ez y la ancianidad\u201d. En otro orden, subrayan los curas, \u201cla propuesta de la baja de edad de punibilidad es expresi\u00f3n evidente de un Estado que se desentiende de la ni\u00f1ez y solo busca penalizarla\u201d.<\/p>\n<p>Tras afirmar que \u201c\u00a1no puede faltar el pan en nuestro pa\u00eds, no puede faltar el trabajo digno que lo provea!\u201d los COPP advierten que \u201cla violencia, generada desde los mismos discursos oficiales, no contribuye en nada a la edificaci\u00f3n de una patria de hermanos y hermanas, y se envalentona como violencia represiva contra los justos reclamos sociales, para sostener este modelo de injusticia, de crueldad y de muerte\u201d. Denuncian a su vez que \u201chay cacer\u00eda de manifestantes y transe\u00fantes, hay presos pol\u00edticos, sigue sin tener justicia Milagro Sala y la investigaci\u00f3n judicial por el atentado a Cristina sigue encubriendo a sus mandantes y mentores\u201d.<\/p>\n<p>En el texto hay adem\u00e1s una expresa referencia a la situaci\u00f3n de la educaci\u00f3n p\u00fablica. \u201cTenemos un gobierno que desprecia a la educaci\u00f3n p\u00fablica, recorta el salario docente, desfinancia a las universidades, y, en particular persigue a la Universidad de las Madres de Plaza de Mayo\u201d, dicen los sacerdotes. Y se\u00f1alan los curas que \u201cla negaci\u00f3n de toda verdad y justicia se hace patente en la visita impune de diputados a genocidas condenados por cr\u00edmenes de lesa humanidad; delitos que para la justicia internacional son imprescriptibles, no indultables, sin posibilidad de conmutaci\u00f3n de penas, visita que fue alentada y acompa\u00f1ada por un autodenominado \u2018Padre Javier\u2019 \u201d. Sin dejar de se\u00f1alar que se trata de una \u201cvisita que hace pocos a\u00f1os tambi\u00e9n protagonizaron \u2013vaya a saber con qu\u00e9 fines\u2013 algunos obispos\u201d.<\/p>\n<p>En el documento, que lleva por t\u00edtulo \u201cHay esperanza\u201d, se incluye adem\u00e1s una reflexi\u00f3n sobre las divisiones que advierten en el campo popular. \u201cEvocando la sabidur\u00eda ancestral del Mart\u00edn Fierro, sabemos que, para dominar, nada es m\u00e1s conveniente que la divisi\u00f3n y fragmentaci\u00f3n de los hermanos para que los dominen los de afuera\u201d dicen los COOP. Y sostienen que \u201ceste dominio imperial, a trav\u00e9s de quienes detentan el poder econ\u00f3mico y pol\u00edtico local, nos quiere hacer creer que nada puede cambiar, con el habitual respaldo de un poder judicial c\u00f3mplice y unos medios de comunicaci\u00f3n que narcotizan las resistencias populares, y nos impiden ver lo fundamental: \u00a1la situaci\u00f3n actual de injusticia y de muerte tiene responsables!\u201d.<\/p>\n<p>Lo anterior se acompa\u00f1a con una cr\u00edtica al gobierno anterior al reconocer que \u201cmucha de la actual desesperanza proviene de la desilusi\u00f3n cierta, provocada por quienes promet\u00edan \u2018volver mejores\u2019, pero se fueron desentendiendo de los compromisos asumidos escudados en un permanente \u2018no se puede\u2019 porque supuestamente las relaciones de fuerzas no lo permit\u00edan\u201d. Tambi\u00e9n hay una referencia a quienes \u201cconfiaron, o al menos pusieron cierta esperanza, en el actual gobierno del cual ahora son v\u00edctimas\u201d.<\/p>\n<p>Frente a la situaci\u00f3n los sacerdotes cat\u00f3licos sostienen que \u201ccomo curas que queremos caminar con los pobres de la tierra sabemos qui\u00e9nes son las v\u00edctimas y quienes los victimarios; y, de las v\u00edctimas, no nos toca saber a qui\u00e9n votaron sino ser solidarios con su dolor; nos toca ser un coraz\u00f3n pensante en medio de la injusticia y el odio\u201d, sabiendo que \u201cpor otro lado, los victimarios, nos quieren divididos y fragmentados, el dios en el que creen es un dios que se alimenta de muerte\u201d. Por el contrario \u2013dicen- \u201cnosotros, creyentes en el Dios de la vida, so\u00f1amos encontrarnos para llorar y festejar juntos, aunque seamos distintos; para ser comunidad y pueblo\u201d.<\/p>\n<p>Recordando a Carlos Mugica, los curas reafirman su decisi\u00f3n de \u201cestar junto al pueblo\u201d y reivindican la condici\u00f3n de \u201cidealistas de un nuevo mundo de amor, justicia y paz, idealistas sensibles al clamor de los pobres y de la tierra, idealistas de un ma\u00f1ana mejor, idealistas de que pronto podremos volver a mirarnos como hermanas y hermanos sin que las redes y los medios de comunicaci\u00f3n e inoculaci\u00f3n del odio nos hagan sentir enemigos\u201d.<\/p>\n<p>Finaliza el texto reconociendo que \u201chay muchos y muchas, en las comunidades cristianas y fuera de ellas que en el d\u00eda a d\u00eda le ponen el hombro a la crisis con ollas populares, apoyo escolar, tratamiento de las adicciones, las luchas campesinas e ind\u00edgenas por la tierra y contra el extractivismo\u201d y expresando la adhesi\u00f3n de los COOP \u201ca todas las iniciativas para resistir a tantos atropellos en las calles, plazas y rutas que ojal\u00e1 se articulen y confluyan y que nos invitan a so\u00f1ar con un ma\u00f1ana que vendr\u00e1\u201d.<\/p>\n","protected":false},"excerpt":{"rendered":"<p>Los sacerdotes cat\u00f3licos que viven y trabajan en medios populares dieron a conocer un documento al finalizar su encuentro nacional. Hacen un an\u00e1lisis de la situaci\u00f3n social con cr\u00edticas al gobierno, a la dirigencia pol\u00edtica y al sistema de comunicaci\u00f3n. Advierten sobre las divisiones en el campo popular y expresan su compromiso de seguir \u201cjunto al pueblo\u201d para construir un nuevo mundo de \u201camor, justicia y paz\u201d &nbsp; &nbsp; \u201cAcompa\u00f1ada por un discurso de odio y racismo sistem\u00e1ticos, La Libertad Avanza \u2013 con el permiso de su \u201coposici\u00f3n amigable\u201d \u2013&#8230;<\/p>\n","protected":false},"author":3,"featured_media":73556,"comment_status":"closed","ping_status":"closed","sticky":false,"template":"","format":"standard","meta":[],"categories":[2],"tags":[],"_links":{"self":[{"href":"https:\/\/www.actualidadadiario.com\/index.php\/wp-json\/wp\/v2\/posts\/119839"}],"collection":[{"href":"https:\/\/www.actualidadadiario.com\/index.php\/wp-json\/wp\/v2\/posts"}],"about":[{"href":"https:\/\/www.actualidadadiario.com\/index.php\/wp-json\/wp\/v2\/types\/post"}],"author":[{"embeddable":true,"href":"https:\/\/www.actualidadadiario.com\/index.php\/wp-json\/wp\/v2\/users\/3"}],"replies":[{"embeddable":true,"href":"https:\/\/www.actualidadadiario.com\/index.php\/wp-json\/wp\/v2\/comments?post=119839"}],"version-history":[{"count":1,"href":"https:\/\/www.actualidadadiario.com\/index.php\/wp-json\/wp\/v2\/posts\/119839\/revisions"}],"predecessor-version":[{"id":119840,"href":"https:\/\/www.actualidadadiario.com\/index.php\/wp-json\/wp\/v2\/posts\/119839\/revisions\/119840"}],"wp:featuredmedia":[{"embeddable":true,"href":"https:\/\/www.actualidadadiario.com\/index.php\/wp-json\/wp\/v2\/media\/73556"}],"wp:attachment":[{"href":"https:\/\/www.actualidadadiario.com\/index.php\/wp-json\/wp\/v2\/media?parent=119839"}],"wp:term":[{"taxonomy":"category","embeddable":true,"href":"https:\/\/www.actualidadadiario.com\/index.php\/wp-json\/wp\/v2\/categories?post=119839"},{"taxonomy":"post_tag","embeddable":true,"href":"https:\/\/www.actualidadadiario.com\/index.php\/wp-json\/wp\/v2\/tags?post=119839"}],"curies":[{"name":"wp","href":"https:\/\/api.w.org\/{rel}","templated":true}]}}