{"id":119836,"date":"2024-09-06T13:06:59","date_gmt":"2024-09-06T16:06:59","guid":{"rendered":"https:\/\/www.actualidadadiario.com\/?p=119836"},"modified":"2024-09-06T13:06:59","modified_gmt":"2024-09-06T16:06:59","slug":"el-gobierno-confirmo-que-no-modificara-el-decreto-que-limita-el-acceso-a-la-informacion-publica","status":"publish","type":"post","link":"https:\/\/www.actualidadadiario.com\/index.php\/2024\/09\/06\/el-gobierno-confirmo-que-no-modificara-el-decreto-que-limita-el-acceso-a-la-informacion-publica\/","title":{"rendered":"El Gobierno confirm\u00f3 que no modificar\u00e1 el decreto que limita el acceso a la informaci\u00f3n p\u00fablica"},"content":{"rendered":"<p style=\"text-align: center;\"><em><strong>A pesar de las promesas del jefe de Gabinete, Guillermo Francos, y tras las cr\u00edticas de la oposici\u00f3n, el vocero presidencial justific\u00f3 las modificaciones en la ley<\/strong><\/em><\/p>\n<p>&nbsp;<\/p>\n<p>&nbsp;<\/p>\n<p>A pesar de las cr\u00edticas que gener\u00f3 el decreto que limita el acceso a la informaci\u00f3n p\u00fablica, en el Gobierno Nacional aseguraron que no se aplicar\u00e1n modificaciones como prometi\u00f3 el jefe de Gabinete, Guillermo Francos, en el Congreso.<\/p>\n<p>En la habitual conferencia de prensa, el vocero presidencial, Manuel Adorni, sostuvo que no habr\u00e1 modificaciones en los cambios en la reglamentaci\u00f3n de la Ley de Acceso a la Informaci\u00f3n P\u00fablica. \u201cSe trata de que el acceso a la informaci\u00f3n p\u00fablica sirva para eso y no destinar m\u00e1s recursos de lo que se requieren para que la sociedad est\u00e9 informada\u201d, justific\u00f3 al respecto.<\/p>\n<p>\u201cEse es el esp\u00edritu de la ley, que todos podamos acceder a la informaci\u00f3n del gobierno, pero que esto no vaya en contra de la privacidad de los funcionarios. Hemos recibido durante este gesti\u00f3n, que se han multiplicado por 10, nos han preguntado qu\u00e9 marca de t\u00e9 tomamos, qu\u00e9 raza y color de mascotas tenemos, si nuestras mascotas son felices, cosa que no tiene por qu\u00e9 importar\u201d, desarroll\u00f3.<\/p>\n<p>En la misma l\u00ednea, precis\u00f3: \u201cNos preguntaron si el doctor (Alberto Fern\u00e1ndez) cruz\u00f3 la Ley Micaela, cu\u00e1ntas materias dicta en la UBA. Queremos terminar con esto de consumir mucho recurso p\u00fablico y que no hace a que la gente est\u00e9 enterada de lo que pasa\u201d.<\/p>\n<p>\u201cSomos de los primeros que vamos a defender la transparencia, la honestidad y que est\u00e9n enterados de todo. En 2020 se recibieron 57 pedidos, en el 2022 95 y en 2023 65 y hasta agosto 558. Esto no va en contra de la informaci\u00f3n, simplemente tratar de ordenar esto que se pregunten cosas que no hacen a la utilizaci\u00f3n de fondos y a la honestidad del funcionario y que concentra muchos recursos para atender este tipo de cuestiones. Incluso no se han recibido judicializaci\u00f3n ni amparos por ningunos de estas respuestas\u201d, sostuvo adem\u00e1s.<\/p>\n<p>Por su parte, el funcionario nacional aclar\u00f3 que se har\u00e1n aclaraciones de ser necesario, y explic\u00f3 los dichos del titular de ministros: \u201cFrancos dijo que estamos dispuestos de hacer cualquier modificaci\u00f3n en una ley o de cosas que est\u00e9n mal, pero no es en este caso que vaya a ocurrir. No quita que haya una aclaraci\u00f3n adicional\u201d.<\/p>\n<p>A trav\u00e9s del Decreto 780\/2024, publicado en el Bolet\u00edn Oficial, el Poder Ejecutivo reglament\u00f3 el art\u00edculo 1\u00b0 de la Ley N\u00b0 27.275 en lo que mencionaron como \u201cbuena fe\u201d, y establecieron que &#8220;la violaci\u00f3n al principio de buena fe por parte de todos los actores intervinientes configura el supuesto previsto en el art\u00edculo 10 del C\u00f3digo Civil y Comercial de la Naci\u00f3n\u201d.<\/p>\n<p>Para aplicar los cambios, modificaron el concepto y alcance de lo que se conoce como \u201cinformaci\u00f3n P\u00fablica\u201d al asegurar que no se entender\u00e1 como informaci\u00f3n p\u00fablica a &#8220;aquella que contenga datos de naturaleza privada que fueran generados, obtenidos, transformados, controlados o custodiados por personas humanas o jur\u00eddicas privadas o por la ausencia de un inter\u00e9s p\u00fablico comprometido, ajenos a la gesti\u00f3n de los sujetos obligados enumerados en el art\u00edculo 7\u00b0 de la Ley N\u00b0 27.275 y su modificatoria\u201d.<\/p>\n","protected":false},"excerpt":{"rendered":"<p>A pesar de las promesas del jefe de Gabinete, Guillermo Francos, y tras las cr\u00edticas de la oposici\u00f3n, el vocero presidencial justific\u00f3 las modificaciones en la ley &nbsp; &nbsp; A pesar de las cr\u00edticas que gener\u00f3 el decreto que limita el acceso a la informaci\u00f3n p\u00fablica, en el Gobierno Nacional aseguraron que no se aplicar\u00e1n modificaciones como prometi\u00f3 el jefe de Gabinete, Guillermo Francos, en el Congreso. En la habitual conferencia de prensa, el vocero presidencial, Manuel Adorni, sostuvo que no habr\u00e1 modificaciones en los cambios en la reglamentaci\u00f3n de&#8230;<\/p>\n","protected":false},"author":3,"featured_media":115517,"comment_status":"closed","ping_status":"closed","sticky":false,"template":"","format":"standard","meta":[],"categories":[18],"tags":[],"_links":{"self":[{"href":"https:\/\/www.actualidadadiario.com\/index.php\/wp-json\/wp\/v2\/posts\/119836"}],"collection":[{"href":"https:\/\/www.actualidadadiario.com\/index.php\/wp-json\/wp\/v2\/posts"}],"about":[{"href":"https:\/\/www.actualidadadiario.com\/index.php\/wp-json\/wp\/v2\/types\/post"}],"author":[{"embeddable":true,"href":"https:\/\/www.actualidadadiario.com\/index.php\/wp-json\/wp\/v2\/users\/3"}],"replies":[{"embeddable":true,"href":"https:\/\/www.actualidadadiario.com\/index.php\/wp-json\/wp\/v2\/comments?post=119836"}],"version-history":[{"count":1,"href":"https:\/\/www.actualidadadiario.com\/index.php\/wp-json\/wp\/v2\/posts\/119836\/revisions"}],"predecessor-version":[{"id":119837,"href":"https:\/\/www.actualidadadiario.com\/index.php\/wp-json\/wp\/v2\/posts\/119836\/revisions\/119837"}],"wp:featuredmedia":[{"embeddable":true,"href":"https:\/\/www.actualidadadiario.com\/index.php\/wp-json\/wp\/v2\/media\/115517"}],"wp:attachment":[{"href":"https:\/\/www.actualidadadiario.com\/index.php\/wp-json\/wp\/v2\/media?parent=119836"}],"wp:term":[{"taxonomy":"category","embeddable":true,"href":"https:\/\/www.actualidadadiario.com\/index.php\/wp-json\/wp\/v2\/categories?post=119836"},{"taxonomy":"post_tag","embeddable":true,"href":"https:\/\/www.actualidadadiario.com\/index.php\/wp-json\/wp\/v2\/tags?post=119836"}],"curies":[{"name":"wp","href":"https:\/\/api.w.org\/{rel}","templated":true}]}}