{"id":119834,"date":"2024-09-06T13:06:20","date_gmt":"2024-09-06T16:06:20","guid":{"rendered":"https:\/\/www.actualidadadiario.com\/?p=119834"},"modified":"2024-09-06T13:06:20","modified_gmt":"2024-09-06T16:06:20","slug":"el-ministerio-de-seguridad-creo-un-comando-unificado-para-custodiar-zonas-productivas","status":"publish","type":"post","link":"https:\/\/www.actualidadadiario.com\/index.php\/2024\/09\/06\/el-ministerio-de-seguridad-creo-un-comando-unificado-para-custodiar-zonas-productivas\/","title":{"rendered":"El Ministerio de Seguridad cre\u00f3 un Comando Unificado para custodiar zonas productivas"},"content":{"rendered":"<p style=\"text-align: center;\"><em><strong>A trav\u00e9s de la Resoluci\u00f3n 893\/2024, publicada en el Bolet\u00edn Oficial, el Gobierno &#8220;reafirma su compromiso con la seguridad y el orden en las \u00e1reas productivas, protegiendo a los sectores clave&#8221;<\/strong><\/em><\/p>\n<p>&nbsp;<\/p>\n<p>&nbsp;<\/p>\n<p>El Ministerio de Seguridad anunci\u00f3 la creaci\u00f3n del Comando Unificado de Seguridad Productiva, destinado a realizar tareas control y custodiar zonas productivas como Vaca Muerta o la zona portuaria de Bah\u00eda Blanca y Rosario.<\/p>\n<p>A trav\u00e9s de la Resoluci\u00f3n 893\/2024, publicada en el Bolet\u00edn Oficial, que lleva la firma de Patricia Bullrich, el Poder Ejecutivo oficializ\u00f3 el comando que \u201cresponde a la necesidad de proteger a los sectores econ\u00f3micos esenciales que, debido al volumen de su producci\u00f3n, su conexi\u00f3n con servicios p\u00fablicos sensibles o el alto valor de sus productos, requieren de una protecci\u00f3n especializada para garantizar la continuidad de sus actividades\u201d.<\/p>\n<p>Seg\u00fan detallaron en el Art\u00edculo 2\u00b0, se avanzar\u00e1 en el despliegue coordinado de las fuerzas de seguridad federales y locales, que estar\u00e1 integrado por la Secretar\u00eda de Seguridad, la subsecretaria de Despliegue Territorial, la Direcci\u00f3n Nacional de Operaciones y Despliegue Territorial, Polic\u00eda Federal Argentina (PFA), Gendarmer\u00eda Nacional Argentina (GNA), Prefectura Naval Argentina (PNA), y la Polic\u00eda de Seguridad Aeroportuaria (PSA), y por los representantes policiales que designen las provincias donde se despliegue el Comando.<\/p>\n<p>Al respecto, desde la cartera argumentaron que \u201cse han originado graves hechos de violencia, bloqueos e impedimento por medios il\u00edcitos para que se pueda trabajar, comercializar y distribuir libremente la producci\u00f3n, en zonas portuarias (como) Bah\u00eda Blanca, San Lorenzo \u2013 Timb\u00faes, zonas de producci\u00f3n de hidrocarburos como Vaca Muerta o zonas mineras, o Parques Industriales\u201d.<\/p>\n<p>En la misma l\u00ednea, plantearon que estos sucesos \u201cincidieron concretamente en un peligro colectivo a la vida, la libertad y el patrimonio de los habitantes y de las empresas o libre circulaci\u00f3n de los trabajadores, como tambi\u00e9n de su actividad productiva\u201d, y aclararon que responde a \u201cuna demanda ciudadana por una mayor protecci\u00f3n f\u00edsica de los trabajadores y de las empresas en \u00e1reas de alto valor estrat\u00e9gico para la econom\u00eda nacional\u201d.<\/p>\n<p>Asimismo, en la resoluci\u00f3n detallaron que el comando operar\u00e1 de manera permanente, bajo la coordinaci\u00f3n la autoridad m\u00e1xima de la jurisdicci\u00f3n a propuesta de la Secretar\u00eda de Seguridad, o un delegado designado, y puntualizaron que aspira a desarrollar una &#8220;eficiente organizaci\u00f3n sobre el despliegue territorial de tareas destinadas a la prevenci\u00f3n de los delitos contra la propiedad, las personas y acciones delictivas que da\u00f1en los sectores productivos, mediante hechos o amenazas que pongan en riesgo la vigencia de los derechos y garant\u00edas constitucionales\u201d.<\/p>\n<p>\u201cCon esta nueva herramienta, el Gobierno Nacional reafirma su compromiso con la seguridad y el orden en las \u00e1reas productivas, protegiendo a los sectores clave que contribuyen al crecimiento y desarrollo del pa\u00eds\u201d, sostuvieron.<\/p>\n","protected":false},"excerpt":{"rendered":"<p>A trav\u00e9s de la Resoluci\u00f3n 893\/2024, publicada en el Bolet\u00edn Oficial, el Gobierno &#8220;reafirma su compromiso con la seguridad y el orden en las \u00e1reas productivas, protegiendo a los sectores clave&#8221; &nbsp; &nbsp; El Ministerio de Seguridad anunci\u00f3 la creaci\u00f3n del Comando Unificado de Seguridad Productiva, destinado a realizar tareas control y custodiar zonas productivas como Vaca Muerta o la zona portuaria de Bah\u00eda Blanca y Rosario. A trav\u00e9s de la Resoluci\u00f3n 893\/2024, publicada en el Bolet\u00edn Oficial, que lleva la firma de Patricia Bullrich, el Poder Ejecutivo oficializ\u00f3 el&#8230;<\/p>\n","protected":false},"author":3,"featured_media":118719,"comment_status":"closed","ping_status":"closed","sticky":false,"template":"","format":"standard","meta":[],"categories":[18],"tags":[],"_links":{"self":[{"href":"https:\/\/www.actualidadadiario.com\/index.php\/wp-json\/wp\/v2\/posts\/119834"}],"collection":[{"href":"https:\/\/www.actualidadadiario.com\/index.php\/wp-json\/wp\/v2\/posts"}],"about":[{"href":"https:\/\/www.actualidadadiario.com\/index.php\/wp-json\/wp\/v2\/types\/post"}],"author":[{"embeddable":true,"href":"https:\/\/www.actualidadadiario.com\/index.php\/wp-json\/wp\/v2\/users\/3"}],"replies":[{"embeddable":true,"href":"https:\/\/www.actualidadadiario.com\/index.php\/wp-json\/wp\/v2\/comments?post=119834"}],"version-history":[{"count":1,"href":"https:\/\/www.actualidadadiario.com\/index.php\/wp-json\/wp\/v2\/posts\/119834\/revisions"}],"predecessor-version":[{"id":119835,"href":"https:\/\/www.actualidadadiario.com\/index.php\/wp-json\/wp\/v2\/posts\/119834\/revisions\/119835"}],"wp:featuredmedia":[{"embeddable":true,"href":"https:\/\/www.actualidadadiario.com\/index.php\/wp-json\/wp\/v2\/media\/118719"}],"wp:attachment":[{"href":"https:\/\/www.actualidadadiario.com\/index.php\/wp-json\/wp\/v2\/media?parent=119834"}],"wp:term":[{"taxonomy":"category","embeddable":true,"href":"https:\/\/www.actualidadadiario.com\/index.php\/wp-json\/wp\/v2\/categories?post=119834"},{"taxonomy":"post_tag","embeddable":true,"href":"https:\/\/www.actualidadadiario.com\/index.php\/wp-json\/wp\/v2\/tags?post=119834"}],"curies":[{"name":"wp","href":"https:\/\/api.w.org\/{rel}","templated":true}]}}