{"id":119831,"date":"2024-09-06T13:05:38","date_gmt":"2024-09-06T16:05:38","guid":{"rendered":"https:\/\/www.actualidadadiario.com\/?p=119831"},"modified":"2024-09-06T13:05:38","modified_gmt":"2024-09-06T16:05:38","slug":"milei-respondio-a-cristina-y-destaco-los-niveles-de-depositos-en-dolares","status":"publish","type":"post","link":"https:\/\/www.actualidadadiario.com\/index.php\/2024\/09\/06\/milei-respondio-a-cristina-y-destaco-los-niveles-de-depositos-en-dolares\/","title":{"rendered":"Milei respondi\u00f3 a Cristina y destac\u00f3 los niveles de dep\u00f3sitos en d\u00f3lares"},"content":{"rendered":"<p style=\"text-align: center;\"><em><strong>El mandatario libertario destac\u00f3 los niveles de dep\u00f3sitos en d\u00f3lares y asegur\u00f3 que por primera vez volvieron al mismo monto que ten\u00eda en 27 de octubre de 2019<\/strong><\/em><\/p>\n<p>&nbsp;<\/p>\n<p>&nbsp;<\/p>\n<p>El presidente Javier Milei le respondi\u00f3 este viernes a la exmandataria Cristina Fern\u00e1ndez de Kirchner, destac\u00f3 los niveles de dep\u00f3sitos en d\u00f3lares y asegur\u00f3 que por primera vez volvieron al mismo monto que ten\u00eda en 27 de octubre de 2019.<\/p>\n<p>A trav\u00e9s de su cuenta oficial en la plataforma X (ex Twitter), el mandatario libertario asegur\u00f3: &#8220;Dato: los dep\u00f3sitos privados en d\u00f3lares volvieron al nivel que ten\u00edan el d\u00eda de la elecci\u00f3n presidencial de 2019 (27-OCT-2019) por primera vez. Desde ese d\u00eda, nunca hab\u00edan llegado a los USD19.5bn que hay hoy. Fin&#8221;.<\/p>\n<p>En su cr\u00edtica de este viernes, Cristina argument\u00f3 que Milei ha implementado un ajuste fiscal basado en el impago de deudas y en la retirada del Estado de funciones esenciales, lo que crea un &#8220;combo letal&#8221; para la econom\u00eda argentina, especialmente en un contexto de econom\u00eda bimonetaria. &#8220;Este modelo ha resultado en una brutal ca\u00edda de la actividad econ\u00f3mica, y el pa\u00eds se ha vuelto m\u00e1s caro en d\u00f3lares que muchos pa\u00edses desarrollados&#8221;, analiza.<\/p>\n<p>&nbsp;<\/p>\n<p><strong>&#8220;Una clase particular&#8221;<\/strong><\/p>\n<p>En otro de sus posteos en la red social X, Javier Milei arrob\u00f3 a la exmandataria y le dijo &#8220;Yo s\u00e9 que vos de econom\u00eda no entendes mucho, demostrado por el hecho de que te rodeaste de analfabetos num\u00e9ricos que destruyeron el pa\u00eds con su chamanismo econ\u00f3mico, pero si quer\u00e9s aprender un poco prende la tele hoy a las 19hs que voy a estar d\u00e1ndote una clase particular ad honorem&#8221;.<\/p>\n<p>En ese horario, el Jefe de Estado participar\u00e0 de la 45\u00b0 Convenci\u00f3n del Instituto Argentino de Ejecutivos de Finanzas (IAEF), que se realiza en el hotel Sheraton de Mendoza. Lo har\u00e1 junto a una comitiva que incluye a la ministra de Seguridad, Patricia Bullrich, y a su par de Desregulaci\u00f3n y Transformaci\u00f3n del Estado, Federico Sturzenegger, entre otros.<\/p>\n<p>&nbsp;<\/p>\n<p><strong>La cr\u00edtica de Cristina sobre la capacidad de ahorr\u00f3 en d\u00f3lares<\/strong><\/p>\n<p>&#8220;Desde hace un tiempo las calificadoras extranjeras, las agencias vinculadas a las finanzas y hasta algunos economistas vern\u00e1culos, han comenzado a explicitar p\u00fablicamente una creciente inquietud acerca de la capacidad de pago de la Argentina respecto de su deuda soberana&#8221;, asegur\u00f3 la referente de la oposici\u00f3n en el documento publicado este viernes por la ma\u00f1ana.<\/p>\n<p>Y, citando un art\u00edculo que hace referencia a la incapacidad para obtener d\u00f3lares, agreg\u00f3: &#8220;No se trata de teor\u00edas o interpretaciones econ\u00f3micas, simplemente de sumar y restar frente a la curva de los vencimientos en moneda extranjera que debe afrontar nuestro pa\u00eds. &#8216;A los mercados no les inquieta el frente fiscal, sino los problemas del Gobierno para juntar d\u00f3lares (Infobae. 25 de agosto, 2024)&#8217;.<\/p>\n<p>Es en este marco que el presidente Javier Milei respondi\u00f3 a la exvicepresidenta y remarc\u00f3 el alto nivel que el Gobierno registra sobre los dep\u00f3sitos privados en d\u00f3lares.<\/p>\n<p>&nbsp;<\/p>\n<p><strong>Impactos sociales y econ\u00f3micos<\/strong><\/p>\n<p>CFK sostiene que la crisis ha generado efectos devastadores:<\/p>\n<ul>\n<li>Aumento del desempleo y m\u00e1s de un mill\u00f3n de ni\u00f1os sufren hambre, seg\u00fan un informe de UNICEF.<\/li>\n<li>El crecimiento del narcotr\u00e1fico en barrios populares ante el retiro del Estado.<\/li>\n<li>La ca\u00edda del nivel de vida de la clase media.<\/li>\n<\/ul>\n<p>&#8220;El ajuste econ\u00f3mico ha venido acompa\u00f1ado de represi\u00f3n, como se vio con los jubilados apaleados durante las manifestaciones. Estas medidas violentas exponen una ideolog\u00eda que reduce a los ciudadanos a meras variables de ajuste&#8221;, sostiene.<\/p>\n","protected":false},"excerpt":{"rendered":"<p>El mandatario libertario destac\u00f3 los niveles de dep\u00f3sitos en d\u00f3lares y asegur\u00f3 que por primera vez volvieron al mismo monto que ten\u00eda en 27 de octubre de 2019 &nbsp; &nbsp; El presidente Javier Milei le respondi\u00f3 este viernes a la exmandataria Cristina Fern\u00e1ndez de Kirchner, destac\u00f3 los niveles de dep\u00f3sitos en d\u00f3lares y asegur\u00f3 que por primera vez volvieron al mismo monto que ten\u00eda en 27 de octubre de 2019. A trav\u00e9s de su cuenta oficial en la plataforma X (ex Twitter), el mandatario libertario asegur\u00f3: &#8220;Dato: los dep\u00f3sitos privados&#8230;<\/p>\n","protected":false},"author":3,"featured_media":119832,"comment_status":"closed","ping_status":"closed","sticky":false,"template":"","format":"standard","meta":[],"categories":[18],"tags":[],"_links":{"self":[{"href":"https:\/\/www.actualidadadiario.com\/index.php\/wp-json\/wp\/v2\/posts\/119831"}],"collection":[{"href":"https:\/\/www.actualidadadiario.com\/index.php\/wp-json\/wp\/v2\/posts"}],"about":[{"href":"https:\/\/www.actualidadadiario.com\/index.php\/wp-json\/wp\/v2\/types\/post"}],"author":[{"embeddable":true,"href":"https:\/\/www.actualidadadiario.com\/index.php\/wp-json\/wp\/v2\/users\/3"}],"replies":[{"embeddable":true,"href":"https:\/\/www.actualidadadiario.com\/index.php\/wp-json\/wp\/v2\/comments?post=119831"}],"version-history":[{"count":1,"href":"https:\/\/www.actualidadadiario.com\/index.php\/wp-json\/wp\/v2\/posts\/119831\/revisions"}],"predecessor-version":[{"id":119833,"href":"https:\/\/www.actualidadadiario.com\/index.php\/wp-json\/wp\/v2\/posts\/119831\/revisions\/119833"}],"wp:featuredmedia":[{"embeddable":true,"href":"https:\/\/www.actualidadadiario.com\/index.php\/wp-json\/wp\/v2\/media\/119832"}],"wp:attachment":[{"href":"https:\/\/www.actualidadadiario.com\/index.php\/wp-json\/wp\/v2\/media?parent=119831"}],"wp:term":[{"taxonomy":"category","embeddable":true,"href":"https:\/\/www.actualidadadiario.com\/index.php\/wp-json\/wp\/v2\/categories?post=119831"},{"taxonomy":"post_tag","embeddable":true,"href":"https:\/\/www.actualidadadiario.com\/index.php\/wp-json\/wp\/v2\/tags?post=119831"}],"curies":[{"name":"wp","href":"https:\/\/api.w.org\/{rel}","templated":true}]}}