{"id":11983,"date":"2017-05-23T09:46:47","date_gmt":"2017-05-23T12:46:47","guid":{"rendered":"http:\/\/actualidadadiario.com\/site\/?p=11983"},"modified":"2017-05-23T09:50:19","modified_gmt":"2017-05-23T12:50:19","slug":"bordet-destaco-la-articulacion-con-organizaciones-sociales-para-lograr-mas-transparencia","status":"publish","type":"post","link":"https:\/\/www.actualidadadiario.com\/index.php\/2017\/05\/23\/bordet-destaco-la-articulacion-con-organizaciones-sociales-para-lograr-mas-transparencia\/","title":{"rendered":"Bordet destac\u00f3 la articulaci\u00f3n con organizaciones sociales para lograr m\u00e1s transparencia"},"content":{"rendered":"<p><em><strong>En el marco de la cena anual a la que fue convocado junto a otros gobernadores, l\u00edderes pol\u00edticos, empresarios y artistas, Gustavo Bordet resalt\u00f3 la importancia de \u201ctrabajar articuladamente con organizaciones tan destacadas, como la Asociaci\u00f3n Conciencia, en lo que hace a la formaci\u00f3n de valores democr\u00e1ticos y la transparencia en nuestras sociedades\u201d<\/strong><\/em><\/p>\n<p>&nbsp;<\/p>\n<p>&nbsp;<\/p>\n<p>&nbsp;<\/p>\n<p>&nbsp;<\/p>\n<p>Conciencia es una asociaci\u00f3n c\u00edvica no partidaria, sin fines de lucro, centrada en la educaci\u00f3n en valores y en la participaci\u00f3n ciudadana para una sociedad m\u00e1s justa y democr\u00e1tica. La tradicional cena anual de recaudaci\u00f3n de fondos reuni\u00f3 a m\u00e1s de mil personas, entre pol\u00edticos, periodistas y empresarios.<\/p>\n<p>&nbsp;<\/p>\n<p>En ese marco, y junto a la presidenta de la entidad, Beby Lacroze, el gobernador destac\u00f3 el \u201cimportante desarrollo\u201d de la Asociaci\u00f3n Conciencia en muchas provincias y subray\u00f3 el trabajo en torno a la \u201cformaci\u00f3n de valores\u201d y la difusi\u00f3n de \u201cnormas de convivencia y transparencia en nuestras sociedades\u201d.<\/p>\n<p>&nbsp;<\/p>\n<p>\u201cEl hecho de inculcar valores en nuestras sociedades, de generar consensos, de poder trabajar en base a normas de calidad, transparencia y a la democratizaci\u00f3n tambi\u00e9n, es muy importante para vivir en sociedades que protejan al desarrollo que sea sostenido en el tiempo\u201d, afirm\u00f3 el mandatario provincial.<\/p>\n<p>&nbsp;<\/p>\n<p>Lacroze, por su parte, manifest\u00f3: \u201cS\u00f3lo una mejor educaci\u00f3n y para todos nos va a llevar a ser un pa\u00eds mejor, con una sociedad m\u00e1s justa e igualitaria. Para ello, necesitamos de una dirigencia pol\u00edtica consciente de que su misi\u00f3n es velar por los intereses de aquellos que m\u00e1s lo necesitan, brind\u00e1ndoles no s\u00f3lo asistencia, sino herramientas para revertir la realidad.\u201d<\/p>\n<p>&nbsp;<\/p>\n<p>\u201cPero tambi\u00e9n precisamos ciudadanos que trabajen en equipo por el bien com\u00fan. Es momento de dejar nuestros intereses individuales de lado y actuar como ciudadanos comprometidos con nuestro pa\u00eds. Todos queremos una Argentina mejor, seamos mejores argentinos\u201d, resalt\u00f3.<\/p>\n","protected":false},"excerpt":{"rendered":"<p>En el marco de la cena anual a la que fue convocado junto a otros gobernadores, l\u00edderes pol\u00edticos, empresarios y artistas, Gustavo Bordet resalt\u00f3 la importancia de \u201ctrabajar articuladamente con organizaciones tan destacadas, como la Asociaci\u00f3n Conciencia, en lo que hace a la formaci\u00f3n de valores democr\u00e1ticos y la transparencia en nuestras sociedades\u201d &nbsp; &nbsp; &nbsp; &nbsp; Conciencia es una asociaci\u00f3n c\u00edvica no partidaria, sin fines de lucro, centrada en la educaci\u00f3n en valores y en la participaci\u00f3n ciudadana para una sociedad m\u00e1s justa y democr\u00e1tica. La tradicional cena anual&#8230;<\/p>\n","protected":false},"author":3,"featured_media":11984,"comment_status":"closed","ping_status":"closed","sticky":false,"template":"","format":"standard","meta":[],"categories":[15],"tags":[],"_links":{"self":[{"href":"https:\/\/www.actualidadadiario.com\/index.php\/wp-json\/wp\/v2\/posts\/11983"}],"collection":[{"href":"https:\/\/www.actualidadadiario.com\/index.php\/wp-json\/wp\/v2\/posts"}],"about":[{"href":"https:\/\/www.actualidadadiario.com\/index.php\/wp-json\/wp\/v2\/types\/post"}],"author":[{"embeddable":true,"href":"https:\/\/www.actualidadadiario.com\/index.php\/wp-json\/wp\/v2\/users\/3"}],"replies":[{"embeddable":true,"href":"https:\/\/www.actualidadadiario.com\/index.php\/wp-json\/wp\/v2\/comments?post=11983"}],"version-history":[{"count":1,"href":"https:\/\/www.actualidadadiario.com\/index.php\/wp-json\/wp\/v2\/posts\/11983\/revisions"}],"predecessor-version":[{"id":11985,"href":"https:\/\/www.actualidadadiario.com\/index.php\/wp-json\/wp\/v2\/posts\/11983\/revisions\/11985"}],"wp:featuredmedia":[{"embeddable":true,"href":"https:\/\/www.actualidadadiario.com\/index.php\/wp-json\/wp\/v2\/media\/11984"}],"wp:attachment":[{"href":"https:\/\/www.actualidadadiario.com\/index.php\/wp-json\/wp\/v2\/media?parent=11983"}],"wp:term":[{"taxonomy":"category","embeddable":true,"href":"https:\/\/www.actualidadadiario.com\/index.php\/wp-json\/wp\/v2\/categories?post=11983"},{"taxonomy":"post_tag","embeddable":true,"href":"https:\/\/www.actualidadadiario.com\/index.php\/wp-json\/wp\/v2\/tags?post=11983"}],"curies":[{"name":"wp","href":"https:\/\/api.w.org\/{rel}","templated":true}]}}