{"id":119829,"date":"2024-09-06T13:07:11","date_gmt":"2024-09-06T16:07:11","guid":{"rendered":"https:\/\/www.actualidadadiario.com\/?p=119829"},"modified":"2024-09-06T13:07:45","modified_gmt":"2024-09-06T16:07:45","slug":"milei-llega-hoy-a-mendoza-por-primera-vez-desde-la-campana-en-plena-interna-de-lla","status":"publish","type":"post","link":"https:\/\/www.actualidadadiario.com\/index.php\/2024\/09\/06\/milei-llega-hoy-a-mendoza-por-primera-vez-desde-la-campana-en-plena-interna-de-lla\/","title":{"rendered":"Milei llega hoy a Mendoza por primera vez desde la campa\u00f1a en plena interna de LLA"},"content":{"rendered":"<p style=\"text-align: center;\"><em><strong>La relaci\u00f3n del presidente con el gobernador no es fluida, pero est\u00e1 creciendo a nivel personal. Habr\u00e1 un encuentro informal entre ambos durante la visita, que ser\u00e1 breve. El mandatario nacional cerrar\u00e1 en la provincia un foro nacional de finanzas<\/strong><\/em><\/p>\n<p>&nbsp;<\/p>\n<p>&nbsp;<\/p>\n<p>El mandatario viajar\u00e1 este viernes a Mendoza por primera vez desde su asunci\u00f3n, para participar de la 45\u00b0 Convenci\u00f3n del Instituto Argentino de Ejecutivos de Finanzas (IAEF), que se realiza en el hotel Sheraton de la capital. Lo har\u00e1 junto a una comitiva que incluye a la ministra de Seguridad, Patricia Bullrich, y a su par de Desregulaci\u00f3n y Transformaci\u00f3n del Estado, Federico Sturzenegger, entre otros. Los funcionarios partir\u00e1n a las 16:30 y se espera que arriben a las 19 a tierras mendocinas, donde ser\u00e1n recibidos en el aeropuerto por el gobernador Alfredo Cornejo, quien tambi\u00e9n disertar\u00e1 en el evento.<\/p>\n<p>En principio, desde la administraci\u00f3n mendocina no confirmaron si habr\u00e1 un encuentro formal entre el jefe provincial y el Presidente. &#8220;En Protocolo me informaron que solo viene al evento, pero s\u00ed vamos a mantener una peque\u00f1a reuni\u00f3n. No todos los d\u00edas se puede hablar personalmente con un presidente\u201d, dijo el propio Cornejo al respecto.<\/p>\n<p>Como la mayor\u00eda de sus pares de Juntos por el Cambio (JxC), el gobernador mendocino teji\u00f3 una buena sinton\u00eda con el Gobierno nacional desde el primer momento. Sin embargo, con el paso del tiempo y al calor del ajuste sobre las arcas provinciales, se desgast\u00f3. Al d\u00eda de hoy, los PRO se mantienen en tensi\u00f3n con la gesti\u00f3n libertaria y muestran los dientes en distintos frentes, incluyendo el legislativo.<\/p>\n<p>&#8220;Va, habla y se va&#8221;, sintetizaron en Casa Rosada ante la consulta respecto de la visita presidencial en la Provincia cuyana. &#8220;Solo participa del encuentro y se vuelve, no hay m\u00e1s que eso. Una visita rel\u00e1mpago&#8221;, sum\u00f3 una voz libertaria de la provincia. A la par, una fuente opositora dijo: &#8220;Si este congreso hubiera sido en Puerto Madero, Milei no vendr\u00eda. Viene a encerrarse en un hotel para hablar con un sector de referentes del mundo financiero, no la considero una visita a Mendoza&#8221;.<\/p>\n<p>Es que Mendoza no es solo un detalle, en Mendoza Milei cosech\u00f3 el 71,4% de los votos en el balotaje frente a Sergio Massa. Por eso, en el camino a su formalizaci\u00f3n, el partido est\u00e1 sometido a numerosos tironeos entre los grupos que pavimentaron el incipiente andamiaje con el que LLA compiti\u00f3 en los comicios pasados. Ese tablero se vio sacudido semanas atr\u00e1s con la renuncia de Lourdes Arrieta al bloque oficialista de la C\u00e1mara baja y su eyecci\u00f3n al frente del partido, tras ventilar los entretelones de la visita que ella y otros legisladores realizaron a represores en el Penal de Ezeiza.<\/p>\n<p>De hecho, este jueves, el juzgado federal N\u00b01 de Mendoza oficializ\u00f3 la remoci\u00f3n de Arrieta como Presidenta del Consejo Provincial, de la Junta Promotora, como integrante de la Asamblea Constitutiva, apoderada del Partido y &#8220;como de cualquier otro cargo que pudiese detentar&#8221;. Lo propio hizo con su hermano, Mart\u00edn Arrieta. En su lugar, fue nombrado el diputado nacional Facundo Correa Llano.<\/p>\n","protected":false},"excerpt":{"rendered":"<p>La relaci\u00f3n del presidente con el gobernador no es fluida, pero est\u00e1 creciendo a nivel personal. Habr\u00e1 un encuentro informal entre ambos durante la visita, que ser\u00e1 breve. El mandatario nacional cerrar\u00e1 en la provincia un foro nacional de finanzas &nbsp; &nbsp; El mandatario viajar\u00e1 este viernes a Mendoza por primera vez desde su asunci\u00f3n, para participar de la 45\u00b0 Convenci\u00f3n del Instituto Argentino de Ejecutivos de Finanzas (IAEF), que se realiza en el hotel Sheraton de la capital. Lo har\u00e1 junto a una comitiva que incluye a la ministra&#8230;<\/p>\n","protected":false},"author":3,"featured_media":114889,"comment_status":"closed","ping_status":"closed","sticky":false,"template":"","format":"standard","meta":[],"categories":[18],"tags":[],"_links":{"self":[{"href":"https:\/\/www.actualidadadiario.com\/index.php\/wp-json\/wp\/v2\/posts\/119829"}],"collection":[{"href":"https:\/\/www.actualidadadiario.com\/index.php\/wp-json\/wp\/v2\/posts"}],"about":[{"href":"https:\/\/www.actualidadadiario.com\/index.php\/wp-json\/wp\/v2\/types\/post"}],"author":[{"embeddable":true,"href":"https:\/\/www.actualidadadiario.com\/index.php\/wp-json\/wp\/v2\/users\/3"}],"replies":[{"embeddable":true,"href":"https:\/\/www.actualidadadiario.com\/index.php\/wp-json\/wp\/v2\/comments?post=119829"}],"version-history":[{"count":2,"href":"https:\/\/www.actualidadadiario.com\/index.php\/wp-json\/wp\/v2\/posts\/119829\/revisions"}],"predecessor-version":[{"id":119838,"href":"https:\/\/www.actualidadadiario.com\/index.php\/wp-json\/wp\/v2\/posts\/119829\/revisions\/119838"}],"wp:featuredmedia":[{"embeddable":true,"href":"https:\/\/www.actualidadadiario.com\/index.php\/wp-json\/wp\/v2\/media\/114889"}],"wp:attachment":[{"href":"https:\/\/www.actualidadadiario.com\/index.php\/wp-json\/wp\/v2\/media?parent=119829"}],"wp:term":[{"taxonomy":"category","embeddable":true,"href":"https:\/\/www.actualidadadiario.com\/index.php\/wp-json\/wp\/v2\/categories?post=119829"},{"taxonomy":"post_tag","embeddable":true,"href":"https:\/\/www.actualidadadiario.com\/index.php\/wp-json\/wp\/v2\/tags?post=119829"}],"curies":[{"name":"wp","href":"https:\/\/api.w.org\/{rel}","templated":true}]}}