{"id":119827,"date":"2024-09-06T12:24:30","date_gmt":"2024-09-06T15:24:30","guid":{"rendered":"https:\/\/www.actualidadadiario.com\/?p=119827"},"modified":"2024-09-06T12:24:30","modified_gmt":"2024-09-06T15:24:30","slug":"presentan-un-proyecto-para-derogar-el-decreto-del-gobierno-que-restringe-el-acceso-a-la-informacion-publica","status":"publish","type":"post","link":"https:\/\/www.actualidadadiario.com\/index.php\/2024\/09\/06\/presentan-un-proyecto-para-derogar-el-decreto-del-gobierno-que-restringe-el-acceso-a-la-informacion-publica\/","title":{"rendered":"Presentan un proyecto para derogar el decreto del Gobierno que restringe el acceso a la informaci\u00f3n p\u00fablica"},"content":{"rendered":"<p style=\"text-align: center;\"><em><strong>Se trata de una propuesta de la Coalici\u00f3n C\u00edvica. &#8220;Las limitaciones al derecho de acceso a la informaci\u00f3n solo pueden estar establecidas en forma excepcional por una ley del Honorable Congreso de la Naci\u00f3n y deben ser interpretadas en forma restrictiva, siempre a favor de garantizar el derecho de acceso a la informaci\u00f3n p\u00fablica&#8221;, se\u00f1alan los autores del proyecto de ley<\/strong><\/em><\/p>\n<p>&nbsp;<\/p>\n<p>&nbsp;<\/p>\n<p>El bloque de diputados de la Coalici\u00f3n C\u00edvica present\u00f3 este jueves un proyecto de ley para derogar el decreto del Gobierno que restringe el derecho al acceso a la informaci\u00f3n p\u00fablica. El art\u00edculo 1 de la iniciativa se expresa: &#8220;der\u00f3gase el Decreto 780\/2024 por resultar contrario a la Constituci\u00f3n Nacional y los Tratados Internacionales as\u00ed como por alterar el esp\u00edritu de la Ley n\u00b0 27.275 sobre el Derecho de Acceso a la Informaci\u00f3n P\u00fablica&#8221;.<\/p>\n<p>En los fundamentos, se apela a lo dispuesto en la Constituci\u00f3n y a un pronunciamiento de la Corte Interamericana de Derechos Humanos sobre los l\u00edmites de los decretos reglamentarios ejecutivos para regular el derecho al acceso a la informaci\u00f3n p\u00fablica. &#8220;Las limitaciones al derecho de acceso a la informaci\u00f3n solo pueden estar establecidas en forma excepcional por una ley del Honorable Congreso de la Naci\u00f3n y deben ser interpretadas en forma restrictiva, siempre a favor de garantizar el derecho de acceso a la informaci\u00f3n p\u00fablica&#8221;, se\u00f1alan los autores del proyecto de ley.<\/p>\n<p>&#8220;Las excepciones fueron clara y taxativamente establecidas por la Ley n\u00b0 27.275 no pudiendo incorporase nuevas excepciones o interpretaciones restrictivas por v\u00eda reglamentaria, ni tampoco pudiendo hacerlo a trav\u00e9s de una interpretaci\u00f3n con alcance general&#8221;, finalizaron.<\/p>\n<p>La iniciativa lleva las firmas de Victoria Borrego, Juan Manuel L\u00f3pez, Marcela Campagnoli, Maximiliano Ferraro, M\u00f3nica Frande y Paula Oliveto. El lunes pasado, el bloque Encuentro Federal hab\u00eda presentado un pedido de informes al Poder Ejecutivo para que explique los alcances del mismo decreto 780\/24.<\/p>\n","protected":false},"excerpt":{"rendered":"<p>Se trata de una propuesta de la Coalici\u00f3n C\u00edvica. &#8220;Las limitaciones al derecho de acceso a la informaci\u00f3n solo pueden estar establecidas en forma excepcional por una ley del Honorable Congreso de la Naci\u00f3n y deben ser interpretadas en forma restrictiva, siempre a favor de garantizar el derecho de acceso a la informaci\u00f3n p\u00fablica&#8221;, se\u00f1alan los autores del proyecto de ley &nbsp; &nbsp; El bloque de diputados de la Coalici\u00f3n C\u00edvica present\u00f3 este jueves un proyecto de ley para derogar el decreto del Gobierno que restringe el derecho al acceso&#8230;<\/p>\n","protected":false},"author":3,"featured_media":116308,"comment_status":"closed","ping_status":"closed","sticky":false,"template":"","format":"standard","meta":[],"categories":[18],"tags":[],"_links":{"self":[{"href":"https:\/\/www.actualidadadiario.com\/index.php\/wp-json\/wp\/v2\/posts\/119827"}],"collection":[{"href":"https:\/\/www.actualidadadiario.com\/index.php\/wp-json\/wp\/v2\/posts"}],"about":[{"href":"https:\/\/www.actualidadadiario.com\/index.php\/wp-json\/wp\/v2\/types\/post"}],"author":[{"embeddable":true,"href":"https:\/\/www.actualidadadiario.com\/index.php\/wp-json\/wp\/v2\/users\/3"}],"replies":[{"embeddable":true,"href":"https:\/\/www.actualidadadiario.com\/index.php\/wp-json\/wp\/v2\/comments?post=119827"}],"version-history":[{"count":1,"href":"https:\/\/www.actualidadadiario.com\/index.php\/wp-json\/wp\/v2\/posts\/119827\/revisions"}],"predecessor-version":[{"id":119828,"href":"https:\/\/www.actualidadadiario.com\/index.php\/wp-json\/wp\/v2\/posts\/119827\/revisions\/119828"}],"wp:featuredmedia":[{"embeddable":true,"href":"https:\/\/www.actualidadadiario.com\/index.php\/wp-json\/wp\/v2\/media\/116308"}],"wp:attachment":[{"href":"https:\/\/www.actualidadadiario.com\/index.php\/wp-json\/wp\/v2\/media?parent=119827"}],"wp:term":[{"taxonomy":"category","embeddable":true,"href":"https:\/\/www.actualidadadiario.com\/index.php\/wp-json\/wp\/v2\/categories?post=119827"},{"taxonomy":"post_tag","embeddable":true,"href":"https:\/\/www.actualidadadiario.com\/index.php\/wp-json\/wp\/v2\/tags?post=119827"}],"curies":[{"name":"wp","href":"https:\/\/api.w.org\/{rel}","templated":true}]}}