{"id":119818,"date":"2024-09-06T12:13:46","date_gmt":"2024-09-06T15:13:46","guid":{"rendered":"https:\/\/www.actualidadadiario.com\/?p=119818"},"modified":"2024-09-06T12:13:46","modified_gmt":"2024-09-06T15:13:46","slug":"encuesta-cae-la-aprobacion-del-gobierno-y-crece-el-pesimismo-sobre-la-economia","status":"publish","type":"post","link":"https:\/\/www.actualidadadiario.com\/index.php\/2024\/09\/06\/encuesta-cae-la-aprobacion-del-gobierno-y-crece-el-pesimismo-sobre-la-economia\/","title":{"rendered":"Encuesta: cae la aprobaci\u00f3n del gobierno y crece el pesimismo sobre la econom\u00eda"},"content":{"rendered":"<p style=\"text-align: center;\"><em><strong>La desaprobaci\u00f3n sobre la gesti\u00f3n de Milei subi\u00f3 tres puntos en el \u00faltimo mes. Fuerte rechazo al veto del aumento a los jubilados<\/strong><\/em><\/p>\n<p>&nbsp;<\/p>\n<p>&nbsp;<\/p>\n<p>Una encuesta revel\u00f3 que la aprobaci\u00f3n del gobierno nacional cay\u00f3 tres puntos en el \u00faltimo mes, en l\u00ednea con un crecimiento del pesimismo sobre la situaci\u00f3n econ\u00f3mica.<\/p>\n<p>El sondeo realizado por la consultora Analog\u00edas muestra que el 43,6 por ciento desaprueba la gesti\u00f3n de Javier Milei. Hace un mes la misma encuesta mostraba una desaprobaci\u00f3n del 40,6 por ciento, siendo hasta ese momento menor que la aprobaci\u00f3n (que baj\u00f3 de 41,9 a 38,9).<\/p>\n<p>Tambi\u00e9n tiene una suba significativa la desaprobaci\u00f3n sobre el manejo de la econom\u00eda. El anterior sondeo (fines de julio) dio una desaprobaci\u00f3n del 45,7 por ciento, mientras que ahora se ubica en 49,5 por ciento.<\/p>\n<p>El alivio para el gobierno es que estos datos todav\u00eda no impactan de manera directa en la imagen personal de Milei, cuya negativa se ubica en 47 por ciento apenas dos d\u00e9cimas m\u00e1s que hace un mes. La positiva, 48,1 por ciento, sigue siendo mayor.<\/p>\n<p>&#8220;El deterioro de la base de apoyo del Gobierno es coherente con la ca\u00edda de los ingresos y el empleo que se extienden en el tiempo, mientras se demora el cambio rotundo de r\u00e9gimen monetario que prometi\u00f3 Milei en campa\u00f1a y que es lo que en la narrativa del Gobierno justifica el ajuste&#8221;, se\u00f1al\u00f3 Marina Acosta, directora de comunicaci\u00f3n de Analog\u00edas.<\/p>\n<p>El informe tambi\u00e9n alerta que hay una ca\u00edda del acuerdo sobre la necesidad de un &#8220;sacrificio&#8221; para que la econom\u00eda vuelva a crecer y sobre la visi\u00f3n de que &#8220;no hay alternativa&#8221; al plan de ajuste.<\/p>\n<p>Adem\u00e1s, por segundo mes consecutivo el desempleo es considerado el peor problema econ\u00f3mico (superando a la inflaci\u00f3n) y la mayor\u00eda cree que se est\u00e1n perdiendo &#8220;muchos o bastantes&#8221; puestos de trabajo.<\/p>\n<p>Finalmente, un 63,7 por ciento rechaza el veto de Milei a la recomposici\u00f3n de las jubilaciones aprobada por el Congreso. La cifra tan alta revela que incluso una parte de la base de apoyo al presidente rechaza la medida.<\/p>\n","protected":false},"excerpt":{"rendered":"<p>La desaprobaci\u00f3n sobre la gesti\u00f3n de Milei subi\u00f3 tres puntos en el \u00faltimo mes. Fuerte rechazo al veto del aumento a los jubilados &nbsp; &nbsp; Una encuesta revel\u00f3 que la aprobaci\u00f3n del gobierno nacional cay\u00f3 tres puntos en el \u00faltimo mes, en l\u00ednea con un crecimiento del pesimismo sobre la situaci\u00f3n econ\u00f3mica. El sondeo realizado por la consultora Analog\u00edas muestra que el 43,6 por ciento desaprueba la gesti\u00f3n de Javier Milei. Hace un mes la misma encuesta mostraba una desaprobaci\u00f3n del 40,6 por ciento, siendo hasta ese momento menor que&#8230;<\/p>\n","protected":false},"author":3,"featured_media":117754,"comment_status":"closed","ping_status":"closed","sticky":false,"template":"","format":"standard","meta":[],"categories":[9],"tags":[],"_links":{"self":[{"href":"https:\/\/www.actualidadadiario.com\/index.php\/wp-json\/wp\/v2\/posts\/119818"}],"collection":[{"href":"https:\/\/www.actualidadadiario.com\/index.php\/wp-json\/wp\/v2\/posts"}],"about":[{"href":"https:\/\/www.actualidadadiario.com\/index.php\/wp-json\/wp\/v2\/types\/post"}],"author":[{"embeddable":true,"href":"https:\/\/www.actualidadadiario.com\/index.php\/wp-json\/wp\/v2\/users\/3"}],"replies":[{"embeddable":true,"href":"https:\/\/www.actualidadadiario.com\/index.php\/wp-json\/wp\/v2\/comments?post=119818"}],"version-history":[{"count":1,"href":"https:\/\/www.actualidadadiario.com\/index.php\/wp-json\/wp\/v2\/posts\/119818\/revisions"}],"predecessor-version":[{"id":119819,"href":"https:\/\/www.actualidadadiario.com\/index.php\/wp-json\/wp\/v2\/posts\/119818\/revisions\/119819"}],"wp:featuredmedia":[{"embeddable":true,"href":"https:\/\/www.actualidadadiario.com\/index.php\/wp-json\/wp\/v2\/media\/117754"}],"wp:attachment":[{"href":"https:\/\/www.actualidadadiario.com\/index.php\/wp-json\/wp\/v2\/media?parent=119818"}],"wp:term":[{"taxonomy":"category","embeddable":true,"href":"https:\/\/www.actualidadadiario.com\/index.php\/wp-json\/wp\/v2\/categories?post=119818"},{"taxonomy":"post_tag","embeddable":true,"href":"https:\/\/www.actualidadadiario.com\/index.php\/wp-json\/wp\/v2\/tags?post=119818"}],"curies":[{"name":"wp","href":"https:\/\/api.w.org\/{rel}","templated":true}]}}