{"id":119815,"date":"2024-09-06T12:12:49","date_gmt":"2024-09-06T15:12:49","guid":{"rendered":"https:\/\/www.actualidadadiario.com\/?p=119815"},"modified":"2024-09-06T12:12:49","modified_gmt":"2024-09-06T15:12:49","slug":"incendios-fuera-de-control-en-cordoba-habilitaron-la-ruta-que-va-a-carlos-paz-pero-combaten-otro-foco-en-traslasierra","status":"publish","type":"post","link":"https:\/\/www.actualidadadiario.com\/index.php\/2024\/09\/06\/incendios-fuera-de-control-en-cordoba-habilitaron-la-ruta-que-va-a-carlos-paz-pero-combaten-otro-foco-en-traslasierra\/","title":{"rendered":"Incendios fuera de control en C\u00f3rdoba: habilitaron la ruta que va a Carlos Paz, pero combaten otro foco en Traslasierra"},"content":{"rendered":"<p style=\"text-align: center;\"><em><strong>El humo se disip\u00f3 en la autopista que conecta la capital provincial con Carlos Paz. Por la madrugada se inici\u00f3 otro foco en El Volc\u00e1n, en Valle de Traslasierra<\/strong><\/em><\/p>\n<p>&nbsp;<\/p>\n<p>&nbsp;<\/p>\n<p>Las autoridades anunciaron esta ma\u00f1ana la rehabilitaci\u00f3n del tr\u00e1nsito en la autopista C\u00f3rdoba-Carlos Paz, luego de que se interrumpiera debido a la densidad del humo en la zona. En esa l\u00ednea, el foco que se registraba en La Mezquita, en el predio del Tercer Cuerpo del Ej\u00e9rcito, ya se encuentra \u201ccircunscripto\u201d.<\/p>\n<p>Si bien persiste la actividad \u00edgnea, no existe riesgo de propagaci\u00f3n. Seg\u00fan precisaron desde el gobierno de C\u00f3rdoba, casi 200 efectivos trabajaron durante la noche para sofocar las llamas y actualmente, se busca enfriar el per\u00edmetro con aviones hidrantes.<\/p>\n<p>En tanto, bomberos, personal del Equipo T\u00e9cnico de Acci\u00f3n ante Cat\u00e1strofes (ETAC) y del Plan Provincial de Manejo del Fuego trabajan en Valle de Traslasierra, ya que por la madrugada se inici\u00f3 un foco en la zona de El Volc\u00e1n, ubicada entre las localidades de Salsacate y Villa Cura Brochero. Adem\u00e1s, cerca de 100 bomberos voluntarios lograron contener un incendio anoche en Villa del Dique.<\/p>\n<p>Por el incendio forestal que azota a la provincia desde el jueves por la tarde, cuatro bomberos tuvieron que ser trasladados con heridas. El ministro de Salud cordob\u00e9s, Ricardo Pieckenstainer, en di\u00e1logo con TN, precis\u00f3: \u201cLo que s\u00ed sabemos es que hay dos en estado reservado, uno de ellos en terapia intensiva. Est\u00e1n en el Hospital C\u00f3rdoba. Por ahora lo que esperamos es no tener nuevos heridos. Dejamos un puesto sanitario con una terapia intensiva m\u00f3vil a la altura del peaje para hacer la asistencia r\u00e1pida de cualquier otro herido\u201d.<\/p>\n<p>Con el correr de las horas, se supo que el cuadro de ambos evolucion\u00f3 favorablemente. Trasladaron a sala com\u00fan al hombre que hab\u00eda sido ingresado en terapia intensiva, mientras que el otro bombero, cuyo cuadro era reservado, qued\u00f3 bajo observaci\u00f3n, sin sus v\u00edas respiratorias afectadas, de acuerdo con la informaci\u00f3n a la que pudo acceder el medio local ElDoce.tv.<\/p>\n<p>&nbsp;<\/p>\n<p><strong>Corte total en la Autopista C\u00f3rdoba &#8211; Carlos Paz<\/strong><\/p>\n<p>El frente del incendio se extendi\u00f3 por medio kil\u00f3metro, en un bosque ubicado entre la autopista y la localidad de La Calera. Las llamas llegaron hasta el borde de la autov\u00eda, e incluso se quemaron varios carteles publicitarios. Por este motivo se bloque\u00f3 el paso desde el puente Primero de Mayo hasta el puente Falda del Carmen. Es la misma zona donde se hab\u00edan producido algunos de los incendios al inicio de la semana. Las llamas se intensificaron durante la madrugada.<\/p>\n<p>El vocero de la Secretar\u00eda de Gesti\u00f3n de Riesgo Clim\u00e1tico, Roberto Schreiner, confirm\u00f3 que en el lugar trabajaron 200 bomberos de cuarteles de toda la regi\u00f3n que acudieron a la emergencia. Tambi\u00e9n prestaron asistencia dos aviones hidrantes. Sin embargo, durante la madrugada, el grupo se redujo a 60 brigadistas.<\/p>\n<p>Una vez m\u00e1s, las condiciones clim\u00e1ticas fueron favorables para una r\u00e1pida propagaci\u00f3n de las llamas. Hubo fuertes r\u00e1fagas de viento norte que superaron los 60 km\/h, con marcas por encima de los 25 grados, y la humedad relativa cay\u00f3 por debajo del 20%.<\/p>\n<p>\u201cAhora el enemigo n\u00famero 1 es el viento. Esperamos tener r\u00e1fagas toda la noche. El incendio empez\u00f3 con unos 400 metros de frente para cuando llegaron los bomberos. Todav\u00eda no tenemos ninguna presunci\u00f3n sobre c\u00f3mo empez\u00f3 todo\u201d, declar\u00f3 Schreiner, en ese entonces.<\/p>\n<p>El fuego se expandi\u00f3 en una zona despoblada. El temor de las autoridades fue que las cenizas pasaran hacia el otro lado de la autopista C\u00f3rdoba-Carlos Paz, donde s\u00ed hay casas. Tambi\u00e9n hay una estaci\u00f3n de servicio sobre la autopista.<\/p>\n<p>El portal cordob\u00e9s Cadena 3 report\u00f3 que fueron desplazados al lugar camiones de bomberos de La Calera, Malague\u00f1o, Sald\u00e1n, Villa Allende, Carlos Paz, Bialet Mass\u00e9, Santa Mar\u00eda de Punilla y Mendiolaza.<\/p>\n<p>&nbsp;<\/p>\n<p><strong>C\u00f3rdoba declar\u00f3 el estado de desastre<\/strong><\/p>\n<p>Lo anunci\u00f3 el gobernador Mart\u00edn Llaryora. El Valle de Calamuchita sufri\u00f3 la quema de 12.600 hect\u00e1reas, incidente que afect\u00f3 severamente a las viviendas y la vegetaci\u00f3n nativa. Destinar\u00e1n un Fondo Permanente para Atenci\u00f3n de Situaciones de Desastre con el objetivo de mitigar los da\u00f1os provocados.<\/p>\n<p>El siniestro, cuyo origen se report\u00f3 el lunes cerca del bosque nativo de Villa Yacanto, fue sofocado por los bomberos reci\u00e9n el mi\u00e9rcoles. En total, el fuego alcanz\u00f3 un per\u00edmetro de 86 kil\u00f3metros y quem\u00f3 unas 20 viviendas.<\/p>\n<p>\u201cHoy sobrevolamos la zona afectada por el incendio que comenz\u00f3 el lunes en El Durazno, en el Valle de Calamuchita y declaramos el estado de desastre en los departamentos Calamuchita, Punilla, Col\u00f3n y Santa Mar\u00eda\u201d, poste\u00f3 el gobernador en su cuenta de X.<\/p>\n<p>De acuerdo con el Gobierno cordob\u00e9s, el Fondo de Emergencia se incrementar\u00e1 a 5 mil millones de pesos. Las labores de apoyo se enfocar\u00e1n especialmente en el \u00e1rea habitada, donde el impacto del incendio fue mayor.<\/p>\n<p>El presupuesto se usar\u00e1 para reconstruir las infraestructuras da\u00f1adas y apoyar a los residentes que han visto sus hogares afectados.<\/p>\n<p>Asimismo, el Gobierno ha instado a la poblaci\u00f3n a tomar medidas preventivas para evitar futuros incendios forestales, recordando la importancia de mantener limpios los terrenos y evitar pr\u00e1cticas que puedan incrementar el riesgo de incendios.<\/p>\n<p>Por el origen del fuego permanece detenido un jubilado de 71 a\u00f1os, que est\u00e1 imputado por \u201cincendio culposo agravado\u201d y ser\u00e1 indagado el viernes por la fiscal de R\u00edo Tercero Paula Bruera.<\/p>\n<p>Se analizar\u00e1 si todo comenz\u00f3 a ra\u00edz de una chispa o ceniza que habr\u00eda salido de la estufa de su caso y, en caso de ser encontrado culpable, el hombre podr\u00eda enfrentar una pena de hasta 5 a\u00f1os de prisi\u00f3n.<\/p>\n<p>Por \u00faltimo, las autoridades recordaron a la poblaci\u00f3n la importancia de denunciar los incendios que pudieran producirse en la provincia, con el fin de que estos no tomen mayores dimensiones. Para esto, los ciudadanos podr\u00e1n comunicarse al 0800-888-38346 (FUEGO), 911 (Polic\u00eda) o 100 (Bomberos).<\/p>\n<p>&nbsp;<\/p>\n<p><strong>Incendio en Santa Fe: \u201cEl da\u00f1o es muy fuerte\u201d<\/strong><\/p>\n<p>Mientras el fuego no da tregua en C\u00f3rdoba, se reactiv\u00f3 un foco en Santa Fe cerca de la la noche del jueves en la zona de las islas.<\/p>\n<p>Seg\u00fan la informaci\u00f3n del medio local El Once, las llamas se observan desde la Costanera media del Parque Urquiza. En el lugar, trabajan los bomberos voluntarios de la zona pero, al igual de lo que sucede en C\u00f3rdoba, el viento complica los intentos de controlar las llamas.<\/p>\n<p>Al respecto, un baqueano de la regi\u00f3n Luis Romero lament\u00f3: \u201cHace much\u00edsimos a\u00f1os que se viene quemando. Los \u00faltimos a\u00f1os hemos visto un incremento intensivo de las quemas donde se hace un frente de varios kil\u00f3metros\u201d. De esta manera, mencion\u00f3 que lo hacen para dedicarse al engorde de la ganader\u00eda.<\/p>\n<p>\u201cToda esta regi\u00f3n se ha visto cambiada, todo el corredor del r\u00edo Paran\u00e1, r\u00edo Paraguay se ha tratado de la misma manera. Se queman los humedales para traer el ganado de tierra alta, que al no ver agua en los arroyos y tajamares, trasladan a zona de islas para conseguir mejor aprovechamiento de la producci\u00f3n vegetal en el lugar\u201d, precis\u00f3 y agreg\u00f3 que \u201cquemando la isla van empobreciendo a la gente\u201d que trabaja en actividades que se ven directamente afectadas por los cambios ambientales, como la pesca. \u201cEl da\u00f1o es muy fuerte\u201d, cerr\u00f3.<\/p>\n","protected":false},"excerpt":{"rendered":"<p>El humo se disip\u00f3 en la autopista que conecta la capital provincial con Carlos Paz. Por la madrugada se inici\u00f3 otro foco en El Volc\u00e1n, en Valle de Traslasierra &nbsp; &nbsp; Las autoridades anunciaron esta ma\u00f1ana la rehabilitaci\u00f3n del tr\u00e1nsito en la autopista C\u00f3rdoba-Carlos Paz, luego de que se interrumpiera debido a la densidad del humo en la zona. En esa l\u00ednea, el foco que se registraba en La Mezquita, en el predio del Tercer Cuerpo del Ej\u00e9rcito, ya se encuentra \u201ccircunscripto\u201d. Si bien persiste la actividad \u00edgnea, no existe&#8230;<\/p>\n","protected":false},"author":3,"featured_media":119816,"comment_status":"closed","ping_status":"closed","sticky":false,"template":"","format":"standard","meta":[],"categories":[2],"tags":[],"_links":{"self":[{"href":"https:\/\/www.actualidadadiario.com\/index.php\/wp-json\/wp\/v2\/posts\/119815"}],"collection":[{"href":"https:\/\/www.actualidadadiario.com\/index.php\/wp-json\/wp\/v2\/posts"}],"about":[{"href":"https:\/\/www.actualidadadiario.com\/index.php\/wp-json\/wp\/v2\/types\/post"}],"author":[{"embeddable":true,"href":"https:\/\/www.actualidadadiario.com\/index.php\/wp-json\/wp\/v2\/users\/3"}],"replies":[{"embeddable":true,"href":"https:\/\/www.actualidadadiario.com\/index.php\/wp-json\/wp\/v2\/comments?post=119815"}],"version-history":[{"count":1,"href":"https:\/\/www.actualidadadiario.com\/index.php\/wp-json\/wp\/v2\/posts\/119815\/revisions"}],"predecessor-version":[{"id":119817,"href":"https:\/\/www.actualidadadiario.com\/index.php\/wp-json\/wp\/v2\/posts\/119815\/revisions\/119817"}],"wp:featuredmedia":[{"embeddable":true,"href":"https:\/\/www.actualidadadiario.com\/index.php\/wp-json\/wp\/v2\/media\/119816"}],"wp:attachment":[{"href":"https:\/\/www.actualidadadiario.com\/index.php\/wp-json\/wp\/v2\/media?parent=119815"}],"wp:term":[{"taxonomy":"category","embeddable":true,"href":"https:\/\/www.actualidadadiario.com\/index.php\/wp-json\/wp\/v2\/categories?post=119815"},{"taxonomy":"post_tag","embeddable":true,"href":"https:\/\/www.actualidadadiario.com\/index.php\/wp-json\/wp\/v2\/tags?post=119815"}],"curies":[{"name":"wp","href":"https:\/\/api.w.org\/{rel}","templated":true}]}}