{"id":119812,"date":"2024-09-06T12:11:45","date_gmt":"2024-09-06T15:11:45","guid":{"rendered":"https:\/\/www.actualidadadiario.com\/?p=119812"},"modified":"2024-09-06T12:11:45","modified_gmt":"2024-09-06T15:11:45","slug":"santa-fe-lanza-la-campana-de-vacunacion-gratuita-contra-el-dengue-cual-sera-el-primer-grupo-en-recibir-la-dosis","status":"publish","type":"post","link":"https:\/\/www.actualidadadiario.com\/index.php\/2024\/09\/06\/santa-fe-lanza-la-campana-de-vacunacion-gratuita-contra-el-dengue-cual-sera-el-primer-grupo-en-recibir-la-dosis\/","title":{"rendered":"Santa Fe lanza la campa\u00f1a de vacunaci\u00f3n gratuita contra el dengue: cu\u00e1l ser\u00e1 el primer grupo en recibir la dosis"},"content":{"rendered":"<p style=\"text-align: center;\"><em><strong>El operativo comenzar\u00e1 este lunes en barrios de la ciudad de Santa Fe, Rosario y Rafaela y localidades del norte provincial<\/strong><\/em><\/p>\n<p>&nbsp;<\/p>\n<p>&nbsp;<\/p>\n<p>Al igual que la provincia de Buenos Aires, Santa Fe anunci\u00f3 que comenzar\u00e1 el operativo de vacunaci\u00f3n gratuita contra el dengue, de cara a la llegada de los mosquitos con la suba de las temperaturas en el verano.<\/p>\n<p>Quienes recibir\u00e1n la vacuna contra el dengue a partir de este lunes ser\u00e1n los j\u00f3venes de 15 a 19 a\u00f1os de barrios de la ciudad de Santa Fe, Rosario y Rafaela y localidades del norte provincial. En una segunda etapa, se vacunar\u00e1 al personal de salud, bomberos, polic\u00edas y dem\u00e1s personal estrat\u00e9gico de 20 a 39 a\u00f1os.<\/p>\n<p>El gobierno de Maximiliano Pullaro invirti\u00f3 8 mil millones de pesos en el operativo, seg\u00fan informaron desde el Ministerio de Salud de Santa Fe. Por el momento, la provincia ya adquiri\u00f3 160.000 dosis, un porcentaje ya lleg\u00f3 al territorio y ya empez\u00f3 la distribuci\u00f3n en hospitales santafesinos.<\/p>\n<p>La titular de Salud, Silvia Sancio, precis\u00f3 que las personas que ser\u00e1n inoculadas &#8220;est\u00e1n identificadas con nombre y apellido&#8221; y ser\u00e1n llamadas para iniciar la campa\u00f1a la semana entrante.<\/p>\n<p>&#8220;En una primera etapa se va a vacunar a adolescentes y j\u00f3venes de 15 a 19 a\u00f1os. Esta es una recomendaci\u00f3n de la Comisi\u00f3n Nacional de Inmunizaciones, que pide iniciarla en esta etapa&#8221;, precis\u00f3 la funcionaria. En un segundo momento, a mediados de septiembre, se vacunar\u00e1 al personal de salud, bomberos, polic\u00edas y dem\u00e1s personal estrat\u00e9gico de 20 a 39 a\u00f1os&#8221;, a\u00f1adi\u00f3 la funcionaria.<\/p>\n<p>&nbsp;<\/p>\n<p><strong>La provincia de Buenos Aires lanz\u00f3 la campa\u00f1a de vacunaci\u00f3n contra el dengue<\/strong><\/p>\n<p>La provincia de Buenos Aires lanz\u00f3 un operativo similar con el objetivo de evitar un nuevo brote durante la pr\u00f3xima temporada 2024-2025. Anunci\u00f3 la adquisici\u00f3n de 500.000 dosis de la vacuna contra el dengue Qdenga, recomendada por la Organizaci\u00f3n Mundial de la Salud (OMS) por su seguridad y eficacia.<\/p>\n<p>El ministro de Salud bonaerense, Nicol\u00e1s Kreplak, inform\u00f3 que la vacunaci\u00f3n comenzar\u00e1 en octubre. La vacuna, producida por el laboratorio Takeda, demostr\u00f3 una eficacia del 80% en la reducci\u00f3n de contagios y del 90% en casos graves. Est\u00e1 indicada para personas de 15 a 59 a\u00f1os, con dos dosis administradas: una inicial y otra a los tres meses. Las \u00fanicas contraindicaciones son para personas gestantes, lactantes o inmunosuprimidos.<\/p>\n","protected":false},"excerpt":{"rendered":"<p>El operativo comenzar\u00e1 este lunes en barrios de la ciudad de Santa Fe, Rosario y Rafaela y localidades del norte provincial &nbsp; &nbsp; Al igual que la provincia de Buenos Aires, Santa Fe anunci\u00f3 que comenzar\u00e1 el operativo de vacunaci\u00f3n gratuita contra el dengue, de cara a la llegada de los mosquitos con la suba de las temperaturas en el verano. Quienes recibir\u00e1n la vacuna contra el dengue a partir de este lunes ser\u00e1n los j\u00f3venes de 15 a 19 a\u00f1os de barrios de la ciudad de Santa Fe, Rosario&#8230;<\/p>\n","protected":false},"author":3,"featured_media":119813,"comment_status":"closed","ping_status":"closed","sticky":false,"template":"","format":"standard","meta":[],"categories":[2],"tags":[],"_links":{"self":[{"href":"https:\/\/www.actualidadadiario.com\/index.php\/wp-json\/wp\/v2\/posts\/119812"}],"collection":[{"href":"https:\/\/www.actualidadadiario.com\/index.php\/wp-json\/wp\/v2\/posts"}],"about":[{"href":"https:\/\/www.actualidadadiario.com\/index.php\/wp-json\/wp\/v2\/types\/post"}],"author":[{"embeddable":true,"href":"https:\/\/www.actualidadadiario.com\/index.php\/wp-json\/wp\/v2\/users\/3"}],"replies":[{"embeddable":true,"href":"https:\/\/www.actualidadadiario.com\/index.php\/wp-json\/wp\/v2\/comments?post=119812"}],"version-history":[{"count":1,"href":"https:\/\/www.actualidadadiario.com\/index.php\/wp-json\/wp\/v2\/posts\/119812\/revisions"}],"predecessor-version":[{"id":119814,"href":"https:\/\/www.actualidadadiario.com\/index.php\/wp-json\/wp\/v2\/posts\/119812\/revisions\/119814"}],"wp:featuredmedia":[{"embeddable":true,"href":"https:\/\/www.actualidadadiario.com\/index.php\/wp-json\/wp\/v2\/media\/119813"}],"wp:attachment":[{"href":"https:\/\/www.actualidadadiario.com\/index.php\/wp-json\/wp\/v2\/media?parent=119812"}],"wp:term":[{"taxonomy":"category","embeddable":true,"href":"https:\/\/www.actualidadadiario.com\/index.php\/wp-json\/wp\/v2\/categories?post=119812"},{"taxonomy":"post_tag","embeddable":true,"href":"https:\/\/www.actualidadadiario.com\/index.php\/wp-json\/wp\/v2\/tags?post=119812"}],"curies":[{"name":"wp","href":"https:\/\/api.w.org\/{rel}","templated":true}]}}