{"id":119810,"date":"2024-09-06T12:10:38","date_gmt":"2024-09-06T15:10:38","guid":{"rendered":"https:\/\/www.actualidadadiario.com\/?p=119810"},"modified":"2024-09-06T12:10:38","modified_gmt":"2024-09-06T15:10:38","slug":"becas-progresar-confirmaron-aumento-y-la-apertura-de-nueva-inscripcion","status":"publish","type":"post","link":"https:\/\/www.actualidadadiario.com\/index.php\/2024\/09\/06\/becas-progresar-confirmaron-aumento-y-la-apertura-de-nueva-inscripcion\/","title":{"rendered":"Becas Progresar: confirmaron aumento y la apertura de nueva inscripci\u00f3n"},"content":{"rendered":"<p style=\"text-align: center;\"><em><strong>El Ministerio de Capital Humano confirm\u00f3 que las Becas Progresar pasar\u00e1n a ser de $35.000. Adem\u00e1s anunciaron la apertura de la segunda convocatoria. La de Progresar Trabajo permanecer\u00e1 abierta hasta el 30 de noviembre<\/strong><\/em><\/p>\n<p>&nbsp;<\/p>\n<p>&nbsp;<\/p>\n<p>La Secretar\u00eda de Educaci\u00f3n, que depende del Ministerio de Capital Humano, confirm\u00f3 el aumento en las Becas Progresar de Anses. Adem\u00e1s se defini\u00f3 un nuevo per\u00edodo de inscripci\u00f3n para las l\u00edneas Progresar Obligatorio y Progresar Superior.<\/p>\n<p>Con las Becas Progresar, el Estado Nacional busca que los j\u00f3venes puedan terminar sus estudios y se formen profesionalmente. Actualmente existen tres l\u00edneas activas: Educaci\u00f3n Obligatoria, Educaci\u00f3n Superior y Progresar Trabajo.<\/p>\n<p>En l\u00edneas generales para solicitar las Becas Progresar de Anses se debe ser argentino nativo, naturalizado o extranjero con residencia legal de al menos dos a\u00f1os en el pa\u00eds, tener DNI y entre 16 y 24 a\u00f1os. Por \u00faltimo la suma de los ingresos no debe ser superior a tres Salarios M\u00ednimos, Vitales y M\u00f3viles.<\/p>\n<p>&nbsp;<\/p>\n<p><strong>Nuevos montos y per\u00edodo de inscripci\u00f3n<\/strong><\/p>\n<p>El valor de cuota de las Becas Progresar aumentar\u00e1 el 75% y pasar\u00e1 de 20 mil a 35 mil pesos, anunci\u00f3 el Ministerio de Capital Humano, a trav\u00e9s de la Secretar\u00eda de Educaci\u00f3n.<\/p>\n<p>En paralelo el Gobierno Nacional confirm\u00f3 que se inicia el segundo periodo de inscripci\u00f3n desde el 5 al 30 de septiembre 2024 para las l\u00edneas Progresar Obligatorio y Progresar Superior, que incluye Enfermer\u00eda. La convocatoria de la l\u00ednea de Progresar Trabajo contin\u00faa abierta hasta el 30 de noviembre.<\/p>\n<p>&nbsp;<\/p>\n<p><strong>\u00bfQu\u00e9 es Progresar?<\/strong><\/p>\n<p>El Programa de Respaldo a Estudiantes de Argentina (Progresar) es una pol\u00edtica p\u00fablica desarrollada por el Ministerio de Educaci\u00f3n de la Naci\u00f3n. Fue creado a trav\u00e9s del decreto 84\/2014, con el prop\u00f3sito de mitigar las desigualdades sociales y econ\u00f3micas que dificultan el ejercicio del derecho a la educaci\u00f3n. Fortalece las trayectorias de quienes buscan finalizar su educaci\u00f3n obligatoria, formarse profesionalmente o estudiar una carrera de nivel superior.<\/p>\n<p>Est\u00e1 dirigido a j\u00f3venes de 16 a 24 a\u00f1os y contempla poblaciones priorizadas para las cuales var\u00edan los requisitos de edad. Cuenta con cuatro l\u00edneas de becas: Progresar Obligatorio promueve la finalizaci\u00f3n de la educaci\u00f3n obligatoria, e incluye una subl\u00ednea pensada para j\u00f3venes de 16 y 17 a\u00f1os; Progresar Superior acompa\u00f1a a estudiantes de institutos superiores y universidades; Progresar Trabajo se orienta a cursos de formaci\u00f3n profesional; y Progresar Enfermer\u00eda, a quienes cursen la carrera de enfermer\u00eda en universidades y terciarios.<\/p>\n<p>El Programa espera colaborar en el desarrollo de la actitud reflexiva y la capacidad cr\u00edtica propias de los sujetos de derecho. Por eso, las y los becarios son responsables del estipendio econ\u00f3mico. Lo reciben en una cuenta bancaria a su nombre, cuya titularidad promueve la inclusi\u00f3n financiera.<\/p>\n<p>No obstante, Progresar no se limita a una transferencia monetaria. Con el objetivo de potenciar su alcance y acompa\u00f1ar a las y los estudiantes en todo el proceso, se articulan Espacios Progresar en escuelas, institutos y universidades, y Puntos Progresar en los municipios.<\/p>\n<p>En tanto acci\u00f3n estatal, el prop\u00f3sito \u00faltimo del Programa es contribuir al desarrollo y crecimiento de la Argentina. De ah\u00ed la importancia de garantizar condiciones igualitarias de acceso, permanencia y egreso en la educaci\u00f3n, considerando el conocimiento como bien p\u00fablico y derecho personal y social.<\/p>\n","protected":false},"excerpt":{"rendered":"<p>El Ministerio de Capital Humano confirm\u00f3 que las Becas Progresar pasar\u00e1n a ser de $35.000. Adem\u00e1s anunciaron la apertura de la segunda convocatoria. La de Progresar Trabajo permanecer\u00e1 abierta hasta el 30 de noviembre &nbsp; &nbsp; La Secretar\u00eda de Educaci\u00f3n, que depende del Ministerio de Capital Humano, confirm\u00f3 el aumento en las Becas Progresar de Anses. Adem\u00e1s se defini\u00f3 un nuevo per\u00edodo de inscripci\u00f3n para las l\u00edneas Progresar Obligatorio y Progresar Superior. Con las Becas Progresar, el Estado Nacional busca que los j\u00f3venes puedan terminar sus estudios y se formen&#8230;<\/p>\n","protected":false},"author":3,"featured_media":92521,"comment_status":"closed","ping_status":"closed","sticky":false,"template":"","format":"standard","meta":[],"categories":[2],"tags":[],"_links":{"self":[{"href":"https:\/\/www.actualidadadiario.com\/index.php\/wp-json\/wp\/v2\/posts\/119810"}],"collection":[{"href":"https:\/\/www.actualidadadiario.com\/index.php\/wp-json\/wp\/v2\/posts"}],"about":[{"href":"https:\/\/www.actualidadadiario.com\/index.php\/wp-json\/wp\/v2\/types\/post"}],"author":[{"embeddable":true,"href":"https:\/\/www.actualidadadiario.com\/index.php\/wp-json\/wp\/v2\/users\/3"}],"replies":[{"embeddable":true,"href":"https:\/\/www.actualidadadiario.com\/index.php\/wp-json\/wp\/v2\/comments?post=119810"}],"version-history":[{"count":1,"href":"https:\/\/www.actualidadadiario.com\/index.php\/wp-json\/wp\/v2\/posts\/119810\/revisions"}],"predecessor-version":[{"id":119811,"href":"https:\/\/www.actualidadadiario.com\/index.php\/wp-json\/wp\/v2\/posts\/119810\/revisions\/119811"}],"wp:featuredmedia":[{"embeddable":true,"href":"https:\/\/www.actualidadadiario.com\/index.php\/wp-json\/wp\/v2\/media\/92521"}],"wp:attachment":[{"href":"https:\/\/www.actualidadadiario.com\/index.php\/wp-json\/wp\/v2\/media?parent=119810"}],"wp:term":[{"taxonomy":"category","embeddable":true,"href":"https:\/\/www.actualidadadiario.com\/index.php\/wp-json\/wp\/v2\/categories?post=119810"},{"taxonomy":"post_tag","embeddable":true,"href":"https:\/\/www.actualidadadiario.com\/index.php\/wp-json\/wp\/v2\/tags?post=119810"}],"curies":[{"name":"wp","href":"https:\/\/api.w.org\/{rel}","templated":true}]}}