{"id":119805,"date":"2024-09-06T12:09:21","date_gmt":"2024-09-06T15:09:21","guid":{"rendered":"https:\/\/www.actualidadadiario.com\/?p=119805"},"modified":"2024-09-06T13:11:25","modified_gmt":"2024-09-06T16:11:25","slug":"la-comunidad-cientifica-le-responde-a-milei-tiene-una-posicion-oscurantista-con-siglos-de-atraso","status":"publish","type":"post","link":"https:\/\/www.actualidadadiario.com\/index.php\/2024\/09\/06\/la-comunidad-cientifica-le-responde-a-milei-tiene-una-posicion-oscurantista-con-siglos-de-atraso\/","title":{"rendered":"La comunidad cient\u00edfica le responde a Milei: tiene \u201cuna posici\u00f3n oscurantista con siglos de atraso\u201d"},"content":{"rendered":"<p style=\"text-align: center;\"><em><strong>Con insultos, el Presidente incluy\u00f3 a cient\u00edficos e intelectuales en su definici\u00f3n de casta. \u201cPuso de manifiesto que su fervor en contra de la ciencia y la tecnolog\u00eda nacional no tiene que ver con la b\u00fasqueda del tan mentado equilibrio fiscal\u201d, advirtieron las autoridades de la Facultad de Ciencias Exactas de la UBA<\/strong><\/em><\/p>\n<p>&nbsp;<\/p>\n<p>&nbsp;<\/p>\n<p>En su discurso ante el Foro Madrid edici\u00f3n Buenos Aires, el presidente Javier Milei apunt\u00f3 una vez m\u00e1s contra la comunidad cient\u00edfica. Dej\u00f3 en claro que considera que pertenece a la \u2018casta\u2019, definici\u00f3n que explica que sea permanente blanco de sus ataques. Desde el \u00e1mbito de la ciencia y la investigaci\u00f3n, que viene batallando contra un ajuste que pone en peligro su existencia en el pa\u00eds, no tardaron en repudiar los dichos del mandatario. \u201cA trav\u00e9s de una posici\u00f3n oscurantista con siglos de atraso, el presidente Milei identifica a la comunidad cient\u00edfica y al pensamiento cr\u00edtico como sus enemigos y niega el valor del conocimiento como base de la riqueza y el bienestar de las naciones\u201d, lamentaron las autoridades de la Facultad de Ciencias Exactas de la Universidad de Buenos Aires (UBA).<\/p>\n<p>Al referirse una vez m\u00e1s a la \u2018casta\u2019 como principal problema para la Argentina, Milei detall\u00f3 en su discurso en el ahora ex CCK qui\u00e9nes pertenecen a lo que llama \u201cPartido del Estado\u201d. Entre artistas, sindicalistas y otros, mencion\u00f3 a quienes hacen ciencia. \u201cLos supuestos cient\u00edficos e intelectuales, que creen que tener una titulaci\u00f3n acad\u00e9mica los vuelve seres superiores y -por ende- todos debemos subsidiarles la vocaci\u00f3n\u201d, lanz\u00f3 el Presidente. Y sigui\u00f3: \u201cSi tan \u00fatiles creen que son sus investigaciones, los invito a salir al mercado -como cualquier hijo del vecino- investiguen, publiquen un libro y vean si la gente le interesa o no, en lugar de esconderse canallescamente detr\u00e1s de la fuerza coactiva del Estado\u201d. Con insultos, como siempre.<\/p>\n<p>&nbsp;<\/p>\n<p><strong>Odio a la ciencia<\/strong><\/p>\n<p>\u201cHoy se hicieron expl\u00edcitos y evidentes los motivos de esa pol\u00edtica anti cient\u00edfica: Milei sostuvo que los cient\u00edficos y cient\u00edficas somos parte de lo que define como \u2018casta\u2019. De esta manera, puso de manifiesto que su fervor en contra de la ciencia y la tecnolog\u00eda nacional no tiene que ver con la b\u00fasqueda del tan mentado equilibrio fiscal\u201d, advirtieron Guillermo Dur\u00e1n y Valeria Levi, decano y vicedecana respectivamente de Exactas, a trav\u00e9s de un comunicado.<\/p>\n<p>\u201cEl desmantelamiento se fundamenta en el m\u00e1s profundo odio hacia las personas que trabajan en el desarrollo cient\u00edfico y tecnol\u00f3gico y hacia el conocimiento basado en evidencia. A trav\u00e9s de una posici\u00f3n oscurantista con siglos de atraso, el presidente Milei identifica a la comunidad cient\u00edfica y al pensamiento cr\u00edtico como sus enemigos y niega el valor del conocimiento como base de la riqueza y el bienestar de las naciones. Es llamativo que varios de los pa\u00edses que dice admirar sustentan su desarrollo en una muy fuerte inversi\u00f3n en ciencia y tecnolog\u00eda\u201d, se\u00f1alaron.<\/p>\n<p>En el mismo sentido se pronunci\u00f3 Daniel Filmus, Ex Ministro de Ciencia y Tecnolog\u00eda: \u201cEl Estado, en los pa\u00edses desarrollados como los que Milei dice que quiere ser (Irlanda, Corea, Alemania, EEUU, Israel, Jap\u00f3n), financia a la ciencia porque favorece crecer, genera industria, resuelve problemas de la gente como las pandemias, desarrolla tecnolog\u00edas y permite ser soberano. Gracias a la vocaci\u00f3n de los cient\u00edficos y las tecnolog\u00edas que crean, la humanidad avanza. Milei quiere ser una colonia que solo venda productos primarios\u201d.<\/p>\n<p>\u201cDesarrollos del sistema de ciencia y tecnolog\u00eda que se venden en el mundo, las soluciones que se aportaron en la pandemia. Y la lista sigue y sigue. Cada vez que se expuls\u00f3 a los cient\u00edficos argentinos fueron recibidos en los mejores lugares. S\u00f3lo hay que ver la historia\u201d, propuso Jorge Aliaga, f\u00edsico de la Universidad de Hurlingham e investigador de Conicet.<\/p>\n<p>&nbsp;<\/p>\n<p><strong>Sin ciencia b\u00e1sica no hay ciencia<\/strong><\/p>\n<p>La concepci\u00f3n de la ciencia que tiene la gesti\u00f3n de Milei podr\u00eda resumirse en un ejemplo. La semana pasada, el subsecretario de prensa de Naci\u00f3n, Javier Lanari, celebr\u00f3 como un \u201corgullo nacional\u201d la llegada de un cient\u00edfico argentino al Times Square. \u201cEstados Unidos aprob\u00f3 el trigo HB4 de origen local. Esta tecnolog\u00eda, tolerante a sequ\u00eda, va a permitir aumentar la producci\u00f3n y reducir las p\u00e9rdidas. Un hito cient\u00edfico del pa\u00eds a nivel mundial\u201d, poste\u00f3 en su cuenta de X.<\/p>\n<p>La tecnolog\u00eda HB4 fue impulsada por la prestigiosa Raquel Chan -investigadora del Conicet, docente de la Facultad de Bioqu\u00edmica y Ciencias Biol\u00f3gicas de la Universidad Nacional del Litoral y directora del Instituto de Agrobiotecnolog\u00eda del Litoral (IAL)- quien explic\u00f3 hasta el hartazgo que un desarrollo de ese tipo no es posible si el Estado no financia las m\u00faltiples instancias de ciencia b\u00e1sica que anteceden a cualquier logro de ciencia aplicada.<\/p>\n<p>\u201cEsto se hace s\u00f3lo con ciencia b\u00e1sica previa e inversi\u00f3n del Estado, luego con asociaci\u00f3n p\u00fablico-privada. No surge de un d\u00eda para el otro porque a m\u00ed se me ocurre \u2013plante\u00f3 a este diario d\u00edas atr\u00e1s- El que diga \u2018vamos a invertir solo en ciencia aplicada\u2019 est\u00e1 equivocado. No se hace as\u00ed ni ac\u00e1 ni en ning\u00fan lugar del mundo\u201d.<\/p>\n","protected":false},"excerpt":{"rendered":"<p>Con insultos, el Presidente incluy\u00f3 a cient\u00edficos e intelectuales en su definici\u00f3n de casta. \u201cPuso de manifiesto que su fervor en contra de la ciencia y la tecnolog\u00eda nacional no tiene que ver con la b\u00fasqueda del tan mentado equilibrio fiscal\u201d, advirtieron las autoridades de la Facultad de Ciencias Exactas de la UBA &nbsp; &nbsp; En su discurso ante el Foro Madrid edici\u00f3n Buenos Aires, el presidente Javier Milei apunt\u00f3 una vez m\u00e1s contra la comunidad cient\u00edfica. Dej\u00f3 en claro que considera que pertenece a la \u2018casta\u2019, definici\u00f3n que explica&#8230;<\/p>\n","protected":false},"author":3,"featured_media":119806,"comment_status":"closed","ping_status":"closed","sticky":false,"template":"","format":"standard","meta":[],"categories":[2],"tags":[],"_links":{"self":[{"href":"https:\/\/www.actualidadadiario.com\/index.php\/wp-json\/wp\/v2\/posts\/119805"}],"collection":[{"href":"https:\/\/www.actualidadadiario.com\/index.php\/wp-json\/wp\/v2\/posts"}],"about":[{"href":"https:\/\/www.actualidadadiario.com\/index.php\/wp-json\/wp\/v2\/types\/post"}],"author":[{"embeddable":true,"href":"https:\/\/www.actualidadadiario.com\/index.php\/wp-json\/wp\/v2\/users\/3"}],"replies":[{"embeddable":true,"href":"https:\/\/www.actualidadadiario.com\/index.php\/wp-json\/wp\/v2\/comments?post=119805"}],"version-history":[{"count":1,"href":"https:\/\/www.actualidadadiario.com\/index.php\/wp-json\/wp\/v2\/posts\/119805\/revisions"}],"predecessor-version":[{"id":119807,"href":"https:\/\/www.actualidadadiario.com\/index.php\/wp-json\/wp\/v2\/posts\/119805\/revisions\/119807"}],"wp:featuredmedia":[{"embeddable":true,"href":"https:\/\/www.actualidadadiario.com\/index.php\/wp-json\/wp\/v2\/media\/119806"}],"wp:attachment":[{"href":"https:\/\/www.actualidadadiario.com\/index.php\/wp-json\/wp\/v2\/media?parent=119805"}],"wp:term":[{"taxonomy":"category","embeddable":true,"href":"https:\/\/www.actualidadadiario.com\/index.php\/wp-json\/wp\/v2\/categories?post=119805"},{"taxonomy":"post_tag","embeddable":true,"href":"https:\/\/www.actualidadadiario.com\/index.php\/wp-json\/wp\/v2\/tags?post=119805"}],"curies":[{"name":"wp","href":"https:\/\/api.w.org\/{rel}","templated":true}]}}