{"id":119801,"date":"2024-09-06T11:03:58","date_gmt":"2024-09-06T14:03:58","guid":{"rendered":"https:\/\/www.actualidadadiario.com\/?p=119801"},"modified":"2024-09-06T11:03:58","modified_gmt":"2024-09-06T14:03:58","slug":"pronostican-lluvias-y-tormentas-aisladas-el-fin-de-semana-en-zonas-de-entre-rios","status":"publish","type":"post","link":"https:\/\/www.actualidadadiario.com\/index.php\/2024\/09\/06\/pronostican-lluvias-y-tormentas-aisladas-el-fin-de-semana-en-zonas-de-entre-rios\/","title":{"rendered":"Pronostican lluvias y tormentas aisladas el fin de semana en zonas de Entre R\u00edos"},"content":{"rendered":"<p style=\"text-align: center;\"><em><strong>El tiempo ir\u00e1 desmejorando el fin de semana y se prev\u00e9n inestabilidades. Adem\u00e1s, hasta el martes subir\u00e1n fuerte las temperaturas<\/strong><\/em><\/p>\n<p>&nbsp;<\/p>\n<p>&nbsp;<\/p>\n<p>El Servicio Meteorol\u00f3gico Nacional \u2013SMN\u2013 anuncia para este viernes 6 de septiembre buen tiempo en Entre R\u00edos, pero con nubosidad en aumento. Las m\u00ednimas ser\u00e1n de entre 9 y 10 grados y las m\u00e1ximas de entre 21 y 23 grados.<\/p>\n<p>Este s\u00e1bado continuar\u00e1 la nubosidad elevada en la provincia y, de cara hacia el domingo, se prev\u00e9n precipitaciones en distintas zonas del territorio entrerriano. Se prev\u00e9 que las lluvias no sean de vol\u00famenes considerables.<\/p>\n<p>El pron\u00f3stico anticipa que hasta el martes 10 de septiembre subir\u00e1n las temperaturas de manera considerable. Para esa jornada se prev\u00e9n hasta 29 grados de t\u00e9rmica en algunas zonas de la provincia.<\/p>\n<p>&nbsp;<\/p>\n<p><strong>Para cu\u00e1ndo anuncian lluvias y tormentas<\/strong><\/p>\n<p>En Paran\u00e1, La Paz, Diamante, Nogoy\u00e1 y Villaguay anuncian lluvias y tormentas aisladas para el domingo durante todo el d\u00eda. Los porcentajes de probabilidad son de entre el 10 y 40%. Para el lunes mejora el tiempo.<\/p>\n<p>En Concordia, Federal, Feliciano, Federaci\u00f3n y San Salvador tambi\u00e9n se prev\u00e9n posibles tormentas aisladas para el domingo de ma\u00f1ana y tarde noche. No obstante, el porcentaje de probabilidad es de hasta un 40%.<\/p>\n<p>En Gualeguaych\u00fa, Uruguay, Col\u00f3n, Tala e Islas del Ibicuy no hay anuncio de lluvias. Se prev\u00e9 cielo mayormente nublado para el domingo, con apenas un 10% de probabilidad de precipitaciones para la tarde noche.<\/p>\n<p>En Victoria y Gualeguay tampoco se esperan lluvias para el fin de semana. Apenas hay un 10% de probabilidad de alguna ligera precipitaci\u00f3n para la tarde noche del domingo.<\/p>\n","protected":false},"excerpt":{"rendered":"<p>El tiempo ir\u00e1 desmejorando el fin de semana y se prev\u00e9n inestabilidades. Adem\u00e1s, hasta el martes subir\u00e1n fuerte las temperaturas &nbsp; &nbsp; El Servicio Meteorol\u00f3gico Nacional \u2013SMN\u2013 anuncia para este viernes 6 de septiembre buen tiempo en Entre R\u00edos, pero con nubosidad en aumento. Las m\u00ednimas ser\u00e1n de entre 9 y 10 grados y las m\u00e1ximas de entre 21 y 23 grados. Este s\u00e1bado continuar\u00e1 la nubosidad elevada en la provincia y, de cara hacia el domingo, se prev\u00e9n precipitaciones en distintas zonas del territorio entrerriano. Se prev\u00e9 que las&#8230;<\/p>\n","protected":false},"author":3,"featured_media":4629,"comment_status":"closed","ping_status":"closed","sticky":false,"template":"","format":"standard","meta":[],"categories":[15],"tags":[],"_links":{"self":[{"href":"https:\/\/www.actualidadadiario.com\/index.php\/wp-json\/wp\/v2\/posts\/119801"}],"collection":[{"href":"https:\/\/www.actualidadadiario.com\/index.php\/wp-json\/wp\/v2\/posts"}],"about":[{"href":"https:\/\/www.actualidadadiario.com\/index.php\/wp-json\/wp\/v2\/types\/post"}],"author":[{"embeddable":true,"href":"https:\/\/www.actualidadadiario.com\/index.php\/wp-json\/wp\/v2\/users\/3"}],"replies":[{"embeddable":true,"href":"https:\/\/www.actualidadadiario.com\/index.php\/wp-json\/wp\/v2\/comments?post=119801"}],"version-history":[{"count":1,"href":"https:\/\/www.actualidadadiario.com\/index.php\/wp-json\/wp\/v2\/posts\/119801\/revisions"}],"predecessor-version":[{"id":119802,"href":"https:\/\/www.actualidadadiario.com\/index.php\/wp-json\/wp\/v2\/posts\/119801\/revisions\/119802"}],"wp:featuredmedia":[{"embeddable":true,"href":"https:\/\/www.actualidadadiario.com\/index.php\/wp-json\/wp\/v2\/media\/4629"}],"wp:attachment":[{"href":"https:\/\/www.actualidadadiario.com\/index.php\/wp-json\/wp\/v2\/media?parent=119801"}],"wp:term":[{"taxonomy":"category","embeddable":true,"href":"https:\/\/www.actualidadadiario.com\/index.php\/wp-json\/wp\/v2\/categories?post=119801"},{"taxonomy":"post_tag","embeddable":true,"href":"https:\/\/www.actualidadadiario.com\/index.php\/wp-json\/wp\/v2\/tags?post=119801"}],"curies":[{"name":"wp","href":"https:\/\/api.w.org\/{rel}","templated":true}]}}