{"id":11980,"date":"2017-05-23T09:44:56","date_gmt":"2017-05-23T12:44:56","guid":{"rendered":"http:\/\/actualidadadiario.com\/site\/?p=11980"},"modified":"2017-05-23T09:44:56","modified_gmt":"2017-05-23T12:44:56","slug":"en-concordia-el-rio-uruguay-no-superara-los-11-metros","status":"publish","type":"post","link":"https:\/\/www.actualidadadiario.com\/index.php\/2017\/05\/23\/en-concordia-el-rio-uruguay-no-superara-los-11-metros\/","title":{"rendered":"En Concordia, el r\u00edo Uruguay no superar\u00e1 los 11 metros"},"content":{"rendered":"<p><em><strong>La Comisi\u00f3n T\u00e9cnica Mixta de Salto Grande indica que las lluvias pronosticadas para esta semana podr\u00edan influir en el comportamiento del Uruguay, aunque consideran que a\u00fan con tendencia creciente el r\u00edo no superar\u00e1 los 11 metros<\/strong><\/em><\/p>\n<p>&nbsp;<\/p>\n<p>&nbsp;<\/p>\n<p>&nbsp;<\/p>\n<p>El presidente municipal Enrique Cresto se reuni\u00f3 con autoridades de la Comisi\u00f3n T\u00e9cnica Mixta de Salto Grande (CTM), funcionarios municipales y representantes de las fuerzas de seguridad. El an\u00e1lisis del panorama de situaci\u00f3n que plantea el repunte en los niveles del r\u00edo Uruguay motiv\u00f3 el encuentro entre las instituciones.<\/p>\n<p>&nbsp;<\/p>\n<p>El parte ofrecido por el \u00c1rea de Hidrolog\u00eda de CTM en la reuni\u00f3n indica que &#8220;en las pr\u00f3ximas 24 horas el r\u00edo no superar\u00e1 los 10,50 metros&#8221; en la escala del puerto local.<\/p>\n<p>&nbsp;<\/p>\n<p>Asimismo, indican que las lluvias pronosticadas para esta semana podr\u00edan influir en el comportamiento del Uruguay; no obstante, desde CTM consideran que aun con tendencia creciente el r\u00edo no superar\u00e1 los 11 metros.<\/p>\n<p>&nbsp;<\/p>\n<p>El encuentro, realizado en las primeras horas de la tarde, cont\u00f3 con la participaci\u00f3n del secretario de Desarrollo Humano y Salud Guillermo Echenause; el presidente de la Delegaci\u00f3n Argentina ante CTM Roberto Niez; t\u00e9cnicos de Hidrolog\u00eda del organismo binacional y autoridades de la Polic\u00eda, Prefectura, Gendarmer\u00eda, Ej\u00e9rcito y Bomberos Voluntarios.<\/p>\n<p>&nbsp;<\/p>\n<p>Estamos en una situaci\u00f3n distinta a la \u00faltima inundaci\u00f3n<\/p>\n<p>&nbsp;<\/p>\n<p>Cresto se\u00f1al\u00f3 que &#8220;fue una reuni\u00f3n de car\u00e1cter preventivo y para estudiar juntos la situaci\u00f3n que tenemos. Si bien no hay un estado de alerta, se est\u00e1 haciendo un monitoreo diario porque queremos estar atentos&#8221;.<\/p>\n<p>&nbsp;<\/p>\n<p>Por otro lado, remarc\u00f3 que &#8220;hoy la conclusi\u00f3n es que m\u00e1s all\u00e1 de las lluvias que se esperan y est\u00e1n anunciadas para los pr\u00f3ximos d\u00edas, el r\u00edo no superar\u00eda los 11 metros&#8221;.<\/p>\n<p>&nbsp;<\/p>\n<p>En este sentido, aclar\u00f3 que &#8211; a diferencia de otras crecientes &#8211; &#8220;hasta los 11,50 metros no tendr\u00edamos que evacuar a ninguna familia&#8221;, lo que evidentemente es muy distinto al 2015 &#8220;cuando a esta altura ya ten\u00edamos unas 70 familias, que son las que hoy ya fueron reubicadas&#8221;, dijo el intendente.<\/p>\n<p>&nbsp;<\/p>\n<p>El municipio remarca que con el proceso de relocalizaci\u00f3n de familias en otras tierras, la erradicaci\u00f3n de las zonas inundables y las pol\u00edticas p\u00fablicas para la reutilizaci\u00f3n de estos espacios en sectores de recreaci\u00f3n y uso comunitario, contribuyen a evitar el problema de las evacuaciones y todo lo que ello implica con el primer repunte en los niveles del r\u00edo.<\/p>\n<p>&nbsp;<\/p>\n<p>Tras indicar que si bien el agua afecta la zona de la Costanera, &#8220;\u00e9sta se puede recuperar r\u00e1pido, pero ac\u00e1 lo importante es que esto no est\u00e1 afectando a las personas&#8221; lo que de todas maneras no quita &#8220;que no estemos monitoreando la situaci\u00f3n y trabajando en equipo de manera organizada&#8221;, destac\u00f3 Cresto.<\/p>\n<p>&nbsp;<\/p>\n<p>&nbsp;<\/p>\n<p><strong>No hay que llevar preocupaci\u00f3n<\/strong><\/p>\n<p>Por su parte, Roberto Niez, presidente de la Delegaci\u00f3n Argentina de Comisi\u00f3n T\u00e9cnica Mixta de Salto Grande, coincidi\u00f3 con el intendente, detallando que &#8220;si bien hay lluvias previstas, esto no producir\u00eda cambios sustanciales en el r\u00edo en lo que es la altura de hoy. Son pron\u00f3sticos los que manejamos pero por el momento hay tranquilidad porque no hay nada que haga prever que se superen los once metros por lo tanto no hay que llevar preocupaci\u00f3n&#8221;.<\/p>\n<p>&nbsp;<\/p>\n<p>En cuanto a cu\u00e1l es el panorama aguas arriba, Niez manifest\u00f3 que en tres d\u00edas m\u00e1s se espera una importante afluencia de agua desde el norte, &#8220;pero el nivel del lago Salto Grande ha bajado, por lo tanto, va a poder contener y no traer\u00e1 consecuencias aguas abajo&#8221;, concluy\u00f3.<\/p>\n","protected":false},"excerpt":{"rendered":"<p>La Comisi\u00f3n T\u00e9cnica Mixta de Salto Grande indica que las lluvias pronosticadas para esta semana podr\u00edan influir en el comportamiento del Uruguay, aunque consideran que a\u00fan con tendencia creciente el r\u00edo no superar\u00e1 los 11 metros &nbsp; &nbsp; &nbsp; El presidente municipal Enrique Cresto se reuni\u00f3 con autoridades de la Comisi\u00f3n T\u00e9cnica Mixta de Salto Grande (CTM), funcionarios municipales y representantes de las fuerzas de seguridad. El an\u00e1lisis del panorama de situaci\u00f3n que plantea el repunte en los niveles del r\u00edo Uruguay motiv\u00f3 el encuentro entre las instituciones. &nbsp; El&#8230;<\/p>\n","protected":false},"author":3,"featured_media":11981,"comment_status":"closed","ping_status":"closed","sticky":false,"template":"","format":"standard","meta":[],"categories":[15],"tags":[],"_links":{"self":[{"href":"https:\/\/www.actualidadadiario.com\/index.php\/wp-json\/wp\/v2\/posts\/11980"}],"collection":[{"href":"https:\/\/www.actualidadadiario.com\/index.php\/wp-json\/wp\/v2\/posts"}],"about":[{"href":"https:\/\/www.actualidadadiario.com\/index.php\/wp-json\/wp\/v2\/types\/post"}],"author":[{"embeddable":true,"href":"https:\/\/www.actualidadadiario.com\/index.php\/wp-json\/wp\/v2\/users\/3"}],"replies":[{"embeddable":true,"href":"https:\/\/www.actualidadadiario.com\/index.php\/wp-json\/wp\/v2\/comments?post=11980"}],"version-history":[{"count":1,"href":"https:\/\/www.actualidadadiario.com\/index.php\/wp-json\/wp\/v2\/posts\/11980\/revisions"}],"predecessor-version":[{"id":11982,"href":"https:\/\/www.actualidadadiario.com\/index.php\/wp-json\/wp\/v2\/posts\/11980\/revisions\/11982"}],"wp:featuredmedia":[{"embeddable":true,"href":"https:\/\/www.actualidadadiario.com\/index.php\/wp-json\/wp\/v2\/media\/11981"}],"wp:attachment":[{"href":"https:\/\/www.actualidadadiario.com\/index.php\/wp-json\/wp\/v2\/media?parent=11980"}],"wp:term":[{"taxonomy":"category","embeddable":true,"href":"https:\/\/www.actualidadadiario.com\/index.php\/wp-json\/wp\/v2\/categories?post=11980"},{"taxonomy":"post_tag","embeddable":true,"href":"https:\/\/www.actualidadadiario.com\/index.php\/wp-json\/wp\/v2\/tags?post=11980"}],"curies":[{"name":"wp","href":"https:\/\/api.w.org\/{rel}","templated":true}]}}