{"id":119798,"date":"2024-09-06T11:03:12","date_gmt":"2024-09-06T14:03:12","guid":{"rendered":"https:\/\/www.actualidadadiario.com\/?p=119798"},"modified":"2024-09-06T11:03:12","modified_gmt":"2024-09-06T14:03:12","slug":"el-inti-cerraria-las-sedes-de-concordia-y-gualeguaychu","status":"publish","type":"post","link":"https:\/\/www.actualidadadiario.com\/index.php\/2024\/09\/06\/el-inti-cerraria-las-sedes-de-concordia-y-gualeguaychu\/","title":{"rendered":"El INTI cerrar\u00eda las sedes de Concordia y Gualeguaych\u00fa"},"content":{"rendered":"<p style=\"text-align: center;\"><em><strong>El gobierno nacional habr\u00eda dispuesto el cierre de dos sedes del INTI de las cuatro que tiene en la provincia: Concordia y Gualeguaych\u00fa. Seguir\u00edan funcionando las de Paran\u00e1 y Concepci\u00f3n del Uruguay<\/strong><\/em><\/p>\n<p>&nbsp;<\/p>\n<p>&nbsp;<\/p>\n<p>No obstante, la situaci\u00f3n de Concordia estar\u00eda \u201cabierta\u201d, seg\u00fan revel\u00f3 el sitio Babel Digital, ya que podr\u00eda ser que los 3 trabajadores puedan seguir \u201conline\u201d. O sea, la sede cierra, pero tal vez pasen a trabajar \u201chome office\u201d.<\/p>\n<p>En La Hist\u00f3rica, el INTI cumple la funci\u00f3n de la sede central en la provincia. No obstante, desde diciembre, 7 trabajadores y trabajadoras se fueron, algunos despedidos y otros renunciaron \u201cvoluntariamente\u201d.<\/p>\n","protected":false},"excerpt":{"rendered":"<p>El gobierno nacional habr\u00eda dispuesto el cierre de dos sedes del INTI de las cuatro que tiene en la provincia: Concordia y Gualeguaych\u00fa. Seguir\u00edan funcionando las de Paran\u00e1 y Concepci\u00f3n del Uruguay &nbsp; &nbsp; No obstante, la situaci\u00f3n de Concordia estar\u00eda \u201cabierta\u201d, seg\u00fan revel\u00f3 el sitio Babel Digital, ya que podr\u00eda ser que los 3 trabajadores puedan seguir \u201conline\u201d. O sea, la sede cierra, pero tal vez pasen a trabajar \u201chome office\u201d. En La Hist\u00f3rica, el INTI cumple la funci\u00f3n de la sede central en la provincia. No obstante, desde&#8230;<\/p>\n","protected":false},"author":3,"featured_media":119799,"comment_status":"closed","ping_status":"closed","sticky":false,"template":"","format":"standard","meta":[],"categories":[15],"tags":[],"_links":{"self":[{"href":"https:\/\/www.actualidadadiario.com\/index.php\/wp-json\/wp\/v2\/posts\/119798"}],"collection":[{"href":"https:\/\/www.actualidadadiario.com\/index.php\/wp-json\/wp\/v2\/posts"}],"about":[{"href":"https:\/\/www.actualidadadiario.com\/index.php\/wp-json\/wp\/v2\/types\/post"}],"author":[{"embeddable":true,"href":"https:\/\/www.actualidadadiario.com\/index.php\/wp-json\/wp\/v2\/users\/3"}],"replies":[{"embeddable":true,"href":"https:\/\/www.actualidadadiario.com\/index.php\/wp-json\/wp\/v2\/comments?post=119798"}],"version-history":[{"count":1,"href":"https:\/\/www.actualidadadiario.com\/index.php\/wp-json\/wp\/v2\/posts\/119798\/revisions"}],"predecessor-version":[{"id":119800,"href":"https:\/\/www.actualidadadiario.com\/index.php\/wp-json\/wp\/v2\/posts\/119798\/revisions\/119800"}],"wp:featuredmedia":[{"embeddable":true,"href":"https:\/\/www.actualidadadiario.com\/index.php\/wp-json\/wp\/v2\/media\/119799"}],"wp:attachment":[{"href":"https:\/\/www.actualidadadiario.com\/index.php\/wp-json\/wp\/v2\/media?parent=119798"}],"wp:term":[{"taxonomy":"category","embeddable":true,"href":"https:\/\/www.actualidadadiario.com\/index.php\/wp-json\/wp\/v2\/categories?post=119798"},{"taxonomy":"post_tag","embeddable":true,"href":"https:\/\/www.actualidadadiario.com\/index.php\/wp-json\/wp\/v2\/tags?post=119798"}],"curies":[{"name":"wp","href":"https:\/\/api.w.org\/{rel}","templated":true}]}}