{"id":119785,"date":"2024-09-06T10:57:01","date_gmt":"2024-09-06T13:57:01","guid":{"rendered":"https:\/\/www.actualidadadiario.com\/?p=119785"},"modified":"2024-09-06T10:57:01","modified_gmt":"2024-09-06T13:57:01","slug":"frigerio-hablo-sobre-los-numeros-de-la-provincia-es-una-cuestion-dramatica-porque-no-hay-plata","status":"publish","type":"post","link":"https:\/\/www.actualidadadiario.com\/index.php\/2024\/09\/06\/frigerio-hablo-sobre-los-numeros-de-la-provincia-es-una-cuestion-dramatica-porque-no-hay-plata\/","title":{"rendered":"Frigerio habl\u00f3 sobre los n\u00fameros de la Provincia: \u201cEs una cuesti\u00f3n dram\u00e1tica porque no hay plata\u201d"},"content":{"rendered":"<p style=\"text-align: center;\"><em><strong>En una extensa entrevista, el gobernador de Entre R\u00edos, Rogelio Frigerio, habl\u00f3 de una \u201cdram\u00e1tica\u201d situaci\u00f3n que atraviesa la provincia y repas\u00f3 diversas tem\u00e1ticas como la negociaci\u00f3n para destrabar el conflicto docente, la paralizaci\u00f3n de obras, la cuesti\u00f3n social, la reforma previsional y otras<\/strong><\/em><\/p>\n<p>&nbsp;<\/p>\n<p>&nbsp;<\/p>\n<p>&nbsp;<\/p>\n<p>Consultado por el conflicto docente, en declaraciones realizadas al programa A Quien Corresponda (Radio Plaza), Frigerio admiti\u00f3: \u201cLa verdad que no cre\u00edamos que iba a ser tan complicada toda la gesti\u00f3n, nos est\u00e1 tocando gobernar en el peor momento de la historia de la democracia, hoy estamos gestionando el Estado con 20% menos de recursos que el a\u00f1o pasado y casi 10% menos de recursos que en la pandemia, lo que significan miles de millones de pesos\u201d.<\/p>\n<p>\u201cDe 100 que ingresaban antes, ahora ingresan 80 y con eso tenemos que hacernos cargo de m\u00e1s responsabilidades que en el pasado porque hay m\u00e1s demandas sociales, m\u00e1s demanda en los comedores, m\u00e1s demanda de medicamentos, y hay un gobierno nacional que se ha desentendido de muchas funciones que antes cumpl\u00eda en el territorio, as\u00ed que tenemos 20% menos de recursos y muchas m\u00e1s responsabilidades que en el pasado.<\/p>\n<p>Esa es nuestra realidad, con la que tenemos que gestionar, por eso acu\u00f1\u00e9 esa frase de gestionar sin plata porque no me eximo de la responsabilidad de dar respuestas a la ciudadan\u00eda y estamos haciendo todo lo que se puede con esta situaci\u00f3n que es in\u00e9dita, por lo menos en los \u00faltimos 40 a\u00f1os de democracia\u201d, describi\u00f3.<\/p>\n<p>Espec\u00edficamente sobre el acercamiento con los gremios docentes, afirm\u00f3: \u201cApuesto a que se solucione, para nosotros es fundamental tener resuelto el problema con los gremios que representan a una parte importante de los trabajadores docentes y queremos resolverlo. Estamos dispuestos a destinar muchos recursos que tenemos que sacar de otro lado, porque ac\u00e1 no hay una m\u00e1quina de hacer plata que permita solucionar el problema. Hemos ido a fondo con la austeridad del Estado, algo que nunca se ha visto antes en la provincia, porque gobernamos con 20% menos de recursos, pero estamos en equilibrio fiscal; y a esos recursos los sacamos de los privilegios de la pol\u00edtica, de cuidar cada peso que ingresa, de cuidar las compras y hasta los alquileres que antes se malgastaban, hoy hay un cuidado y una austeridad que nunca antes se vio en el Estado, se resolvi\u00f3 el tema de los autos que antes los funcionarios los usaban para cuestiones personales. Muchas cosas que sumadas generan ahorros indispensables para poder gobernar con esta ca\u00edda de la recaudaci\u00f3n que nunca antes se hab\u00eda visto en nuestra provincia\u201d.<\/p>\n<p>Sobre la oferta del gobierno, defini\u00f3 que \u201cla paritaria del sector docente, a diferencia de las dem\u00e1s paritarias del Estado, es descentralizada, uno acuerda algo con los representantes en Paran\u00e1, pero despu\u00e9s hay que validarlo en los 17 Departamentos, con lo cual es una paritaria much\u00edsimo m\u00e1s compleja. Es hist\u00f3rico, siempre ha costado m\u00e1s resolver las paritarias del sector docente\u201d.<\/p>\n<p>Y agreg\u00f3: \u201cRascando en la olla, con recursos que no tenemos, destinamos determinada cantidad de recursos adicionales para cerrar el sector docente, y c\u00f3mo se concretan esos recursos, es parte de la discusi\u00f3n. Cuando se le da un monto fijo al docente frente al aula y el reclamo de la gremial es que sea remunerativo, por supuesto que ese dinero que va al bolsillo se reduce. Y por otra parte, lo que venimos planteando son acuerdos en funci\u00f3n de arreglos que se han dado en otras provincias, lo que ofrecemos hoy es muy superior a lo que paga la provincia de Buenos Aires o de C\u00f3rdoba que cerr\u00f3 la paritaria hasta el a\u00f1o que viene; tambi\u00e9n uno se mueve en el marco de lo que ocurre en otras provincias, especialmente la Regi\u00f3n Centro\u201d. En este marco, el gobernador revel\u00f3 que \u201ca la provincia, hacerse cargo del Fonid le implica cerca de 50.000 millones de pesos, que en estas condiciones es una enorme cantidad de recursos\u201d.<\/p>\n<p>Y lament\u00f3: \u201cPor eso yo escucho a dirigentes pol\u00edticos, sobre todo algunos que han tenido responsabilidad hasta hace poco en estos 20 a\u00f1os de gesti\u00f3n en la provincia e incluso funcionarios que han participado del peor gobierno de la historia argentina a nivel nacional, que fue el de Alberto Fern\u00e1ndez, en un rol de maestros ciruela diciendo lo que hay que hacer, y me pregunto \u00bfpor qu\u00e9 no lo hicieron durante tantos a\u00f1os que tuvieron la oportunidad de hacerlo? y ahora vienen a plantear que las cosas se resuelven de manera sencilla. Las cosas son complejas y no han tenido que gobernar en una situaci\u00f3n tan compleja como \u00e9sta, ni siquiera en la pandemia donde hab\u00eda m\u00e1s recursos que hoy para el Estado y muchas menos obligaciones para el Estado que en la actualidad. Por eso creo que, en algunos casos, hay que alentar un prudente silencio y dejar hacer, dejar trabajar, porque la situaci\u00f3n actual es muy compleja, muy dif\u00edcil, y la gente lo sabe. Y ven con estupor, muchas veces, que dirigentes que han formado parte de gobiernos que nos han llevado a esta situaci\u00f3n tan dram\u00e1tica se ponen en maestros ciruela a decir qu\u00e9 hay que hacer, c\u00f3mo hacerlo\u2026lo hubieran hecho en su momento, durante tantos a\u00f1os en que la gente les dio la oportunidad de hacerlo\u201d.<\/p>\n<p>Ante esto, evit\u00f3 dar nombres, pero reiter\u00f3: \u201cNo me refiero solamente a la provincia, lo digo en general a lo que se ve en los medios, de dirigente que han participado del peor gobierno de la historia de argentina que no tienen ni dos d\u00edas de autocr\u00edtica, de ejercicio de introspecci\u00f3n, de ver por qu\u00e9 ha ocurrido lo que ha ocurrido y al terminar la gesti\u00f3n ya salen a criticar y a decir lo que hay que hacer como si no hubieran tenido numerosas oportunidades de hacerlo\u201d.<\/p>\n<p>Consultado por la cuesti\u00f3n impositiva que mejore la recaudaci\u00f3n, Frigerio sostuvo que \u201cse est\u00e1 revisando el tema de los impuestos automotores en funci\u00f3n de la \u00faltima resoluci\u00f3n del gobierno nacional, pero nosotros no somos una isla, no podemos poner los impuestos que se nos ocurran porque los due\u00f1os de automotores, yates y embarcaciones lo radican en otra provincia que les exige mucho menos y nos quedamos con cero de recaudaci\u00f3n. Hay que ver lo que ocurre en otras provincias, porque si nos vamos demasiado para arriba en la exigencia fiscal vamos a perder recaudaci\u00f3n, porque se van a ir a radicar veh\u00edculos y embarcaciones a otras provincias como Corrientes o Santa Fe. Y, de hecho, ocurre con autos y camiones. Por eso se est\u00e1 analizando toda esta cuesti\u00f3n para poder mejorar la recaudaci\u00f3n sin que esto implique que perdamos cantidad de veh\u00edculos, embarcaciones, camiones que se radican en otras jurisdicciones. Es muy delicado y complejo el tema, porque si fuera f\u00e1cil lo estar\u00edamos haciendo hace rato\u201d.<\/p>\n<p>Respecto las cr\u00edticas que se le hacen por mantener una buena relaci\u00f3n con el gobierno nacional, Frigerio plante\u00f3: \u201cNosotros no recib\u00edamos recursos del Anses, recib\u00edamos migajas de lo que nos corresponde por Anses para nuestra Caja provincial y tuvimos una discriminaci\u00f3n de d\u00e9cadas en la tarifa que se le paga a Salto Grande, no es de ahora el problema, la diferencia es que este gobernador es el primero en la historia de la provincia que va a la justicia a reclamar por estas cuestiones. La discriminaci\u00f3n en la Caja provincial y en Salto Grande existe desde hace d\u00e9cadas, lo que llama la atenci\u00f3n es que nunca se haya planteado esta lucha en los tribunales, que es donde corresponde porque le \u00fanico arbitro que hay entre las provincias y la Naci\u00f3n es la Corte Suprema, ah\u00ed es donde hay que dirimir las cuestiones cuando el di\u00e1logo y los reclamos administrativos no tienen \u00e9xito. Y en estos 8 meses de gesti\u00f3n, nuestro gobierno ha hecho lo que otros gobiernos no hicieron en d\u00e9cadas\u201d.<\/p>\n<p>En este contexto, admiti\u00f3: \u201cYo tambi\u00e9n estoy prendiendo velas para que el gobierno nacional encuentre el camino para sacarnos de esta situaci\u00f3n, que claramente tambi\u00e9n ha heredado porque no es que recibi\u00f3 un Estado en buenas condiciones\u201d. Y en la perspectiva hacia futuro, sentenci\u00f3: \u201cNosotros estamos igual que la gente, porque hay cosas que podemos manejar nosotros y otras que no. Como sucedi\u00f3 con la tarifa el\u00e9ctrica, donde el componente que le representa al gobierno provincial en el costo decidimos que, en estas condiciones, no puede aumentar un centavo m\u00e1s. Pero es limitado lo que nos corresponde como provincia, despu\u00e9s hay una parte de las decisiones que le corresponde al gobierno nacional y otra parte a los municipios, que cada uno se haga cargo de lo que le corresponde. Yo frente a la tarifa el\u00e9ctrica y al drama que representa para los entrerrianos recibir una boleta que en much\u00edsimos casos no se pueda pagar, hice lo que consider\u00e9 que ten\u00eda que hacer, un esfuerzo enorme para mitigar ese dolor y esa angustia, pero no me puedo hacer cargo de las decisiones del gobierno nacional o de otros niveles de gobierno\u201d.<\/p>\n<p>Sobre otras medidas de Naci\u00f3n como el veto a la movilidad jubilatoria y el silencio que han mantenido las provincias ante esto, analiz\u00f3 que \u201cac\u00e1 lo importante es c\u00f3mo recuperamos el crecimiento y el empleo en el sector privado, eso es lo que nos va a dar sustentabilidad, no m\u00e1s gasto p\u00fablico. Lo que necesitamos es que el gobierno le encuentre la vuelta para que la actividad deje de caer y que la recaudaci\u00f3n en el Estado deje de caer, no pedirle que gaste m\u00e1s de lo que no hay, porque ah\u00ed volvemos a la emisi\u00f3n monetaria y al endeudamiento, y as\u00ed es como hemos vivido durante d\u00e9cadas y nos ha llevado a esta situaci\u00f3n. Es f\u00e1cil decir que gasten m\u00e1s, pero el problema es que no est\u00e1 la plata. Ocurre lo mismo a nivel de las provincias y por eso no aspiro a que el gobierno nacional gaste m\u00e1s, aspiro a que le encuentre la vuelta para que Argentina vuelva a crecer, para que haya de nuevo generaci\u00f3n de empleo en el sector privado, porque eso es lo que determina el desarrollo econ\u00f3mico y social de los pa\u00edses y de las provincias\u201d.<\/p>\n<p>A la hora de plantear alternativas para ese crecimiento en su calidad de economista, evalu\u00f3: \u201cPerm\u00edtame ser humilde y no hacer lo que hacen otros que parece que tuvieran la verdad revelada y que la tuvieran clar\u00edsima, aunque han estado muchas veces en el gobierno nacional y no han hecho nada salvo llevarnos a esta situaci\u00f3n ruinosa. Yo soy muy prudente y es muy dif\u00edcil la situaci\u00f3n, ojal\u00e1 yo tuviera la precisa y pudiera decirle al Presidente y su equipo lo que tienen que hacer. Hay una cuesti\u00f3n diferencial en este gobierno nacional respecto a otros que es un convencimiento \u2013como nunca se vio- de que no podemos seguir viviendo con d\u00e9ficit fiscal permanente, el Estado no puede gastar m\u00e1s de lo que ingresa, y creo que hay hasta un cambio cultura porque la gente est\u00e1 entendiendo esto, que es extremadamente doloroso para muchos sectores sociales.<\/p>\n<p>Perm\u00edtame excusarme de decir qu\u00e9 habr\u00eda que hacer, porque es muy complejo, el gobierno nacional est\u00e1 hace ocho meses en la gesti\u00f3n y creo que merece un tiempo para corregir casi medio siglo de errores en la pol\u00edtica econ\u00f3mica. Y lo mismo pido internamente. Hay un espacio pol\u00edtico que ha gobernado 32 de los \u00faltimos 40 a\u00f1os en la provincia de Entre R\u00edos, y por eso es importante tener un prudente silencio y dejar hacer en esta situaci\u00f3n tan compleja y desafiante que tenemos por delante\u201d.<\/p>\n<p>Por otra parte, revel\u00f3 que habl\u00f3 con el Presidente \u201chace unos 20 d\u00edas\u201d y que cuando lo llama, Milei \u201catiende el tel\u00e9fono\u201d.<\/p>\n<p>En el mismo sentido, sobre los cuestionamientos de la oposici\u00f3n sobre una falta de coordinaci\u00f3n con otras provincias para plantarse ante la Naci\u00f3n, reiter\u00f3: \u201cEsto lo dicen dirigentes que han dejado a la provincia como la han dejado, que no han conseguido nunca nada del gobierno nacional, que no han tenido ni siquiera la determinaci\u00f3n de ir a la Corte Suprema de Justicia, que es donde se dirimen estas cosas, a pelear y a defender los derechos de los entrerrianos. El que err\u00f3 la estrategia para recuperar recursos de la provincia, para que tengamos los entrerrianos lo que nos corresponde, con qu\u00e9 autoridad moral plantea ahora con el dedo lo que hay que hacer. La gente est\u00e1 exigiendo humildad de los dirigentes pol\u00edticos, la gente sabe que los dirigentes pol\u00edticos han fracasado estrepitosamente durante d\u00e9cadas, y lo \u00faltimo que quieren ver es dirigentes pol\u00edticos que no asumen el fracaso y no se comportan con humildad\u201d.<\/p>\n<p>Visiblemente molesto, Frigerio asegur\u00f3: \u201cEstamos trabajando en la Regi\u00f3n Centro como nunca antes se trabaj\u00f3, me re\u00fano permanentemente con los gobernadores de C\u00f3rdoba y Santa Fe, tenemos estrategias comunes en relaci\u00f3n a los reclamos al gobierno nacional, respecto a la pol\u00edtica impositiva, tenemos estrategias comunes pr\u00e1cticamente en todas las pol\u00edticas p\u00fablicas, algo que nunca se vio en el pasado. De nuevo, pido m\u00e1s humildad, m\u00e1s prudencia, la situaci\u00f3n es muy compleja y nadie tiene la verdad revelada; lo que hay que hacer es trabajar, trabajar y trabajar aun en etas condiciones, sin recursos, para resolver problemas que durante d\u00e9cadas en contextos much\u00edsimos mejores que \u00e9ste no se pudieron nunca resolver\u201d.<\/p>\n<p>\u201cEstamos haciendo una estrategia com\u00fan. \u00bfPor qu\u00e9 no preguntan los dirigentes que critican para ver lo que estamos haciendo? Fuimos juntos ante la Corte Suprema de Justicia, estamos trabajando juntos en los reclamos. Hay que preguntar un poco m\u00e1s, estos dirigentes que ahora que ya no est\u00e1n en la gesti\u00f3n creen que descubrieron la f\u00f3rmula de resolver los problemas que no pudieron resolver durante d\u00e9cadas, tienen que preguntar m\u00e1s. Estamos trabajando juntos sin importar el color de las camisetas partidarias, porque tenemos distintas camisetas partidarias los colores, e independientemente de eso trabajamos m\u00e1s unidos que nunca; incluso m\u00e1s unidos que cuando los gobernadores de estas tres provincias ten\u00edan el mismo origen partidario. Creemos que la forma de trabajar es juntos, unidos, porque la verdad tambi\u00e9n es que estamos solos, por este corrimiento del gobierno nacional de muchas cuestiones que antes atend\u00eda y que hoy no est\u00e1n; estamos solos en esta circunstancia y estamos juntos con los gobernadores trabajando en equipo, hay que tener una actitud m\u00e1s humilde en la dirigencia\u201d, sentenci\u00f3.<\/p>\n<p>\u201cLa gente est\u00e1 harta de los dirigentes que han tenido enormes oportunidades de resolver los problemas, de repente cuando ya no est\u00e1n en la gesti\u00f3n, se iluminan y saben lo que hay que hacer. La gente exige de la dirigencia pol\u00edtica mayor humildad, mayor prudencia, mayor sensatez y sobre todo dejar hacer a lo que ahora han elegido para cambiar una realidad dif\u00edcil que han generado, precisamente, esos dirigentes cuando han sido funcionarios\u201d, apunt\u00f3.<\/p>\n<p>Obra p\u00fablica<\/p>\n<p>En cuanto a la reactivaci\u00f3n de la obra p\u00fablica en la provincia, el mandatario provincial enumer\u00f3: \u201cEncontramos un desmadre impresionante con la obra p\u00fablica, una deuda que alcanzaba los 30.000 millones de pesos, obras paralizadas por todos lados, obras licitadas sin tener los recursos que respaldaran esas licitaciones, y adem\u00e1s de todo eso hay un gobierno nacional que ha decidido no hacer m\u00e1s obras y esto genero una situaci\u00f3n disruptiva que en estos ocho meses de gesti\u00f3n tuvimos que ordenar. Y lo ordenamos, acordamos con todos los contratistas del Estado para pagar esa deuda, se est\u00e1n reiniciando lentamente todas las obras porque no contamos con los recursos para hacerlo a otra velocidad; acordamos con el gobierno nacional para reiniciar obras nacionales como la de ruta 12 y ruta 18, y tambi\u00e9n estamos lanzando planes que nunca antes se hab\u00edan visto como un plan provincial de viviendas que vamos a anunciar en los pr\u00f3ximos d\u00edas; estamos reiniciando las obras en las escuelas\u201d.<\/p>\n<p>\u201cEstamos poniendo de pie a la obra p\u00fablica, pero sin falsas promesas. Yo no puedo prometer que voy a arreglar una infraestructura que est\u00e1 destruida desde d\u00e9cadas en poco tiempo, yo no le miento a la gente. S\u00ed me comprometo a hacer todo lo que est\u00e9 a mi alcance para que nuestras rutas sean transitables, para que en las escuelas se pueda dar clases sin poner en peligro a los estudiantes, para que en los hospitales est\u00e9 hecho lo elemental. No voy a hacer nuevos hospitales o nuevas rutas, porque eso ser\u00eda mentirle a la gente, ser\u00eda hacer una licitaci\u00f3n que despu\u00e9s no puedo pagar\u201d, asever\u00f3.<\/p>\n<p>&nbsp;<\/p>\n<p><strong>Cuesti\u00f3n alimentaria, recaudaci\u00f3n y seguridad<\/strong><\/p>\n<p>Consultado por la falta de alimentos que llegan a los barrios, Frigerio reconoci\u00f3: \u201cNo alcanza porque no hay plata, es desesperante y por eso nuestra prioridad es que no le falte un plato de comida a nadie en la provincia y tenemos que trabajar con los municipios tambi\u00e9n en esta situaci\u00f3n. Es una cuesti\u00f3n dram\u00e1tica la que atravesamos porque no hay plata, no alcanzan los recursos; cuando asumimos no hab\u00eda nada en los galpones de alimentos, y en nuestra provincia los procesos son arcaicos y se tarda por lo menos seis meses, por eso pedimos la emergencia alimentaria, porque si no \u00edbamos a estar seis meses sin nada de m\u00f3dulos para repartir. Pero eso no quiere decir que la ley de emergencia alimentaria genere recursos para comprar los alimentos que nos gustar\u00eda, la ley sirvi\u00f3 para salir de una emergencia porque un gobierno anterior no hab\u00eda previsto tener un stock que alcanzara por lo menos los seis meses que tarda una licitaci\u00f3n\u201d.<\/p>\n<p>En otro orden de temas, afirm\u00f3 que \u201cse pagan impuestos en la provincia, pero no como si fuera una situaci\u00f3n normal, hay una ca\u00edda tambi\u00e9n de la recaudaci\u00f3n porque hay mucha gente que no est\u00e1 en condiciones de pagar impuestos. Es dram\u00e1tica la situaci\u00f3n, hay estudios que hablan de la p\u00e9rdida de 5.000 puestos de trabajo en el sector privado formal de la provincia, y eso no sucede en el Estado donde hemos hecho esfuerzos para no echar a nadie salvo a los \u00f1oquis, a los que entraron por la ventana, a los acomodados, a los que no cumpl\u00edan ninguna funci\u00f3n, le 50% de la planta pol\u00edtica que redujimos\u201d.<\/p>\n<p>Por otra parte, sobre el avance del narcotr\u00e1fico y las adicciones en los barrios, Frigerio consider\u00f3 que \u201cnunca hubo tantos decomisos, tanta investigaci\u00f3n, tanta presencia policial en la provincia para enfrentar al narcomenudeo, aunque no alcanza porque el narcotr\u00e1fico es una realidad y nosotros podemos hacer una parte en esa tarea porque es un delito federal. En lo que respecta a nosotros como provincia, estoy profundamente orgulloso de c\u00f3mo est\u00e1 trabajando nuestra polic\u00eda, tenemos la mejor polic\u00eda de Argentina y no tengo dudas sobre eso, y est\u00e1n haciendo un trabajo encomiable en la lucha contra el narcomenudeo; nunca hubo tanto trabajo eficiente como ahora para enfrentar este flagelo\u201d.<\/p>\n<p>\u201cReconozco que no alcanza porque nosotros podemos hacer una parte menor en esto, porque es un delito federal, pero nosotros cumplimos con nuestra parte\u201d, acot\u00f3.<\/p>\n<p>En relaci\u00f3n con medidas o acciones respecto de consumos problem\u00e1ticos, dijo que \u201ccuando asumimos no encontramos nada, no encontramos una pol\u00edtica que pueda acompa\u00f1ar a las familias de los adictos, est\u00e1 todo por hacerse, hay un d\u00e9ficit enorme respecto a eso y lo estamos tratando de remediar, pero en estas condiciones es imposible hacerlo de un d\u00eda para el otro y reci\u00e9n van poco m\u00e1s de ocho meses de gesti\u00f3n. La atenci\u00f3n a los adictos y el acompa\u00f1amiento a sus familias es uno de los grandes d\u00e9ficits que encontramos en la provincia\u201d.<\/p>\n<p>&nbsp;<\/p>\n<p><strong>Reforma previsional<\/strong><\/p>\n<p>En relaci\u00f3n con el proyecto de reforma previsional, defini\u00f3: \u201cNosotros vamos a salvar a la Caja provincial de Jubilaciones, me compromet\u00ed en la campa\u00f1a y lo voy a cumplir. Y vamos a salvar el 82% m\u00f3vil. Durante d\u00e9cadas los gobernantes han pateado la pelota para adelante pensando que alguien en alg\u00fan momento lo resolver\u00eda, y ese problema fue creciendo y se hizo una bomba. Por eso tuvimos que hacer muchas modificaciones para salvar a la Caja de Jubilaciones y necesitamos reformas m\u00e1s estructurales que requieren una ley que queremos discutir en la Legislatura\u201d.<\/p>\n<p>\u201cCreo que hoy todos somos conscientes de que no se puede seguir pateando la pelota para adelante y que hace falta compromiso, determinaci\u00f3n y coraje para resolver los problemas que otros no pudieron o no quisieron resolver. Obviamente es mucho m\u00e1s f\u00e1cil para los pol\u00edticos la demagogia, no hacer nada, ocultar los problemas o patearlos para adelante, pero la gente se cans\u00f3 de esos pol\u00edticos; la gente quiere pol\u00edticos que enfrenten los problemas, que le digan la verdad y nuestro gobierno va a decir la verdad y va a dar la pelea para cambiar una realidad que viene acumul\u00e1ndose de manera negativa desde hace much\u00edsimo tiempo. Eso no se negocia. No estoy ac\u00e1 para continuar lo que est\u00e1 mal, estoy cansado de preguntar por qu\u00e9 se hacen las cosas de determinada manera en la provincia y que la respuesta sea \u2018porque siempre se hizo as\u00ed\u2019; voy a terminar con esa respuesta. Tenemos que cambiar la forma en que hicimos las cosas durante d\u00e9cadas en la provincia para salir de esta situaci\u00f3n, para dejar de ser la hermana pobre de la Regi\u00f3n Centro, porque damos para mucho m\u00e1s\u201d, analiz\u00f3.<\/p>\n<p>Respecto del decreto 8424 que se public\u00f3 en el Bolet\u00edn Oficial de este jueves y por el cual algunos funcionarios pasar\u00edan a ganar m\u00e1s que el gobernador, explic\u00f3 que \u201calgunos funcionarios tienen reg\u00edmenes especiales atados a cuestiones que no se pueden modificar por un decreto del gobernador. En lo que a m\u00ed respecta, en lo que tiene que ver con mi decisi\u00f3n, creo que tenemos que poner un l\u00edmite tambi\u00e9n al ingreso de los funcionarios y por eso determin\u00e9 que nadie puede ganar m\u00e1s que el gobernador, pero hay cuestiones espec\u00edficas que tienen que ver con la ley, con enganches que hay en algunos funcionarios respecto de algunos reg\u00edmenes, que se me escapan del control. Tengo que cambiar las leyes para eso, y lo vamos a hacer, pero no me exijan todo en ocho meses\u201d.<\/p>\n<p>\u201cHemos hecho cambios hist\u00f3ricos en la provincia en ocho meses, despu\u00e9s de 20 a\u00f1os de estar gobernados por el mismo espacio pol\u00edtico, en una provincia donde se hace todo en papel, donde el gobernador tiene que estar por lo menos media hora por d\u00eda firmando porque no hay firma digital. Tengan un poco de paciencia, vamos a cambiar, y ya hemos hecho cambios que tienen que ver con la transparencia, con la \u00e9tica p\u00fablica, estamos dando esa pelea y hay que tener un poco de paciencia, pero estamos avanzando en esa l\u00ednea\u201d, refiri\u00f3.<\/p>\n<p>Por \u00faltimo, sobre la posible prisi\u00f3n del ex ministro Pedro B\u00e1ez y del ex gobernador Sergio Urribarri, asever\u00f3: \u201cNo tenemos pensado ning\u00fan r\u00e9gimen especial para nadie\u201d. \u201cEstamos haciendo cambios en el Servicio penitenciario que nunca antes se hab\u00edan planteado y estoy muy orgulloso de nuestro Servicio Penitenciario. Estamos trabajando para mejorar las c\u00e1rceles, para que haya m\u00e1s espacio porque muchas c\u00e1rceles est\u00e1n atiborradas de presos, para generar mecanismos vinculados con la prisi\u00f3n domiciliaria para delitos no violentos, pero nuestras c\u00e1rceles son seguras y tenemos que asegurar la seguridad de los presos\u201d, concluy\u00f3.<\/p>\n","protected":false},"excerpt":{"rendered":"<p>En una extensa entrevista, el gobernador de Entre R\u00edos, Rogelio Frigerio, habl\u00f3 de una \u201cdram\u00e1tica\u201d situaci\u00f3n que atraviesa la provincia y repas\u00f3 diversas tem\u00e1ticas como la negociaci\u00f3n para destrabar el conflicto docente, la paralizaci\u00f3n de obras, la cuesti\u00f3n social, la reforma previsional y otras &nbsp; &nbsp; &nbsp; Consultado por el conflicto docente, en declaraciones realizadas al programa A Quien Corresponda (Radio Plaza), Frigerio admiti\u00f3: \u201cLa verdad que no cre\u00edamos que iba a ser tan complicada toda la gesti\u00f3n, nos est\u00e1 tocando gobernar en el peor momento de la historia de&#8230;<\/p>\n","protected":false},"author":3,"featured_media":112267,"comment_status":"closed","ping_status":"closed","sticky":false,"template":"","format":"standard","meta":[],"categories":[15],"tags":[],"_links":{"self":[{"href":"https:\/\/www.actualidadadiario.com\/index.php\/wp-json\/wp\/v2\/posts\/119785"}],"collection":[{"href":"https:\/\/www.actualidadadiario.com\/index.php\/wp-json\/wp\/v2\/posts"}],"about":[{"href":"https:\/\/www.actualidadadiario.com\/index.php\/wp-json\/wp\/v2\/types\/post"}],"author":[{"embeddable":true,"href":"https:\/\/www.actualidadadiario.com\/index.php\/wp-json\/wp\/v2\/users\/3"}],"replies":[{"embeddable":true,"href":"https:\/\/www.actualidadadiario.com\/index.php\/wp-json\/wp\/v2\/comments?post=119785"}],"version-history":[{"count":1,"href":"https:\/\/www.actualidadadiario.com\/index.php\/wp-json\/wp\/v2\/posts\/119785\/revisions"}],"predecessor-version":[{"id":119786,"href":"https:\/\/www.actualidadadiario.com\/index.php\/wp-json\/wp\/v2\/posts\/119785\/revisions\/119786"}],"wp:featuredmedia":[{"embeddable":true,"href":"https:\/\/www.actualidadadiario.com\/index.php\/wp-json\/wp\/v2\/media\/112267"}],"wp:attachment":[{"href":"https:\/\/www.actualidadadiario.com\/index.php\/wp-json\/wp\/v2\/media?parent=119785"}],"wp:term":[{"taxonomy":"category","embeddable":true,"href":"https:\/\/www.actualidadadiario.com\/index.php\/wp-json\/wp\/v2\/categories?post=119785"},{"taxonomy":"post_tag","embeddable":true,"href":"https:\/\/www.actualidadadiario.com\/index.php\/wp-json\/wp\/v2\/tags?post=119785"}],"curies":[{"name":"wp","href":"https:\/\/api.w.org\/{rel}","templated":true}]}}