{"id":11977,"date":"2017-05-23T09:44:10","date_gmt":"2017-05-23T12:44:10","guid":{"rendered":"http:\/\/actualidadadiario.com\/site\/?p=11977"},"modified":"2017-05-23T09:45:23","modified_gmt":"2017-05-23T12:45:23","slug":"el-pianista-miguel-angel-estrella-actuara-en-la-funcion-de-gala-previa-al-25-de-mayo","status":"publish","type":"post","link":"https:\/\/www.actualidadadiario.com\/index.php\/2017\/05\/23\/el-pianista-miguel-angel-estrella-actuara-en-la-funcion-de-gala-previa-al-25-de-mayo\/","title":{"rendered":"El pianista Miguel \u00c1ngel Estrella actuar\u00e1 en la funci\u00f3n de gala previa al 25 de Mayo"},"content":{"rendered":"<p><em><strong>En v\u00edsperas de la celebraci\u00f3n de un nuevo aniversario de la Revoluci\u00f3n de Mayo, se realizar\u00e1 este mi\u00e9rcoles 24, la tradicional la funci\u00f3n de gala en el Teatro Municipal 3 de Febrero, donde el reconocido pianista Miguel \u00c1ngel\u00a0Estrella brindar\u00e1 un espect\u00e1culo al p\u00fablico con interpretaciones de m\u00fasica cl\u00e1sica y folclore latinoamericano<\/strong><\/em><\/p>\n<p>&nbsp;<\/p>\n<p>&nbsp;<\/p>\n<p>&nbsp;<\/p>\n<p>&nbsp;<\/p>\n<p>La funci\u00f3n de gala se concretar\u00e1 el mi\u00e9rcoles, a partir de las 21, en el teatro municipal. All\u00ed, tras la entonaci\u00f3n de las estrofas del Himno Nacional Argentino y la Marcha de Entre R\u00edos, interpretada por la Banda de M\u00fasica de la Polic\u00eda de Entre R\u00edos, se presentar\u00e1 el pianista de renombre internacional. Seg\u00fan anticip\u00f3 el asesor cultural de la provincia, Roberto Romani, el artista \u201cvuelve para hacer su recital con un espect\u00e1culo que ser\u00e1 de los m\u00e1s importantes que hemos ofrecido en los \u00faltimos tiempos\u201d.<\/p>\n<p>&nbsp;<\/p>\n<p>&nbsp;<\/p>\n<p><strong>El desfile <\/strong><\/p>\n<p>Como todos los a\u00f1os, el gobierno provincial conmemora con distintas actividades la Revoluci\u00f3n de Mayo y en esta oportunidad el acto central y desfile se realizar\u00e1 el jueves 25, desde las 10, en avenida Alameda de la Federaci\u00f3n, en Paran\u00e1, presidido por el gobernador Gustavo Bordet.<\/p>\n<p>&nbsp;<\/p>\n<p>En cuanto a las actividades del 25 de Mayo, comenzar\u00e1 a las 8 con el izamiento de la bandera en la Plaza 1\u00ba de Mayo, continuando inmediatamente con el Tedeum que oficiar\u00e1 el arzobispo de Paran\u00e1, monse\u00f1or Juan Alberto Puiggari, en la Catedral. De all\u00ed se trasladar\u00e1n a la Casa de Gobierno, donde el gobernador Gustavo Bordet brindar\u00e1 una recepci\u00f3n a autoridades e invitados especiales desde las 9.30.<\/p>\n<p>&nbsp;<\/p>\n<p>A las 10 se iniciar\u00e1 el acto central en el escenario que se instalar\u00e1 sobre avenida Alameda de la Federaci\u00f3n, entre calles C\u00f3rdoba y Santa Fe, frente a la Plaza Enrique Carb\u00f3 que se ubica detr\u00e1s de la Casa de Gobierno.<\/p>\n<p>&nbsp;<\/p>\n<p>All\u00ed se realizar\u00e1 la ceremonia protocolar con la entonaci\u00f3n del Himno Nacional y la Marcha de Entre R\u00edos, y las palabras de las autoridades para cerrar con el desfile con la civilidad y las agrupaciones de las fuerzas armadas.<\/p>\n<p>&nbsp;<\/p>\n<p>\u201cInvitamos a toda la comunidad a acompa\u00f1arnos a participar y disfrutar tanto de la funci\u00f3n de gala en el Teatro, el 24 a la noche, como en los actos centrales del 25\u201d, convoc\u00f3 Romani.<\/p>\n","protected":false},"excerpt":{"rendered":"<p>En v\u00edsperas de la celebraci\u00f3n de un nuevo aniversario de la Revoluci\u00f3n de Mayo, se realizar\u00e1 este mi\u00e9rcoles 24, la tradicional la funci\u00f3n de gala en el Teatro Municipal 3 de Febrero, donde el reconocido pianista Miguel \u00c1ngel\u00a0Estrella brindar\u00e1 un espect\u00e1culo al p\u00fablico con interpretaciones de m\u00fasica cl\u00e1sica y folclore latinoamericano &nbsp; &nbsp; &nbsp; &nbsp; La funci\u00f3n de gala se concretar\u00e1 el mi\u00e9rcoles, a partir de las 21, en el teatro municipal. All\u00ed, tras la entonaci\u00f3n de las estrofas del Himno Nacional Argentino y la Marcha de Entre R\u00edos, interpretada&#8230;<\/p>\n","protected":false},"author":3,"featured_media":11978,"comment_status":"closed","ping_status":"closed","sticky":false,"template":"","format":"standard","meta":[],"categories":[15],"tags":[],"_links":{"self":[{"href":"https:\/\/www.actualidadadiario.com\/index.php\/wp-json\/wp\/v2\/posts\/11977"}],"collection":[{"href":"https:\/\/www.actualidadadiario.com\/index.php\/wp-json\/wp\/v2\/posts"}],"about":[{"href":"https:\/\/www.actualidadadiario.com\/index.php\/wp-json\/wp\/v2\/types\/post"}],"author":[{"embeddable":true,"href":"https:\/\/www.actualidadadiario.com\/index.php\/wp-json\/wp\/v2\/users\/3"}],"replies":[{"embeddable":true,"href":"https:\/\/www.actualidadadiario.com\/index.php\/wp-json\/wp\/v2\/comments?post=11977"}],"version-history":[{"count":1,"href":"https:\/\/www.actualidadadiario.com\/index.php\/wp-json\/wp\/v2\/posts\/11977\/revisions"}],"predecessor-version":[{"id":11979,"href":"https:\/\/www.actualidadadiario.com\/index.php\/wp-json\/wp\/v2\/posts\/11977\/revisions\/11979"}],"wp:featuredmedia":[{"embeddable":true,"href":"https:\/\/www.actualidadadiario.com\/index.php\/wp-json\/wp\/v2\/media\/11978"}],"wp:attachment":[{"href":"https:\/\/www.actualidadadiario.com\/index.php\/wp-json\/wp\/v2\/media?parent=11977"}],"wp:term":[{"taxonomy":"category","embeddable":true,"href":"https:\/\/www.actualidadadiario.com\/index.php\/wp-json\/wp\/v2\/categories?post=11977"},{"taxonomy":"post_tag","embeddable":true,"href":"https:\/\/www.actualidadadiario.com\/index.php\/wp-json\/wp\/v2\/tags?post=11977"}],"curies":[{"name":"wp","href":"https:\/\/api.w.org\/{rel}","templated":true}]}}