{"id":119764,"date":"2024-09-05T13:29:20","date_gmt":"2024-09-05T16:29:20","guid":{"rendered":"https:\/\/www.actualidadadiario.com\/?p=119764"},"modified":"2024-09-05T13:29:20","modified_gmt":"2024-09-05T16:29:20","slug":"cansado-de-la-interna-milei-se-pone-al-frente-y-amenaza-el-que-no-comprenda-no-tiene-nada-que-hacer-en-lla","status":"publish","type":"post","link":"https:\/\/www.actualidadadiario.com\/index.php\/2024\/09\/05\/cansado-de-la-interna-milei-se-pone-al-frente-y-amenaza-el-que-no-comprenda-no-tiene-nada-que-hacer-en-lla\/","title":{"rendered":"Cansado de la interna, Milei se pone al frente y amenaza: &#8220;El que no comprenda, no tiene nada que hacer en LLA&#8221;"},"content":{"rendered":"<p style=\"text-align: center;\"><em><strong>El presidente Javier Milei eligi\u00f3 una tribuna de amigos para brindar un fuerte mensaje ordenador en la interna de La Libertad Avanza, en creciente tensi\u00f3n durante las \u00faltimas semanas. &#8220;No nos podemos dar el lujo de la dispersi\u00f3n y las peleas&#8221;, sostuvo durante su discurso en la tercera edici\u00f3n del Foro de Madrid, evento que comenz\u00f3 este jueves en el Palacio Libertad (ex CCK)<\/strong><\/em><\/p>\n<p>&nbsp;<\/p>\n<p>&nbsp;<\/p>\n<p>&nbsp;<\/p>\n<p>El mandatario libertario profundiz\u00f3 en el conflicto interno dentro del espacio oficialista tras una semana de cruces: el bloque del Senado expuls\u00f3 al legislador Francisco Paoltroni, despu\u00e9s de marcar reiteradas diferencias con la l\u00ednea discursiva del propio Milei, y Lourdes Arrieta anunci\u00f3 su salida en Diputados y la conformaci\u00f3n de un monobloque.<\/p>\n<p>En ese contexto, Milei esper\u00f3 al final de su discurso para advertir a los propios: &#8220;Quiero aprovechar para hablarles a quienes integran La Libertad Avanza, nuestro partido, y a todos los que acompa\u00f1an las ideas de la libertad, desde dirigentes importantes con responsabilidad de Estado hasta el m\u00e1s raso de los militantes. El partido Estado, que es otra forma de decir la casta pol\u00edtica, est\u00e1 organizada para arruinarle la vida a la gente de bien, al laburante. La \u00fanica manera de presentarle batalla es con organizaci\u00f3n y disciplina de nuestro lado&#8221;.<\/p>\n<p>&#8220;A\u00fan los propios pueden estar tirando en contra de las ideas de la libertad&#8221; dijo tajante el primer mandatario. Mientras hac\u00eda esta advertencia, lo escuchaba atentamente en el auditorio Ballena Azul Lilia Lemoine, en abierto conflicto -entre otros- con su par en la c\u00e1mara de Diputados, Marcela Pagano. Por parte del Gobierno tambi\u00e9n dijeron presente el ministro de Defensa, Luis Petri; el vocero presidencial Manuel Adorni; el titular de la cartera de Salud, Mario Russo, y el secretario de Educaci\u00f3n, Carlos Torrendell.<\/p>\n<p>Adem\u00e1s de los funcionarios nacionales, completaron el p\u00fablico de m\u00e1s de 500 personas l\u00edderes de la ultraderecha internacional y simpatizantes, que ostentaban banderas de Venezuela, Brasil y Cuba. No obstante, la capacidad de 1950 asientos que tiene el espacio, estuvo lejos de llenarse.<\/p>\n<p>El encuentro, que se desarrolla en el Palacio Libertad (ex CCK), continuar\u00e1 tambi\u00e9n el viernes. Para este jueves, el programa del evento tiene agendados 23 expositores repartidos a lo largo de la jornada entre funcionarios, abogados, escritores y catedr\u00e1ticos, entre otros. Ninguno de ellos es mujer.<\/p>\n<p>&nbsp;<\/p>\n<p><strong>La advertencia de Milei a los integrantes de LLA<\/strong><\/p>\n<p>El Jefe de Estado hizo referencia a las diferencias dentro de su espacio, remarc\u00f3 la importancia de la organizaci\u00f3n y lanz\u00f3 una fuerte advertencia para aquellos que no sigan la l\u00ednea oficialista.<\/p>\n<p>&#8220;No nos podemos dar el lujo de la dispersi\u00f3n y de las peleas. Solo estando juntos podemos ser fuertes, solo siendo leales de militante a militante y ayud\u00e1ndonos entre nosotros podemos defender a los argentinos de las garras del poder permanente. Trabajamos al servicio de una causa noble, verdadera y com\u00fan, que es tanto m\u00e1s grande que cada uno de nosotros. Una causa por la que vale la pena dejar la vida&#8221;, apunt\u00f3.<\/p>\n<p>Y concluy\u00f3: &#8220;Solo abandonando nuestras aspiraciones personales podemos estar a la altura de lo que esta causa nos exige. No hay lugar para ambiciones personales. Solo as\u00ed podemos ser fieles servidores de los millones de argentinos que confiaron en nosotros. Los millones que tuvieron la valent\u00eda de confiar que tener una vida mejor es posible. No les podemos fallar, cualquier persona que comprenda la enorme responsabilidad de pertenecer a este espacio, no tiene nada que hacer en La Libertad Avanza&#8221;.<\/p>\n<p>Fuentes con despacho en Balcarce 50 consideran que el mensaje del Presidente &#8220;apunta sobre todo al Congreso&#8221;. &#8220;Igualmente como dijo Milei, es dirigido hacia todos, tambi\u00e9n la militancia&#8221;, a\u00f1aden las mismas fuentes. La idea es clara: el partido tiene que estar ordenado de cara a 2025, a\u00f1o electoral. El momento de depuraciones, en todo caso, es ahora.<\/p>\n<p>&nbsp;<\/p>\n<p><strong>La batalla cultural, eje del Foro de Madrid<\/strong><\/p>\n<p>Javier Milei fue uno de los primeros firmantes de la Carta de Madrid, gesto fundacional del Foro que celebra esta semana su tercera edici\u00f3n. La cumbre es impulsada por el &#8220;think tank&#8221; del partido espa\u00f1ol VOX, presidido por Santiago Abascal, quien mantiene un estrecho v\u00ednculo con el mandatario argentino. Ambos se vieron cara a cara en mayo durante la convenci\u00f3n &#8220;Europa Viva 24&#8221; que se llev\u00f3 a cabo en la pen\u00ednsula ib\u00e9rica.<\/p>\n<p>Durante el evento que comenz\u00f3 este jueves, se identific\u00f3 como &#8220;enemigos&#8221; al Foro de Sao Pablo y al Grupo de Puebla. En esta l\u00ednea, dominaron la agenda las elecciones en Venezuela y los dardos a la Agenda 2030. Asimismo, Abascal aprovech\u00f3 su discurso para atacar al presidente de Gobierno espa\u00f1ol, Pedro S\u00e1nchez, a quien tild\u00f3 de &#8220;ladr\u00f3n de la prosperidad&#8221;.<\/p>\n<p>&#8220;Los malos est\u00e1n unidos y los buenos est\u00e1bamos desunidos, el Foro de Madrid significa que los buenos estamos empezando a estar organizados y unidos&#8221;, remarc\u00f3.<\/p>\n<p>En la misma l\u00ednea, Javier Milei bas\u00f3 su discurso en la batalla cultural contra el &#8220;partido del Estado&#8221;, que identific\u00f3 como la casta. &#8220;No hay que abandonar nunca la batalla, hay que darla siempre con el mismo fuego que tiran ellos, no pidiendo perd\u00f3n ni permisos&#8221;. sostuvo. &#8220;La batalla cultural no es algo que uno toma o deja sino que es un compromiso&#8221;; remarc\u00f3.<\/p>\n<p>Como en cada aparici\u00f3n p\u00fablica, el Presidente aprovech\u00f3 para ratificar su programa econ\u00f3mico, y confirm\u00f3 que tiene intenciones de presentar el Presupuesto 2025 en el Congreso. &#8220;Desde ac\u00e1 se les ven los colmillos (&#8230;) como son el partido del Estado necesitan mantener el curro, no les importa que el Estado elefanti\u00e1sico se pague con el sudor de la gente porque no hay nada que le molesta m\u00e1s en la vida que un trabajador que no los necesita y por eso el juego de la pol\u00edtica es boicotear nuestro programa pol\u00edtico&#8221;, sostuvo.<\/p>\n<p>Envalentonado por los aplausos amigos, que abundaron cuando se refiri\u00f3 a la gesti\u00f3n de la gesti\u00f3n anterior en materia de pandemia, o cuando apunt\u00f3 contra la prensa, Milei lleg\u00f3 incluso a decir que est\u00e1 haciendo \u201cel mejor gobierno de la historia argentina\u201d. &#8220;Vengan, nosotros estamos dispuestos a morir con las botas puestas&#8221;, se\u00f1al\u00f3.<\/p>\n<p>Luego de su ponencia, el Presidente se dirigi\u00f3 a Casa Rosada, en donde sali\u00f3 a saludar a los transe\u00fantes desde el Balc\u00f3n de Casa Rosada.<\/p>\n","protected":false},"excerpt":{"rendered":"<p>El presidente Javier Milei eligi\u00f3 una tribuna de amigos para brindar un fuerte mensaje ordenador en la interna de La Libertad Avanza, en creciente tensi\u00f3n durante las \u00faltimas semanas. &#8220;No nos podemos dar el lujo de la dispersi\u00f3n y las peleas&#8221;, sostuvo durante su discurso en la tercera edici\u00f3n del Foro de Madrid, evento que comenz\u00f3 este jueves en el Palacio Libertad (ex CCK) &nbsp; &nbsp; &nbsp; El mandatario libertario profundiz\u00f3 en el conflicto interno dentro del espacio oficialista tras una semana de cruces: el bloque del Senado expuls\u00f3 al&#8230;<\/p>\n","protected":false},"author":3,"featured_media":119765,"comment_status":"closed","ping_status":"closed","sticky":false,"template":"","format":"standard","meta":[],"categories":[18],"tags":[],"_links":{"self":[{"href":"https:\/\/www.actualidadadiario.com\/index.php\/wp-json\/wp\/v2\/posts\/119764"}],"collection":[{"href":"https:\/\/www.actualidadadiario.com\/index.php\/wp-json\/wp\/v2\/posts"}],"about":[{"href":"https:\/\/www.actualidadadiario.com\/index.php\/wp-json\/wp\/v2\/types\/post"}],"author":[{"embeddable":true,"href":"https:\/\/www.actualidadadiario.com\/index.php\/wp-json\/wp\/v2\/users\/3"}],"replies":[{"embeddable":true,"href":"https:\/\/www.actualidadadiario.com\/index.php\/wp-json\/wp\/v2\/comments?post=119764"}],"version-history":[{"count":1,"href":"https:\/\/www.actualidadadiario.com\/index.php\/wp-json\/wp\/v2\/posts\/119764\/revisions"}],"predecessor-version":[{"id":119766,"href":"https:\/\/www.actualidadadiario.com\/index.php\/wp-json\/wp\/v2\/posts\/119764\/revisions\/119766"}],"wp:featuredmedia":[{"embeddable":true,"href":"https:\/\/www.actualidadadiario.com\/index.php\/wp-json\/wp\/v2\/media\/119765"}],"wp:attachment":[{"href":"https:\/\/www.actualidadadiario.com\/index.php\/wp-json\/wp\/v2\/media?parent=119764"}],"wp:term":[{"taxonomy":"category","embeddable":true,"href":"https:\/\/www.actualidadadiario.com\/index.php\/wp-json\/wp\/v2\/categories?post=119764"},{"taxonomy":"post_tag","embeddable":true,"href":"https:\/\/www.actualidadadiario.com\/index.php\/wp-json\/wp\/v2\/tags?post=119764"}],"curies":[{"name":"wp","href":"https:\/\/api.w.org\/{rel}","templated":true}]}}