{"id":119761,"date":"2024-09-05T13:28:16","date_gmt":"2024-09-05T16:28:16","guid":{"rendered":"https:\/\/www.actualidadadiario.com\/?p=119761"},"modified":"2024-09-05T13:28:16","modified_gmt":"2024-09-05T16:28:16","slug":"milei-confirmo-que-ira-al-congreso-a-presentar-el-presupuesto-2025-estare-yendo-a-exponer-las-bases-del-deficit-cero","status":"publish","type":"post","link":"https:\/\/www.actualidadadiario.com\/index.php\/2024\/09\/05\/milei-confirmo-que-ira-al-congreso-a-presentar-el-presupuesto-2025-estare-yendo-a-exponer-las-bases-del-deficit-cero\/","title":{"rendered":"Milei confirm\u00f3 que ir\u00e1 al Congreso a presentar el Presupuesto 2025: &#8220;Estar\u00e9 yendo a exponer las bases del d\u00e9ficit cero&#8221;"},"content":{"rendered":"<p style=\"text-align: center;\"><em><strong>El Presidente disert\u00f3 este jueves en el Foro Madrid que se desarrolla en Buenos Aires y confirm\u00f3 su presentaci\u00f3n en el Parlamento, que podr\u00eda ser el pr\u00f3ximo 16 de septiembre<\/strong><\/em><\/p>\n<p>&nbsp;<\/p>\n<p>&nbsp;<\/p>\n<p>El presidente Javier Milei brind\u00f3 este jueves su discurso en el Foro Madrid, organizado por el partido ultraderechista espa\u00f1ol VOX y confirm\u00f3 que se presentar\u00e1 en el Congreso de la Naci\u00f3n para oficializar el presupuesto para 2025. La fecha prevista para la presentaci\u00f3n de la iniciativa es el lunes 16 de septiembre venidero.<\/p>\n<p>&#8220;En nombre de la justicia y la igualdad, tuvimos un Estado omnipresente, controlador y opresivo que arrog\u00f3 el derecho de robarle a unos para darles a otros, de acuerdo al capricho del bur\u00f3crata de turno. En nombre de la solidaridad, tuvimos d\u00e9ficit fiscal en 113 de los \u00faltimos 123 a\u00f1os. Y quiero hacer una aclaraci\u00f3n: en esos 10 a\u00f1os que no tuvimos d\u00e9ficit financiero fue porque Argentina estaba en default&#8221;, dijo el mandatario al comienzo de su discurso realizado en el exCCK, ahora Palacio Libertad.<\/p>\n<p>En ese contexto, se\u00f1al\u00f3: &#8220;Algunos menosprecian, cuestionan o minimizan algo que no se pudo hacer en 123 a\u00f1os, y nosotros lo logramos en el primer mes de gesti\u00f3n. Es nuestro compromiso seguir manteni\u00e9ndolo. De hecho, pr\u00f3ximamente estar\u00e9 yendo al Congreso de la Naci\u00f3n argentina a exponer lo que son las bases del d\u00e9ficit cero para terminar de una vez por todas con este c\u00e1ncer que es el d\u00e9ficit fiscal, las crisis fiscales y el desastre macroecon\u00f3mico que ha hundido a Argentina en la pobreza&#8221;.<\/p>\n<p>&#8220;En este contexto de tanto d\u00e9ficit fiscal, en estos \u00faltimos 123 a\u00f1os se castig\u00f3 a los creadores de riqueza con impuestos impagables y se los conden\u00f3 p\u00fablicamente como villanos. Como no alcanzaron los impuestos para financiar el d\u00e9ficit, se tom\u00f3 deuda que r\u00e1pidamente se volvi\u00f3 impagable, y cuando ya nadie nos quer\u00eda prestar porque nos hab\u00edamos convertido en el mayor defaulteador serial de la historia moderna, comenzaron a imprimir dinero de manera indiscriminada&#8221;, agreg\u00f3.<\/p>\n<p>En ese sentido, se\u00f1al\u00f3 que &#8220;el mismo ciclo inici\u00f3 y culmin\u00f3 una decena de veces castigando a la sociedad mientras los pol\u00edticos y sus amigos se hac\u00edan cada vez m\u00e1s ricos, o los familiares&#8221;.<\/p>\n<p>&nbsp;<\/p>\n<p><strong>Qu\u00e9 presentar\u00e1 Milei en el Congreso<\/strong><\/p>\n<p>Tras las derrotas que viene sufriendo el Poder Ejecutivo en el Congreso, en el Gobierno Nacional existen dudas sobre que el Parlamento termine aprobando el proyecto de presupuesto que se aprestan a enviar. La evaluaci\u00f3n oficial es que, en este escenario, el Ejecutivo tendr\u00e1 un mayor margen de acci\u00f3n, porque las partidas se mantendr\u00e1n conforme al presupuesto 2023 (con las modificaciones que ha registrado) y los recursos aumentar\u00e1n en virtud de la esperada recuperaci\u00f3n econ\u00f3mica.<\/p>\n<p>Seg\u00fan dicen en el entorno del primer mandatario, su intenci\u00f3n es que si los ingresos resultaran subestimados y en la pr\u00e1ctica los recursos del Estado fueran superiores a los previstos, estos excedentes se destinar\u00e1n a bajar impuestos. De lo contrario, si la estimaci\u00f3n de ingresos resulte inferior a la real, la decisi\u00f3n ser\u00e1 recortar partidas para mantener el d\u00e9ficit cero. Pero adelantan que estos eventuales recortes no afectar\u00e1n erogaciones que en el Gobierno consideran \u201cr\u00edgidas\u201d, como, por ejemplo, las jubilaciones o los recursos para los sectores m\u00e1s necesitados.<\/p>\n<p>La iniciativa del Ejecutivo \u201cplantear\u00e1 metas fiscales que se basan en el mantenimiento de las pol\u00edticas que apuntalan la demanda agregada y un incremento de los recursos fiscales de la mano de un aumento de la actividad, del empleo y de los ingresos reales, dando sostenibilidad al sendero de crecimiento en un contexto de reducci\u00f3n de d\u00e9ficit fiscal\u201d, seg\u00fan se inform\u00f3 a comienzos del julio \u00faltimo en el Informe de Avance sobre la Elaboraci\u00f3n del Proyecto de Ley de Presupuesto General de la Administraci\u00f3n Nacional correspondiente al Ejercicio Fiscal 2025.<\/p>\n<p>Los criterios que toma en cuenta el gobierno son el mantenimiento del equilibrio fiscal, el otorgamiento de planes sociales sin intermediarios, la modernizaci\u00f3n y simplificaci\u00f3n del Estado, y un aumento en las partidas para defensa y seguridad. En este sentido, el Ejecutivo confirma las pol\u00edticas dise\u00f1adas desde el Ministerio de Capital Humano, que conduce Sandra Pettovello, orientadas a eliminar la intermediaci\u00f3n en los planes, ampliar la asistencia social a madres y ni\u00f1os de los sectores m\u00e1s vulnerables y proteger el poder adquisitivo de las jubilaciones y pensiones.<\/p>\n","protected":false},"excerpt":{"rendered":"<p>El Presidente disert\u00f3 este jueves en el Foro Madrid que se desarrolla en Buenos Aires y confirm\u00f3 su presentaci\u00f3n en el Parlamento, que podr\u00eda ser el pr\u00f3ximo 16 de septiembre &nbsp; &nbsp; El presidente Javier Milei brind\u00f3 este jueves su discurso en el Foro Madrid, organizado por el partido ultraderechista espa\u00f1ol VOX y confirm\u00f3 que se presentar\u00e1 en el Congreso de la Naci\u00f3n para oficializar el presupuesto para 2025. La fecha prevista para la presentaci\u00f3n de la iniciativa es el lunes 16 de septiembre venidero. &#8220;En nombre de la justicia&#8230;<\/p>\n","protected":false},"author":3,"featured_media":119762,"comment_status":"closed","ping_status":"closed","sticky":false,"template":"","format":"standard","meta":[],"categories":[18],"tags":[],"_links":{"self":[{"href":"https:\/\/www.actualidadadiario.com\/index.php\/wp-json\/wp\/v2\/posts\/119761"}],"collection":[{"href":"https:\/\/www.actualidadadiario.com\/index.php\/wp-json\/wp\/v2\/posts"}],"about":[{"href":"https:\/\/www.actualidadadiario.com\/index.php\/wp-json\/wp\/v2\/types\/post"}],"author":[{"embeddable":true,"href":"https:\/\/www.actualidadadiario.com\/index.php\/wp-json\/wp\/v2\/users\/3"}],"replies":[{"embeddable":true,"href":"https:\/\/www.actualidadadiario.com\/index.php\/wp-json\/wp\/v2\/comments?post=119761"}],"version-history":[{"count":1,"href":"https:\/\/www.actualidadadiario.com\/index.php\/wp-json\/wp\/v2\/posts\/119761\/revisions"}],"predecessor-version":[{"id":119763,"href":"https:\/\/www.actualidadadiario.com\/index.php\/wp-json\/wp\/v2\/posts\/119761\/revisions\/119763"}],"wp:featuredmedia":[{"embeddable":true,"href":"https:\/\/www.actualidadadiario.com\/index.php\/wp-json\/wp\/v2\/media\/119762"}],"wp:attachment":[{"href":"https:\/\/www.actualidadadiario.com\/index.php\/wp-json\/wp\/v2\/media?parent=119761"}],"wp:term":[{"taxonomy":"category","embeddable":true,"href":"https:\/\/www.actualidadadiario.com\/index.php\/wp-json\/wp\/v2\/categories?post=119761"},{"taxonomy":"post_tag","embeddable":true,"href":"https:\/\/www.actualidadadiario.com\/index.php\/wp-json\/wp\/v2\/tags?post=119761"}],"curies":[{"name":"wp","href":"https:\/\/api.w.org\/{rel}","templated":true}]}}