{"id":119752,"date":"2024-09-05T13:23:52","date_gmt":"2024-09-05T16:23:52","guid":{"rendered":"https:\/\/www.actualidadadiario.com\/?p=119752"},"modified":"2024-09-05T13:24:02","modified_gmt":"2024-09-05T16:24:02","slug":"opositores-piden-sesion-en-la-camara-de-diputados-para-rechazar-el-veto-a-la-ley-jubilatoria","status":"publish","type":"post","link":"https:\/\/www.actualidadadiario.com\/index.php\/2024\/09\/05\/opositores-piden-sesion-en-la-camara-de-diputados-para-rechazar-el-veto-a-la-ley-jubilatoria\/","title":{"rendered":"Opositores piden sesi\u00f3n en la C\u00e1mara de Diputados para rechazar el veto a la ley jubilatoria"},"content":{"rendered":"<p style=\"text-align: center;\"><em><strong>El radicalismo, Encuentro Federal, y la Coalici\u00f3n C\u00edvica presentaron hoy un pedido de sesi\u00f3n\u00a0 especial para el pr\u00f3ximo mi\u00e9rcoles a las 10, pero para lograr su objetivo deber\u00e1n tener los dos tercios de los presentes<\/strong><\/em><\/p>\n<p>&nbsp;<\/p>\n<p>&nbsp;<\/p>\n<p>El radicalismo, Encuentro Federal, y la Coalici\u00f3n C\u00edvica presentaron hoy un pedido de sesi\u00f3n especial para el pr\u00f3ximo mi\u00e9rcoles, a fin tratar de rechazar el veto a la ley jubilatoria, aunque para lograr su objetivo deber\u00e1n reunir el aval de los dos tercios de los presentes.<\/p>\n<p>La solicitud fue efectuada por los presidentes de los bloques de la UCR, Rodrigo de Loredo, de EF Miguel \u00c1ngel Pichetto, y de CC Juan Manuel L\u00f3pez, y firmada por una veintena de legisladores de esas fuerzas pol\u00edticas.<\/p>\n<p>Ahora, el desaf\u00edo que tendr\u00e1n esas fuerzas pol\u00edticas es reunir primero los 129 legisladores para abrir la sesi\u00f3n y luego los dos tercios de los diputados presentes para habilitar el tratamiento sobre tablas.<\/p>\n<p>Adem\u00e1s, esa mayor\u00eda agravada la tendr\u00e1n que reunir para rechazar el veto presidencial e insistir con la ley sancionada por el Congreso que otorga un 8 % de aumento para compensar la inflaci\u00f3n de enero, y establece los par\u00e1metros para actualizar los haberes de jubilados y pensionados.<\/p>\n","protected":false},"excerpt":{"rendered":"<p>El radicalismo, Encuentro Federal, y la Coalici\u00f3n C\u00edvica presentaron hoy un pedido de sesi\u00f3n\u00a0 especial para el pr\u00f3ximo mi\u00e9rcoles a las 10, pero para lograr su objetivo deber\u00e1n tener los dos tercios de los presentes &nbsp; &nbsp; El radicalismo, Encuentro Federal, y la Coalici\u00f3n C\u00edvica presentaron hoy un pedido de sesi\u00f3n especial para el pr\u00f3ximo mi\u00e9rcoles, a fin tratar de rechazar el veto a la ley jubilatoria, aunque para lograr su objetivo deber\u00e1n reunir el aval de los dos tercios de los presentes. La solicitud fue efectuada por los presidentes&#8230;<\/p>\n","protected":false},"author":3,"featured_media":118714,"comment_status":"closed","ping_status":"closed","sticky":false,"template":"","format":"standard","meta":[],"categories":[18],"tags":[],"_links":{"self":[{"href":"https:\/\/www.actualidadadiario.com\/index.php\/wp-json\/wp\/v2\/posts\/119752"}],"collection":[{"href":"https:\/\/www.actualidadadiario.com\/index.php\/wp-json\/wp\/v2\/posts"}],"about":[{"href":"https:\/\/www.actualidadadiario.com\/index.php\/wp-json\/wp\/v2\/types\/post"}],"author":[{"embeddable":true,"href":"https:\/\/www.actualidadadiario.com\/index.php\/wp-json\/wp\/v2\/users\/3"}],"replies":[{"embeddable":true,"href":"https:\/\/www.actualidadadiario.com\/index.php\/wp-json\/wp\/v2\/comments?post=119752"}],"version-history":[{"count":2,"href":"https:\/\/www.actualidadadiario.com\/index.php\/wp-json\/wp\/v2\/posts\/119752\/revisions"}],"predecessor-version":[{"id":119754,"href":"https:\/\/www.actualidadadiario.com\/index.php\/wp-json\/wp\/v2\/posts\/119752\/revisions\/119754"}],"wp:featuredmedia":[{"embeddable":true,"href":"https:\/\/www.actualidadadiario.com\/index.php\/wp-json\/wp\/v2\/media\/118714"}],"wp:attachment":[{"href":"https:\/\/www.actualidadadiario.com\/index.php\/wp-json\/wp\/v2\/media?parent=119752"}],"wp:term":[{"taxonomy":"category","embeddable":true,"href":"https:\/\/www.actualidadadiario.com\/index.php\/wp-json\/wp\/v2\/categories?post=119752"},{"taxonomy":"post_tag","embeddable":true,"href":"https:\/\/www.actualidadadiario.com\/index.php\/wp-json\/wp\/v2\/tags?post=119752"}],"curies":[{"name":"wp","href":"https:\/\/api.w.org\/{rel}","templated":true}]}}