{"id":119749,"date":"2024-09-05T13:22:48","date_gmt":"2024-09-05T16:22:48","guid":{"rendered":"https:\/\/www.actualidadadiario.com\/?p=119749"},"modified":"2024-09-05T13:22:48","modified_gmt":"2024-09-05T16:22:48","slug":"el-gobierno-justifico-la-represion-a-jubilados-era-mantener-el-orden","status":"publish","type":"post","link":"https:\/\/www.actualidadadiario.com\/index.php\/2024\/09\/05\/el-gobierno-justifico-la-represion-a-jubilados-era-mantener-el-orden\/","title":{"rendered":"El Gobierno justific\u00f3 la represi\u00f3n a jubilados: &#8220;Era mantener el orden&#8221;"},"content":{"rendered":"<p style=\"text-align: center;\"><em><strong>El jefe de Gabinete, Guillermo Francos, asegur\u00f3 que vio a &#8220;muchos jubilados j\u00f3venes con las caras tapadas&#8221;. Contin\u00faan los reclamos por el veto a la reforma jubilatoria<\/strong><\/em><\/p>\n<p>&nbsp;<\/p>\n<p>&nbsp;<\/p>\n<p>El jefe de Gabinete, Guillermo Francos, se refiri\u00f3 a la represi\u00f3n de la polic\u00eda sobre un grupo de jubilados en medio de una marcha contra el veto a la reforma jubilatoria llevada a cabo durante la tarde del mi\u00e9rcoles: &#8220;No fue una represi\u00f3n brutal, era mantener el orden&#8221;.<\/p>\n<p>En declaraciones radiales, el funcionario de La Libertad Avanza (LLA) ironiz\u00f3 sobre los disturbios desencadenados este mi\u00e9rcoles por la tarde en las inmediaciones del Congreso y se\u00f1al\u00f3 que vio a &#8220;muchos jubilados j\u00f3venes con las caras tapadas, todas esas cosas que se ven en manifestaciones de grupos extremistas de izquierda&#8221;.<\/p>\n<p>Seg\u00fan Francos, &#8220;hab\u00eda un grupito de jubilados usados como bandera por fuerzas pol\u00edticas de izquierda que habitualmente generan este tipo de expresiones p\u00fablicas. Los manifestantes violaron el protocolo del uso del espacio p\u00fablico y generaron la reacci\u00f3n, como corresponde, de las fuerzas de seguridad&#8221;.<\/p>\n<p>&nbsp;<\/p>\n<p><strong>La cr\u00edtica de Francos a las agrupaciones pol\u00edticas<\/strong><\/p>\n<p>En declaraciones para Radio Mitre, el jefe de Gabinete revel\u00f3 la detenci\u00f3n de dos manifestantes y asegur\u00f3 que ocho efectivos fueron heridos. &#8220;Uno no puede pensar que los abuelos van a herir a los polic\u00edas, ah\u00ed claramente hay otras fuerzas pol\u00edticas&#8221;, asegur\u00f3.<\/p>\n<p>Y agreg\u00f3: &#8220;Son grupos que buscan generar caos, desorden, dar la imagen que tantas veces vimos en la Argentina. Se permite la protesta, siempre que se realice de la forma que corresponde&#8221;.<\/p>\n<p>&nbsp;<\/p>\n<p><strong>Sindicatos convocan a marcha para el 12 de septiembre al Congreso<\/strong><\/p>\n<p>La CGT, las dos CTA y la UTEP se movilizar\u00e1n el jueves 12 al Congreso en &#8220;rechazo&#8221; de las pol\u00edticas econ\u00f3micas del presidente Javier Milei y contra el veto al aumento de las jubilaciones m\u00ednimas.<\/p>\n<p>La medida de fuerza fue anunciada a trav\u00e9s de una conferencia de prensa conjunta realizada en la Asociaci\u00f3n del Personal Superior de Empresas de Energ\u00eda. All\u00ed estuvieron presentes los jefes sindicales Hugo &#8220;Cachorro&#8221; Godoy, de la CTA Aut\u00f3noma; Hugo Yasky, CTA de los Trabajadores; Pablo Moyano, cosecretario general de la CGT en representaci\u00f3n del Frente Sindical y Sergio Palazzo, secretario general de La Bancaria.<\/p>\n<p>&#8220;Ante la nueva disposici\u00f3n dictatorial del presidente Milei, que arrasa contra el Congreso, las organizaciones convocantes hemos acordado rechazar en unidad, no solamente la vigencia del decreto 70\/23, sino tambi\u00e9n el veto a una mejora salarial para los jubilados&#8221;, afirm\u00f3 Godoy. En esa l\u00ednea, el dirigente sindical expres\u00f3 que &#8220;los jubilados y jubiladas, junto a las ni\u00f1eces, son los sectores m\u00e1s perjudicados por esta pol\u00edtica despiadada del gobierno de Milei&#8221;.<\/p>\n","protected":false},"excerpt":{"rendered":"<p>El jefe de Gabinete, Guillermo Francos, asegur\u00f3 que vio a &#8220;muchos jubilados j\u00f3venes con las caras tapadas&#8221;. Contin\u00faan los reclamos por el veto a la reforma jubilatoria &nbsp; &nbsp; El jefe de Gabinete, Guillermo Francos, se refiri\u00f3 a la represi\u00f3n de la polic\u00eda sobre un grupo de jubilados en medio de una marcha contra el veto a la reforma jubilatoria llevada a cabo durante la tarde del mi\u00e9rcoles: &#8220;No fue una represi\u00f3n brutal, era mantener el orden&#8221;. En declaraciones radiales, el funcionario de La Libertad Avanza (LLA) ironiz\u00f3 sobre los&#8230;<\/p>\n","protected":false},"author":3,"featured_media":119750,"comment_status":"closed","ping_status":"closed","sticky":false,"template":"","format":"standard","meta":[],"categories":[18],"tags":[],"_links":{"self":[{"href":"https:\/\/www.actualidadadiario.com\/index.php\/wp-json\/wp\/v2\/posts\/119749"}],"collection":[{"href":"https:\/\/www.actualidadadiario.com\/index.php\/wp-json\/wp\/v2\/posts"}],"about":[{"href":"https:\/\/www.actualidadadiario.com\/index.php\/wp-json\/wp\/v2\/types\/post"}],"author":[{"embeddable":true,"href":"https:\/\/www.actualidadadiario.com\/index.php\/wp-json\/wp\/v2\/users\/3"}],"replies":[{"embeddable":true,"href":"https:\/\/www.actualidadadiario.com\/index.php\/wp-json\/wp\/v2\/comments?post=119749"}],"version-history":[{"count":1,"href":"https:\/\/www.actualidadadiario.com\/index.php\/wp-json\/wp\/v2\/posts\/119749\/revisions"}],"predecessor-version":[{"id":119751,"href":"https:\/\/www.actualidadadiario.com\/index.php\/wp-json\/wp\/v2\/posts\/119749\/revisions\/119751"}],"wp:featuredmedia":[{"embeddable":true,"href":"https:\/\/www.actualidadadiario.com\/index.php\/wp-json\/wp\/v2\/media\/119750"}],"wp:attachment":[{"href":"https:\/\/www.actualidadadiario.com\/index.php\/wp-json\/wp\/v2\/media?parent=119749"}],"wp:term":[{"taxonomy":"category","embeddable":true,"href":"https:\/\/www.actualidadadiario.com\/index.php\/wp-json\/wp\/v2\/categories?post=119749"},{"taxonomy":"post_tag","embeddable":true,"href":"https:\/\/www.actualidadadiario.com\/index.php\/wp-json\/wp\/v2\/tags?post=119749"}],"curies":[{"name":"wp","href":"https:\/\/api.w.org\/{rel}","templated":true}]}}