{"id":119747,"date":"2024-09-05T13:21:33","date_gmt":"2024-09-05T16:21:33","guid":{"rendered":"https:\/\/www.actualidadadiario.com\/?p=119747"},"modified":"2024-09-05T13:21:33","modified_gmt":"2024-09-05T16:21:33","slug":"donde-seran-los-proximos-viajes-al-exterior-de-javier-milei","status":"publish","type":"post","link":"https:\/\/www.actualidadadiario.com\/index.php\/2024\/09\/05\/donde-seran-los-proximos-viajes-al-exterior-de-javier-milei\/","title":{"rendered":"\u00bfD\u00f3nde ser\u00e1n los pr\u00f3ximos viajes al exterior de Javier Milei?"},"content":{"rendered":"<p style=\"text-align: center;\"><em><strong>El Presidente sumar\u00e1 m\u00e1s millas de vuelo en los pr\u00f3ximos meses. Tiene previsto asistir a dos cumbres internacionales<\/strong><\/em><\/p>\n<p>&nbsp;<\/p>\n<p>&nbsp;<\/p>\n<p>&nbsp;<\/p>\n<p>Seg\u00fan el informe de gesti\u00f3n que present\u00f3 el jefe de Gabinete, Guillermo Francos, los viajes al exterior del presidente Javier Milei implicaron un gasto estatal de m\u00e1s de $2.308 millones. El documento dado a conocer por el Gobierno se\u00f1ala que entre enero y agosto de este a\u00f1o, Milei realiz\u00f3 trece viajes, incluyendo cinco a Estados Unidos, una visita al papa Francisco y varios para recibir premios personales.<\/p>\n<p>En los pr\u00f3ximos d\u00edas volver\u00e1 a sumar millas\u00a0 de vuelo al exterior. El Presidente prepara su sexto viaje a Estados Unidos, donde asistir\u00e1 a la Cumbre del Futuro 2024 de la Organizaci\u00f3n de las Naciones Unidas, que se desarrollar\u00e1 entre el 22 y 23 de septiembre en Nueva York.<\/p>\n<p>El primer viaje a suelo norteamericano fue en febrero cuando particip\u00f3 en la Conferencia Pol\u00edtica de Acci\u00f3n Conservadora (CPAC) que se realiz\u00f3 en Washington. El \u00faltimo ocurri\u00f3 en julio, cuando asisti\u00f3 a la Conferencia de Sun Valley en Idaho, en donde se reuni\u00f3 con los principales empresarios tecnol\u00f3gicos.<\/p>\n<p>La agenda presidencial en Manhattan a\u00fan no fue difundida, pero es posible que\u00a0 en esos d\u00edas se re\u00fana con empresarios y visite la Bolsa de Wall Street. Tampoco si inform\u00f3 mantendr\u00e1 encuentros bilaterales con otros mandatarios. La delegaci\u00f3n incluir\u00eda a la canciller Diana Mondino; el ministro de Econom\u00eda, Luis Caputo; la secretaria General de la Presidencia, Karina Milei; y el embajador argentino en Estados Unidos, Gerardo Werthein.<\/p>\n<p>Ser\u00e1 la primera vez que Milei exponga ante la ONU. Seg\u00fan el tiempo estipulado, su discurso deber\u00e1 extender\u00e1 por 15 minutos. Casi todos los mandatarios argentinos han reclamado por la soberan\u00eda de las Islas Malvinas en estos encuentros mundiales. Es posible que el l\u00edder libertario lo sume en su mensaje y pida adem\u00e1s por la liberaci\u00f3n de los rehenes secuestrados por Hamas.<\/p>\n<p>En la agenda de viajes al exterior, el jefe de Estado tiene marcada en su calendario la participaci\u00f3n en la Cumbre del G20, que tendr\u00e1 lugar en R\u00edo de Janeiro los d\u00edas 18 y 19 de noviembre. La expectativa estar\u00e1 puesta en la relaci\u00f3n distante entre los presidentes de Argentina y Brasil. Milei volvi\u00f3 a llamarlo &#8220;corrupto y comunista&#8221; a Lula de Silva y se expres\u00f3 a favor de la Elon Musk tras el fallo que bloque\u00f3 de la red social X.<\/p>\n<p>L\u00edderes de los 19 pa\u00edses miembros participar\u00e1n del encuentro, m\u00e1s la Uni\u00f3n Africana y la Uni\u00f3n Europea. El lema de esta cumbre, que tendr\u00e1 como anfitri\u00f3n a Lula de Silva, ser\u00e1: &#8220;Construyendo un mundo justo y un planeta sostenible&#8221;.<\/p>\n<p>Los temas del encuentro pasar\u00e1n por el desarrollo econ\u00f3mico y social global; la reducci\u00f3n del hambre, la pobreza y la desigualdad en todo el mundo; y as\u00ed desarrollo socioambiental que incluya una transici\u00f3n ecol\u00f3gica justa e inclusiva.<\/p>\n","protected":false},"excerpt":{"rendered":"<p>El Presidente sumar\u00e1 m\u00e1s millas de vuelo en los pr\u00f3ximos meses. Tiene previsto asistir a dos cumbres internacionales &nbsp; &nbsp; &nbsp; Seg\u00fan el informe de gesti\u00f3n que present\u00f3 el jefe de Gabinete, Guillermo Francos, los viajes al exterior del presidente Javier Milei implicaron un gasto estatal de m\u00e1s de $2.308 millones. El documento dado a conocer por el Gobierno se\u00f1ala que entre enero y agosto de este a\u00f1o, Milei realiz\u00f3 trece viajes, incluyendo cinco a Estados Unidos, una visita al papa Francisco y varios para recibir premios personales. En los&#8230;<\/p>\n","protected":false},"author":3,"featured_media":115419,"comment_status":"closed","ping_status":"closed","sticky":false,"template":"","format":"standard","meta":[],"categories":[9],"tags":[],"_links":{"self":[{"href":"https:\/\/www.actualidadadiario.com\/index.php\/wp-json\/wp\/v2\/posts\/119747"}],"collection":[{"href":"https:\/\/www.actualidadadiario.com\/index.php\/wp-json\/wp\/v2\/posts"}],"about":[{"href":"https:\/\/www.actualidadadiario.com\/index.php\/wp-json\/wp\/v2\/types\/post"}],"author":[{"embeddable":true,"href":"https:\/\/www.actualidadadiario.com\/index.php\/wp-json\/wp\/v2\/users\/3"}],"replies":[{"embeddable":true,"href":"https:\/\/www.actualidadadiario.com\/index.php\/wp-json\/wp\/v2\/comments?post=119747"}],"version-history":[{"count":1,"href":"https:\/\/www.actualidadadiario.com\/index.php\/wp-json\/wp\/v2\/posts\/119747\/revisions"}],"predecessor-version":[{"id":119748,"href":"https:\/\/www.actualidadadiario.com\/index.php\/wp-json\/wp\/v2\/posts\/119747\/revisions\/119748"}],"wp:featuredmedia":[{"embeddable":true,"href":"https:\/\/www.actualidadadiario.com\/index.php\/wp-json\/wp\/v2\/media\/115419"}],"wp:attachment":[{"href":"https:\/\/www.actualidadadiario.com\/index.php\/wp-json\/wp\/v2\/media?parent=119747"}],"wp:term":[{"taxonomy":"category","embeddable":true,"href":"https:\/\/www.actualidadadiario.com\/index.php\/wp-json\/wp\/v2\/categories?post=119747"},{"taxonomy":"post_tag","embeddable":true,"href":"https:\/\/www.actualidadadiario.com\/index.php\/wp-json\/wp\/v2\/tags?post=119747"}],"curies":[{"name":"wp","href":"https:\/\/api.w.org\/{rel}","templated":true}]}}