{"id":119745,"date":"2024-09-05T13:20:28","date_gmt":"2024-09-05T16:20:28","guid":{"rendered":"https:\/\/www.actualidadadiario.com\/?p=119745"},"modified":"2024-09-05T13:20:28","modified_gmt":"2024-09-05T16:20:28","slug":"otro-veto-de-milei-el-gobierno-adelanto-que-rechazara-la-ley-de-presupuesto-universitario","status":"publish","type":"post","link":"https:\/\/www.actualidadadiario.com\/index.php\/2024\/09\/05\/otro-veto-de-milei-el-gobierno-adelanto-que-rechazara-la-ley-de-presupuesto-universitario\/","title":{"rendered":"Otro veto de Milei: el Gobierno adelant\u00f3 que rechazar\u00e1 la ley de presupuesto universitario"},"content":{"rendered":"<p style=\"text-align: center;\"><em><strong>Tras el veto a las jubilaciones, el Gobierno contin\u00faa con la idea de no aprobar ninguna ley que &#8220;sacrifique el d\u00e9ficit fiscal&#8221;<\/strong><\/em><\/p>\n<p>&nbsp;<\/p>\n<p>&nbsp;<\/p>\n<p>Guillermo Francos asegur\u00f3 que el Gobierno rechazar\u00e1 el aumento de presupuesto a las universidades nacionales, en caso de que el Congreso apruebe el proyecto. &#8220;Se viene otro veto&#8221;, dijo. El jefe de Gabinete aclar\u00f3 que no van a aprobar una ley &#8220;que implique d\u00e9ficit fiscal&#8221;.<\/p>\n<p>Esta semana, el presidente Javier Milei firm\u00f3 el veto total de la ley de movilidad jubilatoria, por ser &#8220;manifiestamente violatoria del marco jur\u00eddico vigente&#8221;, adem\u00e1s de que la medida implicaba un &#8220;aumento del costo fiscal&#8221;.<\/p>\n<p>&nbsp;<\/p>\n<p><strong>Veto al aumento de presupuesto universitario<\/strong><\/p>\n<p>La sesi\u00f3n para debatir el aumento presupuestario estaba prevista para esta semana, pero se reprogram\u00f3, junto a los otros proyectos que est\u00e1n en el temario. La nueva cita en el recinto es para el jueves 12 de septiembre.<\/p>\n<p>El objetivo es garantizar la protecci\u00f3n y el sostenimiento de todas las universidades, adem\u00e1s del aumento de los salarios de docentes y no docentes. El proyecto ya tiene media sanci\u00f3n de la C\u00e1mara de Diputados, por lo que le falta la aprobaci\u00f3n en el Senado.<\/p>\n<p>En di\u00e1logo con el canal de cable Todo Noticias (TN), Francos asegur\u00f3 que &#8220;toda norma que implique un gasto que no tenga los recursos correspondientes o su partida presupuestaria, por supuesto que ser\u00e1 vetada&#8221;.<\/p>\n<p>Su declaraci\u00f3n est\u00e1 en consonancia con su discurso luego del veto al aumento de jubilaciones. Seg\u00fan dijo, &#8220;no constituye un acto maduro y responsable&#8221; y asegur\u00f3 que las jubilaciones se recuperaron.<\/p>\n<p>El funcionario present\u00f3 este mi\u00e9rcoles su primer informe de gesti\u00f3n como jefe de Gabinete, tras la salida de Nicol\u00e1s Posse del Gobierno. All\u00ed la oposici\u00f3n dialoguista le pidi\u00f3 que &#8220;interact\u00fae m\u00e1s&#8221; con las dos C\u00e1maras.<\/p>\n<p>Seg\u00fan pudo saber este medio de fuentes de Casa Rosada, es posible que Francos empiece a tener reuniones con los dialoguistas nuevamente &#8220;porque se lo est\u00e1n pidiendo&#8221;.<\/p>\n","protected":false},"excerpt":{"rendered":"<p>Tras el veto a las jubilaciones, el Gobierno contin\u00faa con la idea de no aprobar ninguna ley que &#8220;sacrifique el d\u00e9ficit fiscal&#8221; &nbsp; &nbsp; Guillermo Francos asegur\u00f3 que el Gobierno rechazar\u00e1 el aumento de presupuesto a las universidades nacionales, en caso de que el Congreso apruebe el proyecto. &#8220;Se viene otro veto&#8221;, dijo. El jefe de Gabinete aclar\u00f3 que no van a aprobar una ley &#8220;que implique d\u00e9ficit fiscal&#8221;. Esta semana, el presidente Javier Milei firm\u00f3 el veto total de la ley de movilidad jubilatoria, por ser &#8220;manifiestamente violatoria del&#8230;<\/p>\n","protected":false},"author":3,"featured_media":118286,"comment_status":"closed","ping_status":"closed","sticky":false,"template":"","format":"standard","meta":[],"categories":[18],"tags":[],"_links":{"self":[{"href":"https:\/\/www.actualidadadiario.com\/index.php\/wp-json\/wp\/v2\/posts\/119745"}],"collection":[{"href":"https:\/\/www.actualidadadiario.com\/index.php\/wp-json\/wp\/v2\/posts"}],"about":[{"href":"https:\/\/www.actualidadadiario.com\/index.php\/wp-json\/wp\/v2\/types\/post"}],"author":[{"embeddable":true,"href":"https:\/\/www.actualidadadiario.com\/index.php\/wp-json\/wp\/v2\/users\/3"}],"replies":[{"embeddable":true,"href":"https:\/\/www.actualidadadiario.com\/index.php\/wp-json\/wp\/v2\/comments?post=119745"}],"version-history":[{"count":1,"href":"https:\/\/www.actualidadadiario.com\/index.php\/wp-json\/wp\/v2\/posts\/119745\/revisions"}],"predecessor-version":[{"id":119746,"href":"https:\/\/www.actualidadadiario.com\/index.php\/wp-json\/wp\/v2\/posts\/119745\/revisions\/119746"}],"wp:featuredmedia":[{"embeddable":true,"href":"https:\/\/www.actualidadadiario.com\/index.php\/wp-json\/wp\/v2\/media\/118286"}],"wp:attachment":[{"href":"https:\/\/www.actualidadadiario.com\/index.php\/wp-json\/wp\/v2\/media?parent=119745"}],"wp:term":[{"taxonomy":"category","embeddable":true,"href":"https:\/\/www.actualidadadiario.com\/index.php\/wp-json\/wp\/v2\/categories?post=119745"},{"taxonomy":"post_tag","embeddable":true,"href":"https:\/\/www.actualidadadiario.com\/index.php\/wp-json\/wp\/v2\/tags?post=119745"}],"curies":[{"name":"wp","href":"https:\/\/api.w.org\/{rel}","templated":true}]}}