{"id":119742,"date":"2024-09-05T12:14:35","date_gmt":"2024-09-05T15:14:35","guid":{"rendered":"https:\/\/www.actualidadadiario.com\/?p=119742"},"modified":"2024-09-05T12:14:35","modified_gmt":"2024-09-05T15:14:35","slug":"paro-de-docentes-universitarios-reclaman-la-aprobacion-de-la-ley-de-financiamiento","status":"publish","type":"post","link":"https:\/\/www.actualidadadiario.com\/index.php\/2024\/09\/05\/paro-de-docentes-universitarios-reclaman-la-aprobacion-de-la-ley-de-financiamiento\/","title":{"rendered":"Paro de docentes universitarios: reclaman la aprobaci\u00f3n de la Ley de Financiamiento"},"content":{"rendered":"<p style=\"text-align: center;\"><em><strong>Se trata de una normativa clave para el funcionamiento de las universidades p\u00fablicas y la recomposici\u00f3n salarial de docentes y no docentes<\/strong><\/em><\/p>\n<p>&nbsp;<\/p>\n<p>&nbsp;<\/p>\n<p>Este jueves, docentes universitarios de todo el pa\u00eds llevan adelante un paro nacional de 24 horas convocado por la CONADU Hist\u00f3rica. La medida de fuerza se da en reclamo por la falta de tratamiento en el Congreso de la Ley de Financiamiento Universitario, una normativa clave para el funcionamiento de las universidades p\u00fablicas y la recomposici\u00f3n salarial de docentes y no docentes.<\/p>\n<p>&nbsp;<\/p>\n<p><strong>Qu\u00e9 se reclama<\/strong><\/p>\n<p>El proyecto de Ley de Financiamiento Universitario plantea dos puntos centrales:<\/p>\n<p>Actualizaci\u00f3n del presupuesto universitario: Se exige que el Poder Ejecutivo ajuste las partidas presupuestarias destinadas al funcionamiento de las universidades p\u00fablicas desde el 1 de enero de 2024 hasta el 31 de diciembre de 2024, de forma bimestral y en funci\u00f3n del \u00cdndice de Precios al Consumidor (IPC). Esto garantizar\u00eda que los fondos que reciben las universidades se ajusten de acuerdo a la inflaci\u00f3n.<\/p>\n<p>Recomposici\u00f3n salarial: La ley tambi\u00e9n contempla aumentos salariales para los docentes y no docentes universitarios a partir del 1 de diciembre de 2023 y hasta el 31 de diciembre de 2024. Estos incrementos se realizar\u00edan de manera mensual y estar\u00edan ajustados conforme a la inflaci\u00f3n acumulada informada por el Instituto Nacional de Estad\u00edstica y Censos (INDEC).<\/p>\n<p>&nbsp;<\/p>\n<p><strong>Postergaci\u00f3n en el Congreso<\/strong><\/p>\n<p>El paro se produce luego de que la comisi\u00f3n de labor parlamentaria del Congreso decidiera postergar el tratamiento de la ley para la pr\u00f3xima semana. Esta dilaci\u00f3n gener\u00f3 malestar en la comunidad universitaria, que considera urgente la aprobaci\u00f3n de la normativa para asegurar el correcto funcionamiento de las instituciones educativas y una mejora en las condiciones laborales de los trabajadores.<\/p>\n","protected":false},"excerpt":{"rendered":"<p>Se trata de una normativa clave para el funcionamiento de las universidades p\u00fablicas y la recomposici\u00f3n salarial de docentes y no docentes &nbsp; &nbsp; Este jueves, docentes universitarios de todo el pa\u00eds llevan adelante un paro nacional de 24 horas convocado por la CONADU Hist\u00f3rica. La medida de fuerza se da en reclamo por la falta de tratamiento en el Congreso de la Ley de Financiamiento Universitario, una normativa clave para el funcionamiento de las universidades p\u00fablicas y la recomposici\u00f3n salarial de docentes y no docentes. &nbsp; Qu\u00e9 se reclama&#8230;<\/p>\n","protected":false},"author":3,"featured_media":119743,"comment_status":"closed","ping_status":"closed","sticky":false,"template":"","format":"standard","meta":[],"categories":[2],"tags":[],"_links":{"self":[{"href":"https:\/\/www.actualidadadiario.com\/index.php\/wp-json\/wp\/v2\/posts\/119742"}],"collection":[{"href":"https:\/\/www.actualidadadiario.com\/index.php\/wp-json\/wp\/v2\/posts"}],"about":[{"href":"https:\/\/www.actualidadadiario.com\/index.php\/wp-json\/wp\/v2\/types\/post"}],"author":[{"embeddable":true,"href":"https:\/\/www.actualidadadiario.com\/index.php\/wp-json\/wp\/v2\/users\/3"}],"replies":[{"embeddable":true,"href":"https:\/\/www.actualidadadiario.com\/index.php\/wp-json\/wp\/v2\/comments?post=119742"}],"version-history":[{"count":1,"href":"https:\/\/www.actualidadadiario.com\/index.php\/wp-json\/wp\/v2\/posts\/119742\/revisions"}],"predecessor-version":[{"id":119744,"href":"https:\/\/www.actualidadadiario.com\/index.php\/wp-json\/wp\/v2\/posts\/119742\/revisions\/119744"}],"wp:featuredmedia":[{"embeddable":true,"href":"https:\/\/www.actualidadadiario.com\/index.php\/wp-json\/wp\/v2\/media\/119743"}],"wp:attachment":[{"href":"https:\/\/www.actualidadadiario.com\/index.php\/wp-json\/wp\/v2\/media?parent=119742"}],"wp:term":[{"taxonomy":"category","embeddable":true,"href":"https:\/\/www.actualidadadiario.com\/index.php\/wp-json\/wp\/v2\/categories?post=119742"},{"taxonomy":"post_tag","embeddable":true,"href":"https:\/\/www.actualidadadiario.com\/index.php\/wp-json\/wp\/v2\/tags?post=119742"}],"curies":[{"name":"wp","href":"https:\/\/api.w.org\/{rel}","templated":true}]}}