{"id":11974,"date":"2017-05-23T09:43:21","date_gmt":"2017-05-23T12:43:21","guid":{"rendered":"http:\/\/actualidadadiario.com\/site\/?p=11974"},"modified":"2017-05-23T10:19:48","modified_gmt":"2017-05-23T13:19:48","slug":"tras-lograr-el-acuerdo-con-docentes-convocaran-a-ate-y-upcn","status":"publish","type":"post","link":"https:\/\/www.actualidadadiario.com\/index.php\/2017\/05\/23\/tras-lograr-el-acuerdo-con-docentes-convocaran-a-ate-y-upcn\/","title":{"rendered":"Tras lograr el acuerdo con docentes, convocar\u00e1n a ATE y Upcn"},"content":{"rendered":"<p><em><strong>El ministro Ballay celebr\u00f3 la aceptaci\u00f3n de la propuesta salarial por parte de los docentes. Los jubilados percibir\u00e1n el incremento en junio. Dijo que en los pr\u00f3ximos d\u00edas se convocar\u00eda a ATE y UPCN<\/strong><\/em><\/p>\n<p>&nbsp;<\/p>\n<p>&nbsp;<\/p>\n<p>&nbsp;<\/p>\n<p>La oferta salarial que el Gobierno provincial propuso a los gremios docentes consiste en adelantar el pago de los tramos de aumento salarial, pero manteniendo el mismo porcentaje del 23,5 por ciento. Se acord\u00f3 sumar al seis por ciento ya otorgado en marzo pasado, un cuatro por ciento desde mayo y un 13,5 por ciento desde agosto.<\/p>\n<p>&nbsp;<\/p>\n<p>El ministro de Econom\u00eda, Hugo Ballay, dijo que, &#8220;Desde el primer d\u00eda de gesti\u00f3n, el gobernador Bordet nos pidi\u00f3 hacer todo en base al di\u00e1logo y al consenso. Reconocemos en los dirigentes gremiales, su mayor aspiraci\u00f3n a lograr el mayor beneficio para sus agremiados, pero desde el Gobierno lo tenemos que hacer con la responsabilidad suficiente que el ofrecimiento se haga, pueda cumplirse en t\u00e9rmino, como lo estamos haciendo en los primeros meses de este a\u00f1o&#8221;.<\/p>\n<p>&nbsp;<\/p>\n<p>El ministro apunt\u00f3 que este cambio en el ofrecimiento salarial, &#8220;implicar\u00e1 un costo fiscal adicional para la provincia, pero entendemos que esto es parte del esfuerzo que ten\u00edamos que hacer para lograr el consenso&#8221;.<\/p>\n<p>&nbsp;<\/p>\n<p>A la vez, asegur\u00f3, &#8220;lo que el Gobernador expres\u00f3 en su mensaje a la Legislatura, se sostiene: que ning\u00fan empleado del Estado principal va a cobrar por debajo de lo que represente el \u00edndice de inflaci\u00f3n de 2017&#8221;.<\/p>\n<p>&nbsp;<\/p>\n<p>Con los docentes &#8220;celebraremos un acta paritaria, porque as\u00ed lo hab\u00edan pedido en la \u00faltima reuni\u00f3n. Como la paritaria docente est\u00e1 cerrada, hay que hacer una reapertura y un acta&#8221;, explic\u00f3 el ministro.<\/p>\n<p>&nbsp;<\/p>\n<p>En los salarios del sector docente &#8220;hay un condicionamiento que es el de los aportes del gobierno nacional que hasta el a\u00f1o pasado, acompa\u00f1aba los incrementos con el FONID; en este caso, decidi\u00f3 mantener el mismo valor. Este \u00faltimo ofrecimiento nuestro pretende compensar esto. Ese esfuerzo lo haremos con fondos provinciales&#8221;.<\/p>\n<p>&nbsp;<\/p>\n<p>&nbsp;<\/p>\n<p><strong>Analizar\u00e1n el descuento de los d\u00edas de paro<\/strong><\/p>\n<p>&#8220;El congreso de Agmer facult\u00f3 a la comisi\u00f3n directiva a seguir dialogando, creo que esto es lo mejor. Ellos traer\u00e1n el tema de los paros descontados a la mesa, pero no solo ese tema, hay una resoluci\u00f3n del CGE que nosotros propusimos discutir y modificarla en la misma mesa. Los invitamos a hacer reuniones t\u00e9cnicas. Seguramente de aqu\u00ed a fin de a\u00f1o, habr\u00e1 much\u00edsimos temas que tocar con los gremios docentes&#8221;, asever\u00f3 adem\u00e1s, Ballay.<\/p>\n<p>&nbsp;<\/p>\n<p>Respecto de los paros docentes acot\u00f3: &#8220;Cumplimos en que los nueve posteriores, los dejamos en suspenso. Entendiendo que el llegar a una aceptaci\u00f3n de la pauta salarial, permitir\u00eda el no descuento de esos d\u00edas&#8221;.<\/p>\n<p>&nbsp;<\/p>\n<p>&nbsp;<\/p>\n<p><strong>Aumento a jubilados<\/strong><\/p>\n<p>&#8220;Por el sistema de liquidaci\u00f3n que tienen los jubilados, al incremento lo perciben al mes inmediato siguiente. Cualquier pauta salarial que demos al sector los activos de la administraci\u00f3n, se refleja inmediatamente por el sistema de mantener el 82 % m\u00f3vil&#8221;, puso relevancia el ministro.<\/p>\n<p>&nbsp;<\/p>\n<p>&nbsp;<\/p>\n<p><strong>Convocatoria UPCN y ATE <\/strong><\/p>\n<p>Asimismo Ballay, mencion\u00f3 que a ATE y Upcn &#8220;los estaremos convocando en el transcurso de esta semana o de la semana pr\u00f3xima, para acercarle una propuesta&#8221;. No precis\u00f3 si ser\u00e1 la misma propuesta que se hizo a los docentes.<\/p>\n<p>&nbsp;<\/p>\n<p>&nbsp;<\/p>\n<p><strong>Situaci\u00f3n de la provincia<\/strong><\/p>\n<p>&#8220;El esfuerzo en el que estamos trabajando, hace pensar en tener una proyecci\u00f3n de 2017, mucho mejor que el 2016. Fundamentalmente lo hacemos, trabajando d\u00eda a d\u00eda, con la calidad del gasto. Hoy el d\u00e9ficit de la provincia pasa por el sistema previsional, estamos trabajando, tenemos que analizarlo&#8221;. Enseguida aclar\u00f3 que &#8220;no se est\u00e1 trabajando en ning\u00fan proyecto de ley para modificar el sistema jubilatoria&#8221;.<\/p>\n","protected":false},"excerpt":{"rendered":"<p>El ministro Ballay celebr\u00f3 la aceptaci\u00f3n de la propuesta salarial por parte de los docentes. Los jubilados percibir\u00e1n el incremento en junio. Dijo que en los pr\u00f3ximos d\u00edas se convocar\u00eda a ATE y UPCN &nbsp; &nbsp; &nbsp; La oferta salarial que el Gobierno provincial propuso a los gremios docentes consiste en adelantar el pago de los tramos de aumento salarial, pero manteniendo el mismo porcentaje del 23,5 por ciento. Se acord\u00f3 sumar al seis por ciento ya otorgado en marzo pasado, un cuatro por ciento desde mayo y un 13,5&#8230;<\/p>\n","protected":false},"author":3,"featured_media":11975,"comment_status":"closed","ping_status":"closed","sticky":false,"template":"","format":"standard","meta":[],"categories":[9],"tags":[],"_links":{"self":[{"href":"https:\/\/www.actualidadadiario.com\/index.php\/wp-json\/wp\/v2\/posts\/11974"}],"collection":[{"href":"https:\/\/www.actualidadadiario.com\/index.php\/wp-json\/wp\/v2\/posts"}],"about":[{"href":"https:\/\/www.actualidadadiario.com\/index.php\/wp-json\/wp\/v2\/types\/post"}],"author":[{"embeddable":true,"href":"https:\/\/www.actualidadadiario.com\/index.php\/wp-json\/wp\/v2\/users\/3"}],"replies":[{"embeddable":true,"href":"https:\/\/www.actualidadadiario.com\/index.php\/wp-json\/wp\/v2\/comments?post=11974"}],"version-history":[{"count":1,"href":"https:\/\/www.actualidadadiario.com\/index.php\/wp-json\/wp\/v2\/posts\/11974\/revisions"}],"predecessor-version":[{"id":11976,"href":"https:\/\/www.actualidadadiario.com\/index.php\/wp-json\/wp\/v2\/posts\/11974\/revisions\/11976"}],"wp:featuredmedia":[{"embeddable":true,"href":"https:\/\/www.actualidadadiario.com\/index.php\/wp-json\/wp\/v2\/media\/11975"}],"wp:attachment":[{"href":"https:\/\/www.actualidadadiario.com\/index.php\/wp-json\/wp\/v2\/media?parent=11974"}],"wp:term":[{"taxonomy":"category","embeddable":true,"href":"https:\/\/www.actualidadadiario.com\/index.php\/wp-json\/wp\/v2\/categories?post=11974"},{"taxonomy":"post_tag","embeddable":true,"href":"https:\/\/www.actualidadadiario.com\/index.php\/wp-json\/wp\/v2\/tags?post=11974"}],"curies":[{"name":"wp","href":"https:\/\/api.w.org\/{rel}","templated":true}]}}